{"id":2903,"date":"2006-09-04T11:54:01","date_gmt":"2006-09-04T08:54:01","guid":{"rendered":"http:\/\/www.ced.org.tr\/?p=2903"},"modified":"2014-05-21T01:31:33","modified_gmt":"2014-05-20T22:31:33","slug":"referandum-2006","status":"publish","type":"post","link":"http:\/\/www.ced.org.tr\/?p=2903","title":{"rendered":"REFERANDUM 2006"},"content":{"rendered":"<p><font size=\"5\">&nbsp;&nbsp;&nbsp;&nbsp;&nbsp;&nbsp;&nbsp;&nbsp;&nbsp;&nbsp;&nbsp;&nbsp;&nbsp;&nbsp; REFERANDUM<span>&nbsp; <\/span>2006<\/font> <span style=\"font-size: 18pt\"><font face=\"Times New Roman\" color=\"#000000\">&nbsp;<\/font><\/span> <\/p>\n<p style=\"margin: 0cm 0cm 0pt\" class=\"MsoNormal\"><span style=\"font-size: 14pt\"><font color=\"#000000\"><font face=\"Times New Roman\"><span>&nbsp;&nbsp;&nbsp;&nbsp;&nbsp; <\/span>H&uuml;k&uuml;met&rsquo;in IMF ye sundu\u011fu niyet mektubunda Sosyal G&uuml;venlik Kurumu ve Sosyal Sigortalar ve Genel Sa\u011fl\u0131k Sigortas\u0131 yasalar\u0131n\u0131n en ge&ccedil; Mart ay\u0131na kadar TBMM Genel Kurulu&rsquo;nda kabul edilmesi s&ouml;z&uuml; verildi.Kamuoyunda GSS olarak ge&ccedil;en yasa tasar\u0131s\u0131 \u015fu g&uuml;nlerde meclisten &ccedil;\u0131kmak &uuml;zere.40 maddeden olu\u015fan yasa tasar\u0131s\u0131 meclis g&uuml;ndeminde ve g&ouml;r&uuml;\u015f&uuml;lmeyen sadece 8 maddesinin kald\u0131\u011f\u0131 bilinen GSS yasas\u0131 meclisten tek bir yasa olarak &ccedil;\u0131kar\u0131lmak isteniyor.<\/font><\/font><\/span><\/p>\n<p><span style=\"font-size: 18pt\"><font color=\"#000000\"><font face=\"Times New Roman\">&nbsp;&nbsp;&nbsp;&nbsp;&nbsp;&nbsp;&nbsp;&nbsp;&nbsp;&nbsp;&nbsp;&nbsp;&nbsp;&nbsp;&nbsp; REFERANDUM<span>&nbsp; <\/span>2006<\/font><\/font><\/span><span style=\"font-size: 18pt\"><font face=\"Times New Roman\" color=\"#000000\">&nbsp;<\/font><\/span> <\/p>\n<p style=\"margin: 0cm 0cm 0pt\" class=\"MsoNormal\"><span style=\"font-size: 14pt\"><font color=\"#000000\"><font face=\"Times New Roman\"><span>&nbsp;&nbsp;&nbsp;&nbsp;&nbsp; <\/span>H&uuml;k&uuml;met&rsquo;in IMF ye sundu\u011fu niyet mektubunda Sosyal G&uuml;venlik Kurumu ve Sosyal Sigortalar ve Genel Sa\u011fl\u0131k Sigortas\u0131 yasalar\u0131n\u0131n en ge&ccedil; Mart ay\u0131na kadar TBMM Genel Kurulu&rsquo;nda kabul edilmesi s&ouml;z&uuml; verildi.Kamuoyunda GSS olarak ge&ccedil;en yasa tasar\u0131s\u0131 \u015fu g&uuml;nlerde meclisten &ccedil;\u0131kmak &uuml;zere.40 maddeden olu\u015fan yasa tasar\u0131s\u0131 meclis g&uuml;ndeminde ve g&ouml;r&uuml;\u015f&uuml;lmeyen sadece 8 maddesinin kald\u0131\u011f\u0131 bilinen GSS yasas\u0131 meclisten tek bir yasa olarak &ccedil;\u0131kar\u0131lmak isteniyor.<\/font><\/font><\/span><\/p>\n<p><span style=\"font-size: 14pt\"><font color=\"#000000\"><\/font><\/span>&nbsp; <\/p>\n<p style=\"margin: 0cm 0cm 0pt\" class=\"MsoNormal\"><span style=\"font-size: 14pt\"><font color=\"#000000\"><font face=\"Times New Roman\"><span>&nbsp;&nbsp;&nbsp;&nbsp;&nbsp; <\/span>&Uuml;lke genelini yak\u0131ndan ilgilendiren b&ouml;ylesine ya\u015famsal bir konuda halk\u0131n da bu s&uuml;rece kat\u0131lmas\u0131 gerekti\u011fi d&uuml;\u015f&uuml;ncesiyle hareket eden Emek Platformu \u0130stanbul Bile\u015fenleri, yasa tasar\u0131s\u0131n\u0131n halk\u0131n onay\u0131na sunulmas\u0131n\u0131n demokratik bir tav\u0131r oldu\u011fu saptamas\u0131yla referanduma gitti.<\/font><\/font><\/span><\/p>\n<p><span style=\"font-size: 14pt\"><font color=\"#000000\"><\/font><\/span>&nbsp; <\/p>\n<p style=\"margin: 0cm 0cm 0pt\" class=\"MsoNormal\"><span style=\"font-size: 14pt\"><font color=\"#000000\"><font face=\"Times New Roman\"><span>&nbsp;&nbsp;&nbsp;&nbsp;&nbsp; <\/span>Bu tespitle Emek Platformu \u0130stanbul Bile\u015fenleri &ldquo;Herkese Sa\u011fl\u0131k G&uuml;venli Gelecek Hakk\u0131 \u0130&ccedil;in Birle\u015fik M&uuml;cadele&rdquo; ve &ldquo;Biz Kar\u015f\u0131 &Ccedil;\u0131kmazsak&rdquo; ba\u015fl\u0131klar\u0131yla GSS&rsquo;na kar\u015f\u0131 bir dizi eylem ba\u015flatt\u0131.<\/font><\/font><\/span><\/p>\n<p><span style=\"font-size: 14pt\"><font color=\"#000000\"><\/font><\/span>&nbsp; <\/p>\n<p style=\"margin: 0cm 0cm 0pt\" class=\"MsoNormal\"><span style=\"font-size: 14pt\"><font color=\"#000000\"><font face=\"Times New Roman\"><span>&nbsp;&nbsp;&nbsp;&nbsp;&nbsp; <\/span>Galatasaray&rsquo;da yap\u0131lan bas\u0131n a&ccedil;\u0131klamas\u0131 ile ba\u015flayan s&uuml;re&ccedil;te &ccedil;e\u015fitli el ilan\u0131 ve afi\u015f &ccedil;al\u0131\u015fmalar\u0131yla ve halka a&ccedil;\u0131k alanlarda imza toplama<span>&nbsp; <\/span>kampanyalar\u0131yla halka GSS n\u0131n ger&ccedil;ek y&uuml;z&uuml; anlat\u0131ld\u0131.<\/font><\/font><\/span><\/p>\n<p><span style=\"font-size: 14pt\"><font color=\"#000000\"><\/font><\/span>&nbsp; <\/p>\n<p style=\"margin: 0cm 0cm 0pt\" class=\"MsoNormal\"><span style=\"font-size: 14pt\"><font color=\"#000000\"><font face=\"Times New Roman\"><span>&nbsp;&nbsp;&nbsp;&nbsp;&nbsp; <\/span>Meclisin GSS yasa tasar\u0131s\u0131 konusunda yetki ve sorumlulu\u011funu halkla payla\u015fmas\u0131 gerekti\u011fini s&ouml;yleyen Emek Platformu yasa tasar\u0131s\u0131n\u0131 halk\u0131n onay\u0131na sunmaya karar verdi.<\/font><\/font><\/span><\/p>\n<p><span style=\"font-size: 14pt\"><font color=\"#000000\"><\/font><\/span>&nbsp; <\/p>\n<p style=\"margin: 0cm 0cm 0pt\" class=\"MsoNormal\"><span style=\"font-size: 14pt\"><font color=\"#000000\"><font face=\"Times New Roman\"><span>&nbsp;&nbsp;&nbsp;&nbsp;&nbsp;&nbsp; <\/span>TTB D\u0130SK KESK ve TMMOB&rsquo;un &ccedil;a\u011fr\u0131s\u0131n\u0131 &uuml;stlendi\u011fi REFERANDUM 2006 27 Mart-01 Nisan tarihleri aras\u0131nda yap\u0131ld\u0131.Referandumda hedef 1 milyon &ldquo;HAYIR&rdquo; oyuna ula\u015fmakt\u0131.\u0130lan edilmi\u015f ve edilmemi\u015f her yerde kurulan 2892 sand\u0131k ve internette oy kullan\u0131labildi.Halk\u0131n yo\u011fun ilgi g&ouml;sterdi\u011fi referandumda 2.266.598 ki\u015fi oy kulland\u0131. Kullan\u0131lan oylarda 2.253.275 HAYIR oyu &ccedil;\u0131karken GSS yasas\u0131na 13.323 ki\u015fi EVET oyu kulland\u0131.<\/font><\/font><\/span><\/p>\n<p><span style=\"font-size: 14pt\"><font color=\"#000000\"><\/font><\/span>&nbsp; <\/p>\n<p style=\"margin: 0cm 0cm 0pt\" class=\"MsoNormal\"><span style=\"font-size: 14pt\"><font color=\"#000000\"><font face=\"Times New Roman\"><span>&nbsp;&nbsp;&nbsp;&nbsp;&nbsp; <\/span>Referandum sonu&ccedil;lar\u0131 04.04.2006 Sal\u0131 g&uuml;n&uuml; TTB Genel Merkezi&rsquo;nde yap\u0131lan bir bas\u0131n toplant\u0131s\u0131yla a&ccedil;\u0131kland\u0131.A&ccedil;\u0131klamay\u0131 yapan TTB 2.Ba\u015fkan\u0131 Metin Bakkalc\u0131 b&ouml;yle bir etkinli\u011fin T&uuml;rkiye de ilk defa yap\u0131ld\u0131\u011f\u0131na dikkat &ccedil;ekerek &ldquo;\u015eimdi vekillerin g&ouml;revinin bu yasa tasar\u0131s\u0131n\u0131 geri &ccedil;ekmektir&rdquo; dedi .Bakkalc\u0131, referandum sonucunun tasar\u0131n\u0131n geri &ccedil;ekilmesi i&ccedil;in yetmesi gerekti\u011fini,tasar\u0131n\u0131n geri &ccedil;ekilmemesi durumunda ise s&uuml;recin devam edece\u011fini bu durumda planlanan &rdquo;\u0130nsanca Ya\u015fam \u0130&ccedil;in B&uuml;y&uuml;k Y&uuml;r&uuml;y&uuml;\u015f&rdquo; &uuml;n ba\u015flat\u0131laca\u011f\u0131n\u0131 duyurdu.<\/font><\/font><\/span><\/p>\n<p><span style=\"font-size: 14pt\"><font color=\"#000000\"><\/font><\/span>&nbsp; <\/p>\n<p style=\"margin: 0cm 0cm 0pt\" class=\"MsoNormal\"><span style=\"font-size: 14pt\"><font color=\"#000000\"><font face=\"Times New Roman\"><span>&nbsp;&nbsp;&nbsp;&nbsp;&nbsp; <\/span>T&uuml;rkiye&rsquo;de GSS yasa tasar\u0131s\u0131na y&ouml;nelik toplumsal<span>&nbsp; <\/span>muhalefet &ouml;rg&uuml;tlenip y&uuml;kseltilmeye &ccedil;al\u0131\u015f\u0131l\u0131rken bir Avrupa &uuml;lkesinde ise demokrasinin i\u015fleyi\u015fini ve sonucunu 2 ayd\u0131r izlemekteyiz.Fransa&rsquo;da h&uuml;k&uuml;met uygulamaya koydu\u011fu i\u015f yasas\u0131n\u0131 olu\u015fan muhalefet nedeniyle geri &ccedil;ekmek zorunda kald\u0131.<\/font><\/font><\/span><\/p>\n<p><span style=\"font-size: 14pt\"><font color=\"#000000\"><\/font><\/span>&nbsp; <\/p>\n<p style=\"margin: 0cm 0cm 0pt\" class=\"MsoNormal\"><span style=\"font-size: 14pt\"><font color=\"#000000\"><font face=\"Times New Roman\"><span>&nbsp;&nbsp;&nbsp;&nbsp;&nbsp; <\/span>Ge&ccedil;en ay Fransa&rsquo;da y&uuml;r&uuml;rl&uuml;\u011fe konulan i\u015f yasas\u0131na g&ouml;re 26 ya\u015f\u0131n alt\u0131ndaki &ccedil;al\u0131\u015fanlar ilk 2 y\u0131l i&ccedil;erisinde i\u015fvereni taraf\u0131ndan tazminats\u0131z ve gerek&ccedil;esiz i\u015ften at\u0131labilecekti. Yasan\u0131n y&uuml;r&uuml;rl&uuml;\u011fe sokulmas\u0131yla Fransa&rsquo;da &ouml;\u011frenci birlikleri ve i\u015f&ccedil;i sendikalar\u0131 &uuml;lkede yakla\u015f\u0131k 2 ay s&uuml;ren bir protesto ve genel grev hali s&uuml;rd&uuml;rd&uuml;ler.Ya\u015fanan yo\u011fun s&uuml;re&ccedil; cumhurba\u015fkan\u0131 Chirac&rsquo;\u0131n ,h&uuml;k&uuml;met,i\u015f&ccedil;i sendikalar\u0131 ve &ouml;\u011frenci birlikleriyle yapt\u0131\u011f\u0131 zirve sonucunda yasay\u0131 geri &ccedil;ektiklerini ve t&uuml;m ele\u015ftirileri dikkate alarak yeniden de\u011ferlendirilece\u011fini a&ccedil;\u0131klamas\u0131yla sona erdi.<\/font><\/font><\/span><\/p>\n<p><span style=\"font-size: 14pt\"><font color=\"#000000\"><\/font><\/span>&nbsp; <\/p>\n<p style=\"margin: 0cm 0cm 0pt\" class=\"MsoNormal\"><span style=\"font-size: 14pt\"><font color=\"#000000\"><font face=\"Times New Roman\"><span>&nbsp;&nbsp;&nbsp;&nbsp;&nbsp; <\/span>Fransa&rsquo;da ya\u015fanan bu demokrasi &ouml;rne\u011finin T&uuml;rkiye&rsquo;de de benzer bir anlay\u0131\u015f<span>&nbsp; <\/span>olu\u015fturulmas\u0131na katk\u0131 vermesi a&ccedil;\u0131s\u0131ndan anlaml\u0131 oldu\u011fu d&uuml;\u015f&uuml;ncesindeyiz.<\/font><\/font><\/span><span style=\"font-size: 14pt\"><font color=\"#000000\"><font face=\"Times New Roman\"><span>&nbsp;&nbsp;&nbsp;&nbsp;&nbsp;&nbsp;&nbsp;&nbsp;&nbsp;&nbsp;&nbsp;&nbsp;&nbsp;&nbsp;&nbsp;&nbsp;&nbsp;&nbsp;&nbsp;&nbsp;&nbsp;&nbsp;&nbsp;&nbsp;&nbsp;&nbsp;&nbsp;&nbsp;&nbsp;&nbsp;&nbsp;&nbsp;&nbsp;&nbsp;&nbsp;&nbsp;&nbsp;&nbsp;&nbsp;&nbsp;&nbsp;&nbsp;&nbsp;&nbsp;&nbsp;<\/span><span>&nbsp;&nbsp;&nbsp;&nbsp;&nbsp;&nbsp;&nbsp;&nbsp; <\/span><\/font><\/font><\/span><\/p>\n","protected":false},"excerpt":{"rendered":"<p>&nbsp;&nbsp;&nbsp;&nbsp;&nbsp;&nbsp;&nbsp;&nbsp;&nbsp;&nbsp;&nbsp;&nbsp;&nbsp;&nbsp; REFERANDUM&nbsp; 2006 &nbsp; &nbsp;&nbsp;&nbsp;&nbsp;&nbsp; H&uuml;k&uuml;met&rsquo;in IMF ye sundu\u011fu niyet mektubunda Sosyal G&uuml;venlik Kurumu ve Sosyal Sigortalar ve Genel Sa\u011fl\u0131k&#46;&#46;&#46;<\/p>\n","protected":false},"author":11,"featured_media":0,"comment_status":"closed","ping_status":"closed","sticky":false,"template":"","format":"standard","meta":{"_jetpack_memberships_contains_paid_content":false,"footnotes":""},"categories":[53],"tags":[],"class_list":["post-2903","post","type-post","status-publish","format-standard","hentry","category-ecz-ferda-gocener"],"aioseo_notices":[],"jetpack_featured_media_url":"","jetpack_sharing_enabled":true,"jetpack-related-posts":[],"_links":{"self":[{"href":"http:\/\/www.ced.org.tr\/index.php?rest_route=\/wp\/v2\/posts\/2903","targetHints":{"allow":["GET"]}}],"collection":[{"href":"http:\/\/www.ced.org.tr\/index.php?rest_route=\/wp\/v2\/posts"}],"about":[{"href":"http:\/\/www.ced.org.tr\/index.php?rest_route=\/wp\/v2\/types\/post"}],"author":[{"embeddable":true,"href":"http:\/\/www.ced.org.tr\/index.php?rest_route=\/wp\/v2\/users\/11"}],"replies":[{"embeddable":true,"href":"http:\/\/www.ced.org.tr\/index.php?rest_route=%2Fwp%2Fv2%2Fcomments&post=2903"}],"version-history":[{"count":1,"href":"http:\/\/www.ced.org.tr\/index.php?rest_route=\/wp\/v2\/posts\/2903\/revisions"}],"predecessor-version":[{"id":4041,"href":"http:\/\/www.ced.org.tr\/index.php?rest_route=\/wp\/v2\/posts\/2903\/revisions\/4041"}],"wp:attachment":[{"href":"http:\/\/www.ced.org.tr\/index.php?rest_route=%2Fwp%2Fv2%2Fmedia&parent=2903"}],"wp:term":[{"taxonomy":"category","embeddable":true,"href":"http:\/\/www.ced.org.tr\/index.php?rest_route=%2Fwp%2Fv2%2Fcategories&post=2903"},{"taxonomy":"post_tag","embeddable":true,"href":"http:\/\/www.ced.org.tr\/index.php?rest_route=%2Fwp%2Fv2%2Ftags&post=2903"}],"curies":[{"name":"wp","href":"https:\/\/api.w.org\/{rel}","templated":true}]}}