{"id":2905,"date":"2008-03-10T15:54:29","date_gmt":"2008-03-10T13:54:29","guid":{"rendered":"http:\/\/www.ced.org.tr\/?p=2905"},"modified":"2014-05-21T01:31:22","modified_gmt":"2014-05-20T22:31:22","slug":"merhabalar","status":"publish","type":"post","link":"http:\/\/www.ced.org.tr\/?p=2905","title":{"rendered":"MERHABALAR"},"content":{"rendered":"<p style=\"margin: 0cm 0cm 0pt\" class=\"MsoNormal\"><font face=\"Times New Roman\" size=\"3\" color=\"#000000\">Merhabalar<\/font><\/p>\n<p><font face=\"Times New Roman\" size=\"3\" color=\"#000000\">&nbsp;<\/font> <\/p>\n<p style=\"margin: 0cm 0cm 0pt\" class=\"MsoNormal\"><font size=\"3\"><font color=\"#000000\"><font face=\"Times New Roman\"><span>&nbsp;&nbsp;&nbsp;&nbsp;&nbsp; <\/span>Derne\u011fimizin sayfas\u0131n\u0131 &uuml;z&uuml;n s&uuml;redir takip edemiyordum ve bu durum beni hayli rahats\u0131z ediyordu. 8 mart tam da bu s\u0131k\u0131nt\u0131m\u0131n &uuml;zerine geldi ve<span>&nbsp; <\/span>bu benim i&ccedil;in yeni<span>&nbsp; <\/span>bir ba\u015flang\u0131&ccedil;, umar\u0131m a&ccedil;\u0131\u011f\u0131m\u0131 kapat\u0131r\u0131m.<\/font><\/font><\/font><\/p>\n<p style=\"margin: 0cm 0cm 0pt\" class=\"MsoNormal\">&nbsp;<\/p>\n<p style=\"margin: 0cm 0cm 0pt\" class=\"MsoNormal\"><font size=\"3\"><font color=\"#000000\"><font face=\"Times New Roman\"><span>&nbsp;&nbsp;&nbsp;&nbsp;&nbsp; <\/span>8 mart d&uuml;nya emek&ccedil;i kad\u0131nlar g&uuml;n&uuml; t&uuml;m d&uuml;nya da oldu\u011fu gibi &uuml;lkemizde de bir&ccedil;ok kad\u0131n &ouml;rg&uuml;t&uuml;<span>&nbsp; <\/span>ve sivil toplum &ouml;rg&uuml;tleri<span>&nbsp; <\/span>kad\u0131n komisyonlar\u0131 taraf\u0131ndan an\u0131ld\u0131. 8 mart 1857 y\u0131l\u0131ndan, New York&rsquo;lu kad\u0131n dokuma i\u015f&ccedil;ilerinin hak arama m&uuml;cadelelerini, greve &ccedil;\u0131kmalar\u0131n\u0131, ard\u0131ndan ya\u015fanan polis ter&ouml;r&uuml;n&uuml; <span>&nbsp;<\/span>tam 129 kad\u0131n\u0131n &ccedil;\u0131kan yang\u0131nda &ouml;ld&uuml;\u011f&uuml;n&uuml; ve ard\u0131ndan 1910 y\u0131l\u0131nda 2.Enternasyonal&rsquo;in sosyalist kad\u0131nlar toplant\u0131s\u0131nda al\u0131nan bir kararla 8 mart&rsquo;\u0131n <\/font><\/font><\/font><font size=\"3\"><font color=\"#000000\"><font face=\"Times New Roman\">&quot;D&uuml;nya Emek&ccedil;i Kad\u0131nlar G&uuml;n&uuml;&quot; olarak an\u0131lmas\u0131 kararla\u015ft\u0131r\u0131ld\u0131.<\/font><\/font><\/font><\/p>\n<p style=\"margin: 0cm 0cm 0pt\" class=\"MsoNormal\">&nbsp;<\/p>\n<p style=\"margin: 0cm 0cm 0pt\" class=\"MsoNormal\"><font size=\"3\"><font color=\"#000000\"><font face=\"Times New Roman\"><span>&nbsp;&nbsp;&nbsp;&nbsp;&nbsp; <\/span>Her g&uuml;n gibi (&ouml;rne\u011fin anneler g&uuml;n&uuml;, babalar g&uuml;n&uuml;, sevgililer g&uuml;n&uuml; vd.) 8 mart&rsquo;ta sistem taraf\u0131ndan e\u011flenceli, bol al\u0131\u015fveri\u015fli, kad\u0131nlar\u0131n ho\u015f! tutulaca\u011f\u0131, onlar i&ccedil;in fuarlar\u0131n d&uuml;zenlendi\u011fi hatta belki de yeme\u011fe &ccedil;\u0131kar\u0131lacaklar\u0131 bir g&uuml;ne d&ouml;n&uuml;\u015ft&uuml;r&uuml;lmeye &ccedil;al\u0131\u015f\u0131ld\u0131. Benim izledi\u011fim kadar\u0131yla belki bir s&uuml;re de bu anlay\u0131\u015f tuttu.<\/font><\/font><\/font><\/p>\n<p style=\"margin: 0cm 0cm 0pt\" class=\"MsoNormal\">&nbsp;<\/p>\n<p style=\"margin: 0cm 0cm 0pt\" class=\"MsoNormal\"><font size=\"3\"><font color=\"#000000\"><font face=\"Times New Roman\"><span>&nbsp;&nbsp;&nbsp;&nbsp;&nbsp; <\/span>Ancak kad\u0131n &ouml;rg&uuml;tleri<span>&nbsp; <\/span>artan bir ivmeyle 8 mart&rsquo;\u0131 m&uuml;cadele, yan yana dayan\u0131\u015fma, bir anma <\/font><\/font><\/font><font face=\"Times New Roman\" size=\"3\" color=\"#000000\">g&uuml;n&uuml; olarak ya\u015fatmaya kararl\u0131lar, bu kararl\u0131l\u0131klar\u0131 da anma bi&ccedil;imlerinde kendisini g&ouml;steriyor.<\/font><\/p>\n<p style=\"margin: 0cm 0cm 0pt\" class=\"MsoNormal\">&nbsp;<\/p>\n<p style=\"margin: 0cm 0cm 0pt\" class=\"MsoNormal\"><font size=\"3\"><font color=\"#000000\"><font face=\"Times New Roman\"><span>&nbsp;&nbsp;&nbsp;&nbsp;&nbsp; <\/span>Bu y\u0131l da 8 mart &ccedil;e\u015fitli etkinliklerle an\u0131ld\u0131. Bu anmalardan birisi de \u0130EO Y&ouml;netime Do\u011fru Kad\u0131n Komisyonu taraf\u0131ndan yani bizim meslek &ouml;rg&uuml;t&uuml;m&uuml;z&uuml;n komisyonu taraf\u0131ndan d&uuml;zenlendi. Ne yaz\u0131k ki sadece 8 marttan 8 marta toplanabilen bir komisyon ve takip&ccedil;isi de o oranda az.<\/font><\/font><\/font><\/p>\n<p style=\"margin: 0cm 0cm 0pt\" class=\"MsoNormal\">&nbsp;<\/p>\n<p style=\"margin: 0cm 0cm 0pt\" class=\"MsoNormal\"><font size=\"3\"><font color=\"#000000\"><font face=\"Times New Roman\"><span>&nbsp;&nbsp;&nbsp;&nbsp;&nbsp; <\/span>Bu y\u0131l komisyonumuzun etkinlikleri aras\u0131nda 2 ay &ouml;nce sonu&ccedil;lanan bir grevin sahipleriyle bir s&ouml;yle\u015fi vard\u0131. Tam 448 g&uuml;n 83 kad\u0131n ve 2 erkek i\u015f&ccedil;i Fresenius Medical Care \u015firketine ba\u011fl\u0131 NOVAMED firmas\u0131nda grev yapt\u0131lar. Grev nedenleri tahmin edilebilirdi ancak bir tanesi hari&ccedil;. Elbette k&ouml;t&uuml; &ccedil;al\u0131\u015fma ko\u015fullar\u0131 vard\u0131 ama bu ko\u015fullar i\u015f g&uuml;venli\u011finden &ouml;te (ki onlar da s&ouml;z konusuydu) insani &ccedil;al\u0131\u015fma ko\u015fullar\u0131n\u0131n bulunmamas\u0131yd\u0131, kimseyle konu\u015famazd\u0131n\u0131z tuvalete gitti\u011finizde s&uuml;re belirtmeliydiniz ve yine kimseyle konu\u015fmamal\u0131yd\u0131n\u0131z. Tahminleri zorlayan<span>&nbsp; <\/span>ve yaz\u0131l\u0131 olmayan uygulama ise &ccedil;al\u0131\u015fan kad\u0131nlar\u0131n s\u0131rayla ve 2 \u015fer ayl\u0131k periyotlarda hamile kalabilmelerine verilen izindi. Grevci iki kad\u0131n 3 vardiyal\u0131 i\u015flerinden ve gece vardiyas\u0131ndan &ccedil;\u0131karak grevi,ya\u015fananlar\u0131 bizlerle payla\u015fmaya seslerini duyurmaya gelmi\u015flerdi.Ve her ikisinin de ya\u015flar\u0131 ancak 25 di. NOVAMED direni\u015fine &ccedil;\u0131k\u0131\u015flar\u0131, sendikal\u0131 olabilmek i&ccedil;in &ouml;rg&uuml;tlenmeleri i&ccedil;in ya\u015fanan s&uuml;re ve tam 448 g&uuml;n s&uuml;ren grev bu gen&ccedil; ya\u015ftaki i\u015f&ccedil;i kad\u0131nlar\u0131n 25 y\u0131ll\u0131k ya\u015flar\u0131n\u0131n 4 y\u0131l\u0131n\u0131 alm\u0131\u015ft\u0131. <\/font><\/font><\/font><font face=\"Times New Roman\" size=\"3\" color=\"#000000\">Ve grevleri ba\u015far\u0131yla sonu&ccedil;land\u0131 hem de hemen hemen hi&ccedil; eksilmeden 83 ki\u015fi olarak.<\/font><\/p>\n<p style=\"margin: 0cm 0cm 0pt\" class=\"MsoNormal\">&nbsp;<\/p>\n<p style=\"margin: 0cm 0cm 0pt\" class=\"MsoNormal\"><font size=\"3\"><font color=\"#000000\"><font face=\"Times New Roman\"><span>&nbsp;&nbsp;&nbsp;&nbsp;&nbsp; <\/span>8 mart toplant\u0131s\u0131nda ayr\u0131ca 2 tane film g&ouml;sterisi d&uuml;zenledik, bunlardan bir tanesi NOVAMED D\u0130REN\u0130\u015e\u0130&rsquo;ydi. Filmlerin her 2 si de F\u0130LMMOR taraf\u0131ndan yap\u0131lm\u0131\u015flard\u0131.<\/font><\/font><\/font><\/p>\n<p style=\"margin: 0cm 0cm 0pt\" class=\"MsoNormal\">&nbsp;<\/p>\n<p style=\"margin: 0cm 0cm 0pt\" class=\"MsoNormal\"><font size=\"3\"><font color=\"#000000\"><font face=\"Times New Roman\"><span>&nbsp;&nbsp;&nbsp;&nbsp;&nbsp; <\/span>Bir kad\u0131n<span>&nbsp; <\/span>kurulu\u015fu olan F\u0130LMMOR son derece &uuml;retken bir kurulu\u015f ve t&uuml;m &uuml;rettikleri belgesel filmler ve fotograflar festival<span>&nbsp; <\/span>programlar\u0131nda<span>&nbsp; <\/span>ilgiyle izleniyor.<\/font><\/font><\/font><\/p>\n<p style=\"margin: 0cm 0cm 0pt\" class=\"MsoNormal\">&nbsp;<\/p>\n<p style=\"margin: 0cm 0cm 0pt\" class=\"MsoNormal\"><font size=\"3\"><font color=\"#000000\"><font face=\"Times New Roman\"><span>&nbsp;&nbsp;&nbsp;&nbsp;&nbsp; <\/span>\u0130EO kad\u0131n komisyonunun 8 mart program\u0131 sonunda kad\u0131n &ouml;rg&uuml;tlerinin d&uuml;zenledi\u011fi Taksim tramvay dura\u011f\u0131ndan Galatasaray&rsquo;a yap\u0131lan gece y&uuml;r&uuml;y&uuml;\u015f&uuml;ne kat\u0131ld\u0131k. Y&uuml;r&uuml;y&uuml;\u015fe damgas\u0131n\u0131 vuran Ba\u015fbakan&rsquo;\u0131n\u0131n U\u015fak&rsquo;ta kad\u0131nlara yapt\u0131\u011f\u0131 konu\u015fmada s&ouml;yledikleriydi. Ba\u015fbakan kad\u0131nlara en az 3 tane do\u011furmalar\u0131n\u0131 s&ouml;yl&uuml;yordu. &Ccedil;ocuklar\u0131n r\u0131zk\u0131 onlarla gelirdi. Kad\u0131nlar tepkilerini alanlardan g&ouml;sterdiler.Tepkiler&rdquo; Bana bak ba\u015fbakan &hellip; Tepemizi att\u0131rma&hellip;Kendin yat kulu&ccedil;kaya&hellip;. Bir T&uuml;rk&ccedil;&uuml;k iki T&uuml;rk&ccedil;&uuml;k &uuml;&ccedil; T&uuml;rk&ccedil;&uuml;k do\u011furmaya&rdquo; slogan\u0131yla gece y&uuml;r&uuml;y&uuml;\u015f&uuml;ne damgas\u0131n\u0131 vurmu\u015ftu.<\/font><\/font><\/font><\/p>\n<p style=\"margin: 0cm 0cm 0pt\" class=\"MsoNormal\">&nbsp;<\/p>\n<p style=\"margin: 0cm 0cm 0pt\" class=\"MsoNormal\"><font size=\"3\"><font color=\"#000000\"><font face=\"Times New Roman\"><span>&nbsp;&nbsp;&nbsp;&nbsp;&nbsp; <\/span>Son derece hareketli ge&ccedil;en 8 mart etkinlikleri bu hafta da &ccedil;e\u015fitli forum ve toplant\u0131larla devam edecek.<\/font><\/font><\/font><\/p>\n<p style=\"margin: 0cm 0cm 0pt\" class=\"MsoNormal\">&nbsp;<\/p>\n<p style=\"margin: 0cm 0cm 0pt\" class=\"MsoNormal\"><font size=\"3\"><font color=\"#000000\"><font face=\"Times New Roman\"><span>&nbsp;&nbsp;&nbsp;&nbsp;&nbsp; <\/span>Her y\u0131l 8 mart biraz daha yo\u011fun, g&uuml;ndemi yakalayan, siyasi bir tavr\u0131 olan, s&ouml;ylenecekleri kimi zaman ironiyle kimi zaman e\u011flene e\u011flene s&ouml;yleyebilen kad\u0131nlar\u0131n g&uuml;n&uuml; olarak an\u0131lacak. <\/font><\/font><\/font><\/p>\n","protected":false},"excerpt":{"rendered":"<p>Merhabalar &nbsp; &nbsp;&nbsp;&nbsp;&nbsp;&nbsp; Derne\u011fimizin sayfas\u0131n\u0131 &uuml;z&uuml;n s&uuml;redir takip edemiyordum ve bu durum beni hayli rahats\u0131z ediyordu. 8 mart tam da&#46;&#46;&#46;<\/p>\n","protected":false},"author":11,"featured_media":0,"comment_status":"closed","ping_status":"closed","sticky":false,"template":"","format":"standard","meta":{"_jetpack_memberships_contains_paid_content":false,"footnotes":""},"categories":[53],"tags":[],"class_list":["post-2905","post","type-post","status-publish","format-standard","hentry","category-ecz-ferda-gocener"],"aioseo_notices":[],"jetpack_featured_media_url":"","jetpack_sharing_enabled":true,"jetpack-related-posts":[],"_links":{"self":[{"href":"http:\/\/www.ced.org.tr\/index.php?rest_route=\/wp\/v2\/posts\/2905","targetHints":{"allow":["GET"]}}],"collection":[{"href":"http:\/\/www.ced.org.tr\/index.php?rest_route=\/wp\/v2\/posts"}],"about":[{"href":"http:\/\/www.ced.org.tr\/index.php?rest_route=\/wp\/v2\/types\/post"}],"author":[{"embeddable":true,"href":"http:\/\/www.ced.org.tr\/index.php?rest_route=\/wp\/v2\/users\/11"}],"replies":[{"embeddable":true,"href":"http:\/\/www.ced.org.tr\/index.php?rest_route=%2Fwp%2Fv2%2Fcomments&post=2905"}],"version-history":[{"count":1,"href":"http:\/\/www.ced.org.tr\/index.php?rest_route=\/wp\/v2\/posts\/2905\/revisions"}],"predecessor-version":[{"id":3994,"href":"http:\/\/www.ced.org.tr\/index.php?rest_route=\/wp\/v2\/posts\/2905\/revisions\/3994"}],"wp:attachment":[{"href":"http:\/\/www.ced.org.tr\/index.php?rest_route=%2Fwp%2Fv2%2Fmedia&parent=2905"}],"wp:term":[{"taxonomy":"category","embeddable":true,"href":"http:\/\/www.ced.org.tr\/index.php?rest_route=%2Fwp%2Fv2%2Fcategories&post=2905"},{"taxonomy":"post_tag","embeddable":true,"href":"http:\/\/www.ced.org.tr\/index.php?rest_route=%2Fwp%2Fv2%2Ftags&post=2905"}],"curies":[{"name":"wp","href":"https:\/\/api.w.org\/{rel}","templated":true}]}}