{"id":2907,"date":"2013-03-27T14:27:50","date_gmt":"2013-03-27T12:27:50","guid":{"rendered":"http:\/\/www.ced.org.tr\/?p=2907"},"modified":"2014-05-21T01:35:04","modified_gmt":"2014-05-20T22:35:04","slug":"sol-ve-cagdas-eczacilik-hareketi-uzerine-dusunceler","status":"publish","type":"post","link":"http:\/\/www.ced.org.tr\/?p=2907","title":{"rendered":"\u2018\u2019Sol\u2019\u2019 ve \u2018\u2019\u00c7a\u011fda\u015f Eczac\u0131l\u0131k Hareketi\u2019\u2019 \u00dczerine D\u00fc\u015f\u00fcnceler"},"content":{"rendered":"<p style=\"text-align: right;\"><span style=\"font-size: 10px;\"><strong>Ecz. Nabi Altunay<\/strong><\/span><\/p>\n<p>&#8220;\u00c7a\u011fda\u015f Eczac\u0131l\u0131k Hareketi&#8221; 70\u2019li y\u0131llarda, \u00fclkedeki ila\u00e7 eczac\u0131l\u0131k d\u00fczenini sorgulayan, devrimci, sosyalist, solcu gen\u00e7li\u011fin \u00f6nc\u00fcl\u00fc\u011f\u00fcnde kurulmu\u015f bir siyasal hareket.<\/p>\n<p><span style=\"font-size: 10px;\">Her ne kadar, daha \u00f6nce de ila\u00e7 tekellerine ya da o tekellerin ihtiya\u00e7lar\u0131na g\u00f6re \u015fekillenmi\u015fTEB yap\u0131lanmas\u0131na kar\u015f\u0131 bir m\u00fccadele s\u00f6z konusu ise de, \u00a0bu m\u00fccadelenin ete kemi\u011fe b\u00fcr\u00fcnmesi, yani program\u0131yla \u2013 t\u00fcz\u00fc\u011f\u00fcyle b\u00fct\u00fcnl\u00fckl\u00fc bir siyasal bir yap\u0131 olarak ortaya \u00e7\u0131kmas\u0131, 70\u2019lerin T\u00fcrkiye\u2019sinde \u2018\u2019\u00e7a\u011fda\u015f eczac\u0131l\u0131k hareketi\u2019\u2019 ile ger\u00e7ekle\u015fti.<\/span><\/p>\n<p>70\u2019lerin d\u00fcnyas\u0131 \u00e7ok kutuplu bir d\u00fcnyayd\u0131. T\u00fcm zaaflar\u0131na kar\u015f\u0131n, \u2018\u2019var olan sosyalizm\u2019\u2019 emperyalizmin kar\u015f\u0131s\u0131nda bir denge unsuru, bir g\u00fc\u00e7 oda\u011f\u0131 idi.<\/p>\n<p>\u00a0<\/p>\n<p>70\u2019lerin T\u00fcrkiye\u2019si de, solun hem nicel hem nitel anlamda g\u00fc\u00e7l\u00fc oldu\u011fu bir \u00fclkeydi. T\u00fcm eksik ve zaaflar\u0131na kar\u015f\u0131n, emperyalizmin i\u015fbirlik\u00e7isi oligar\u015fik d\u00fczeni giderek gerileten, ba\u015fta i\u015f\u00e7i s\u0131n\u0131f\u0131 t\u00fcm \u00e7al\u0131\u015fan kesimler i\u00e7inde ve k\u0131rsalda giderek \u00f6rg\u00fctlenen, anti-fa\u015fist m\u00fccadelede \u00f6nemli direni\u015fleri ger\u00e7ekle\u015ftiren ve giderek iktidar alternatifi olmaya y\u00f6nelen bir \u2018\u2019sol hareket\u2019\u2019 ortaya \u00e7\u0131k\u0131yordu.<\/p>\n<p>En \u00f6nemlisi; \u00e7ok par\u00e7al\u0131 da olsa solun genel olarak bir \u2018\u2019 ideolojik hegemonya\u2019\u2019s\u0131, bir politik a\u011f\u0131rl\u0131\u011f\u0131s\u00f6z konusuydu. T\u00fcrkiye solu, bu nitelikleri ile elbette ki, \u00a0\u2018\u2019 evrensel insan haklar\u0131\u2019\u2019 , \u2018\u2019uluslararas\u0131 dayan\u0131\u015fma\u2019\u2019, \u2018\u2019e\u015fitlik\u2019\u2019, \u2018\u2019\u00f6zg\u00fcrl\u00fck\u2019\u2019, \u2018\u2019kat\u0131l\u0131mc\u0131 demokrasi\u2019\u2019 , \u2018\u2019\u00f6zerklik\u2019\u2019, \u2018\u2019ba\u011f\u0131ms\u0131zl\u0131k\u2019\u2019 gibi kavramlar\u0131n da ta\u015f\u0131y\u0131c\u0131s\u0131yd\u0131.<\/p>\n<p>Bu anlamda, \u2018\u2019K\u00fcrt Solu\u2019\u2019 diye nitelenen yap\u0131lar da, geli\u015fen bu ana damar i\u00e7inde yer al\u0131yor ve \u2018\u2019 Milli Mesele\u2019\u2019 ye ait sorunlar giderek daha nitelikli bir i\u00e7erikle ele al\u0131n\u0131yordu.<\/p>\n<p>12 Eyl\u00fcl fa\u015fizmi, i\u015fte bu sola kar\u015f\u0131 yap\u0131ld\u0131. Devlet ayg\u0131t\u0131, oligar\u015fi ve emperyalizmin ihtiya\u00e7lar\u0131 do\u011frultusunda yeniden d\u00fczenlendi. Zaten o y\u0131llar, emperyalizmin, \u2018\u2019k\u00fcreselle\u015fme\u2019\u2019 ad\u0131 alt\u0131nda pazarlanan yeni bir evresine denk geliyordu. Ama\u00e7lanan, \u00fclkelerin kaynaklar\u0131na, do\u011fal zenginliklerine el koymak, ucuz i\u015fg\u00fcc\u00fc alanlar\u0131 olu\u015fturmak ve finans kapitalin d\u00fcnyada serbest\u00e7e dola\u015f\u0131m\u0131n\u0131 yani s\u00f6m\u00fcr\u00fcs\u00fcn\u00fc engelleyen t\u00fcm unsurlar\u0131 yok etmek idi.<\/p>\n<p>Sovyetler Birli\u011fi \u00f6nc\u00fcl\u00fc\u011f\u00fcndeki \u2018\u2019 Sosyalist Sistem\u2019\u2019 in \u00e7\u00f6k\u00fc\u015f\u00fc ile, k\u00fcreselle\u015fme politikalar\u0131n\u0131n \u00f6n\u00fc alabildi\u011fine a\u00e7\u0131ld\u0131. \u2018\u2019 Tek kutuplu\u2019\u2019 bir d\u00fcnya ortaya \u00e7\u0131kt\u0131. D\u00fcnya de\u011fi\u015fiyordu! Serbest Piyasa insanl\u0131\u011fa, \u00f6zg\u00fcrl\u00fck, mutluluk ve huzur getirecekti!<\/p>\n<p><em>Sosyalizm yenilmi\u015f, umutlar t\u00fckenmi\u015fti!<\/em><\/p>\n<p style=\"text-align: center;\">**************<\/p>\n<p>T\u00fcrkiye Solu, bu s\u00fcreci \u00e7ok daha sert ya\u015fad\u0131. 12 Eyl\u00fcl fa\u015fizmi ile \u00f6nder kadrolar\u0131n\u0131 yitirmi\u015f, \u00f6rg\u00fctl\u00fcl\u00fc\u011f\u00fc b\u00fcy\u00fck darbeler yemi\u015f, ideolojik hegemonyas\u0131n\u0131 kaybetmi\u015f bu yap\u0131, Sovyetler\u2019in \u00e7\u00f6k\u00fc\u015f\u00fc ile birlikte ortaya \u00e7\u0131kan tek kutuplu d\u00fcnyada iyice sars\u0131ld\u0131, toplumsal bir g\u00fc\u00e7 oda\u011f\u0131 olma niteli\u011fini yitirdi.<\/p>\n<p>B\u00f6ylesi bir ortamda, sol i\u00e7erisinde, solun temel niteliklerinden uzak, farkl\u0131 kaynaklardan beslenen e\u011filimlerin ortaya \u00e7\u0131kmas\u0131 ka\u00e7\u0131n\u0131lmazd\u0131. Nitekim, solun bir k\u0131sm\u0131 her yenilgi sonras\u0131 d\u00f6nemde oldu\u011fu gibi, inkar ve d\u00f6neklik sendromunu ya\u015farken, bir k\u0131sm\u0131 da <em>\u2018\u2019neoliberalizm\u2019\u2019, \u2018\u2019T\u00fcrk Milliyet\u00e7ili\u011fi\u2019\u2019, \u2018\u2019K\u00fcrt Ulus\u00e7ulu\u011fu\u2019\u2019, \u2018\u2019Cemaat Solculu\u011fu\u2019\u2019<\/em>nun etki alan\u0131nda kalarak pusulas\u0131n\u0131 \u015fa\u015f\u0131rd\u0131.<\/p>\n<p>Her ne kadar solun ana ekseni, kendi geleneksel yap\u0131lar\u0131 i\u00e7inde bu sapmalar\u0131n d\u0131\u015f\u0131nda kald\u0131ysa da, niteliksel bir a\u015fama kaydederek kitleselle\u015femedi.<\/p>\n<p style=\"text-align: center;\">**************<\/p>\n<p>\u201cBug\u00fcnk\u00fc D\u00fcnya\u201d ve \u201cBug\u00fcnk\u00fc T\u00fcrkiye\u201d, art\u0131k \u00e7ok farkl\u0131. Art\u0131k, d\u00fcnyada sosyalizm de\u011fil, kapitalizm sorgulan\u0131yor. Kapitalizmin refah ve huzur getirece\u011fi efsanesi bitti. Emperyalizmin insanl\u0131\u011fa ancak kan, y\u0131k\u0131m, sava\u015f ve s\u00f6m\u00fcr\u00fc getirdi\u011fi bir kez daha ortaya \u00e7\u0131kt\u0131.<\/p>\n<p>T\u00fcrkiye\u2019de ise yaln\u0131z, <em>\u2018\u2019Ulusalc\u0131 Sol\u2019\u2019<\/em> un de\u011fil, <em>\u2018\u2019Liberal Sol\u2019\u2019<\/em>un da i\u00e7i bo\u015f bir efsaneden ibaret oldu\u011fu, art\u0131k iyice belirginle\u015fti.<\/p>\n<p>Art\u0131k anla\u015f\u0131ld\u0131 ki, her ikisi de, tarihsel olarak kapitalizmin \u00fczerinde y\u00fckseldi\u011fi birer burjuva ideolojisi olan milliyet\u00e7ilik\u2019\u2019 (nasyonalizm) ve liberalizmden, solun \u00f6\u011frenece\u011fi hi\u00e7bir \u015fey yok.<\/p>\n<p>Art\u0131k y\u00fcksek sesle hayk\u0131rman\u0131n zaman\u0131d\u0131r ki;<\/p>\n<p><em><strong>Evrensel insan haklar\u0131n\u0131n da, e\u015fitlik ve \u00f6zg\u00fcrl\u00fc\u011f\u00fcn de, ayd\u0131nlanma felsefesinin de, \u00a0kat\u0131l\u0131mc\u0131 demokrasinin de, yurtseverli\u011fin de ger\u00e7ek temsilcisi biz solcular\u0131z.<\/strong><\/em><\/p>\n<p><em><strong>Bu de\u011ferler birbiri ile \u00e7eli\u015fen de\u011fil, birbirini tamamlayan ve bir araya geldi\u011finde solu tan\u0131mlayan de\u011ferlerdir.<\/strong><\/em><\/p>\n<p>\u2018\u2019\u00c7a\u011fda\u015f eczac\u0131lar\u2019\u2019 kadrolar\u0131n\u0131n direngenli\u011fi \u00f6l\u00e7\u00fcs\u00fcnde bu de\u011ferleri gelece\u011fe ta\u015f\u0131yabildiler. Elbette ki, bu s\u00fcre\u00e7te ciddi zaaflar, eksiklikler, ayr\u0131\u015fmalar, kariyerist e\u011filimler de ortaya \u00e7\u0131kt\u0131. Sol de\u011ferler, k\u00fcreselle\u015fmeci, milliyet\u00e7i, cemaat\u00e7i e\u011filimler kar\u015f\u0131s\u0131nda erozyona u\u011fray\u0131p gerilerken , \u2018\u2019K\u00fcrt sorunu\u2019\u2019 t\u00fcm yak\u0131c\u0131l\u0131\u011f\u0131 ile ortada durur ve \u00fclke genelinde soldan bir \u00e7\u00f6z\u00fcm \u00fcretilemezken, sol giderek bir g\u00fc\u00e7 oda\u011f\u0131 olma niteli\u011fini yitirirken, ya\u015fanan t\u00fcm bu olumsuzluklar\u0131n elbette ki \u2018\u2019\u00c7a\u011fda\u015f Eczac\u0131l\u0131k Hareketi\u2019\u2019 i\u00e7inde de yans\u0131malar\u0131 olacakt\u0131, oldu da.<\/p>\n<p>Bug\u00fcn gelinen noktada hareketin ivme kaybetti\u011fi, giderek dar bir alana s\u0131k\u0131\u015ft\u0131\u011f\u0131 a\u00e7\u0131k bir ger\u00e7ek. Hareketin kollektif akl\u0131n\u0131n yani birlikteli\u011fimizin d\u00fc\u015f\u00fcnsel niteli\u011finin gerileyip, ki\u015fisel ili\u015fkiler ve fedakarl\u0131klarla yol alabildi\u011fimiz de \u00e7ok a\u00e7\u0131k.<\/p>\n<p>Art\u0131k, yeniden sol de\u011ferler temelinde daha sa\u011fl\u0131kl\u0131 bir \u00e7at\u0131 olu\u015fturup yeni bir at\u0131l\u0131m yapman\u0131n tam zaman\u0131. Sadece, hareket i\u00e7indeki ki\u015fisel \u00e7eki\u015fmeleri bir yana b\u0131rakmaktan, \u201cEczac\u0131n\u0131n Sesi\u201d i\u00e7indeki ya da harekete eme\u011fi ge\u00e7mi\u015f t\u00fcm kadrolarla yeniden bir araya gelmekten s\u00f6z etmiyorum.<\/p>\n<p>Kastetti\u011fim daha \u00f6tesi\u2026 Kastetti\u011fim \u00f6zellikle gen\u00e7 kesimlere y\u00f6nelik yeni bir a\u00e7\u0131l\u0131m, sol d\u00fc\u015f\u00fcncenin toparlay\u0131c\u0131 ekseninde daha nitelikli bir kitleselle\u015fme yaratabilmek.<\/p>\n<p>Bu, art\u0131k yaln\u0131z meslek odalar\u0131 i\u00e7in de\u011fil, sendikalar, demokratik kitle \u00f6rg\u00fctleri, yerel inisiyatifler ve t\u00fcm toplumsal \u00f6rg\u00fctlenmeler i\u00e7in de yak\u0131c\u0131 bir ihtiya\u00e7.<\/p>\n<p><strong><em>Bir arada olup birlikte nefes alabildi\u011fimiz, farkl\u0131l\u0131klar\u0131m\u0131z\u0131 kabullenip \u00f6zg\u00fcrce tart\u0131\u015fabildi\u011fimiz, \u00fcretken, sa\u011fl\u0131kl\u0131 bir zemin yaratabilmek..<\/em><\/strong><\/p>\n<p>Bu zemini yaratabilmek; Solun, toparlay\u0131c\u0131,birle\u015ftirici,d\u00f6n\u00fc\u015ft\u00fcr\u00fcc\u00fc,devrimci niteli\u011fini yeniden ke\u015ffetmek,sol de\u011ferleri yeniden \u00f6ne almakla olanakl\u0131.<\/p>\n<p>Bu zemini yaratabilmek ; Kitlesel niteli\u011fini,d\u00fc\u015f\u00fcnsel birlikteli\u011fini yani siyasal bir hareket olma \u00f6zelli\u011fini art\u0131k yitiren \u2018\u2019 \u00c7a\u011fda\u015f Eczac\u0131l\u0131k Hareketi \u2018\u2019 i\u00e7inde,kurulu\u015fundan bu yana g\u00f6rev alm\u0131\u015f herkesin ortak sorumlulu\u011fu..<\/p>\n<p>Hele hele,kendini solda g\u00f6ren,\u00f6yle hisseden,ilerici,demokrat,yurtsever her unsurun asla ka\u00e7amayaca\u011f\u0131 vicdani bir bor\u00e7..<\/p>\n<p style=\"text-align: center;\">***************<\/p>\n<p>Hareketin, nitelikli bir geli\u015fme ortaya koyarak yeniden kitleselle\u015fti\u011fi, sa\u011fl\u0131kl\u0131 bir zemin yaratabilmenin yolu da \u00a0\u00f6ncelikle d\u00fc\u015f\u00fcnsel bir ortak zemin in\u015fa etmekten ge\u00e7er.At izinin it izine kar\u0131\u015ft\u0131\u011f\u0131 bug\u00fcn\u00fcn T\u00fcrkiye\u2019sinde biraz zor da olsa,yine de a\u00e7\u0131k bir gereklilik bu.<\/p>\n<p>Esasen, bunun i\u00e7in Amerika\u2019y\u0131 yeniden ke\u015ffetmeye de gerek yok! Solun temel de\u011ferlerine sahip \u00e7\u0131kmak, kimi farkl\u0131l\u0131klar\u0131m\u0131zla beraber bir arada olabilmek i\u00e7in yeterli.<\/p>\n<p>Nihayetinde, siyasal iktidar\u0131 hedefleyen politik bir \u00f6rg\u00fctlenmeden de\u011fil, demokratik kitle \u00f6rg\u00fct\u00fc niteli\u011findeki siyasal bir mesleki \u00f6rg\u00fctlenmeden s\u00f6z ediyoruz.\u00dclkenin ve d\u00fcnyan\u0131n hal-i p\u00fcr melali de ortada.Bu nedenle ayr\u0131nt\u0131l\u0131 tahlilleri,gereksiz tart\u0131\u015fmalar\u0131 bir yana b\u0131rak\u0131p,\u00f6ncelikle temel ilkeleri ve olmazsa olmazlar\u0131 ortaya koymak gerek.<\/p>\n<p>Bu noktada bilinmelidir ki;<\/p>\n<p>_ \u00a0\u201c\u00c7a\u011fda\u015f Eczac\u0131l\u0131k Hareketi\u201dni olu\u015fturan kadrolar\u0131 bir araya getiren temel anlay\u0131\u015f, elbetteki anti-emperyalist, anti-fa\u015fist m\u00fccadele gelene\u011fidir. Bu yakla\u015f\u0131m, bug\u00fcnde demokrat, ilerici, yurtsever olman\u0131n temel ko\u015fuludur.<\/p>\n<p>\u00c7a\u011fda\u015f-Demokrat Eczac\u0131lar, emperyalizmin, \u00fclkeleri esir alan, ekonomilerini y\u0131k\u0131ma u\u011fratan, neoliberalizm, k\u00fcreselle\u015fme, vs. ad\u0131 alt\u0131ndaki t\u00fcm politikalar\u0131na ve halklar\u0131 birbirine k\u0131rd\u0131ran \u2018\u2019B\u00fcy\u00fck Ortado\u011fu Projesi \u2018\u2019vs. gibi t\u00fcm b\u00f6lgesel planlar\u0131na kararl\u0131l\u0131kla kar\u015f\u0131 \u00e7\u0131kar ve bu politikalara direnenlerle dayan\u0131\u015fma i\u00e7inde olur.<\/p>\n<p>_ \u00a0\u2018\u2019\u00c7a\u011fda\u015f-Demokrat Eczac\u0131lar, T\u00fcrkiye\u2019nin ba\u011f\u0131ms\u0131zl\u0131\u011f\u0131, emperyalizmin boyunduru\u011fundan kurtularak kendi ulusal yarar\u0131n\u0131 g\u00f6zeten politikalar \u00fcretmesi ve \u00a0\u2019\u2019halklar\u0131n karde\u015fli\u011fi\u2019\u2019 \u015fiar\u0131na uygun ger\u00e7ek bir bar\u0131\u015f i\u00e7in, NATO\u2019dan \u00e7\u0131k\u0131lmas\u0131n\u0131 ka\u00e7\u0131n\u0131lmaz bir gereklilik olarak g\u00f6r\u00fcr.<\/p>\n<p>_ \u00a0 \u00c7a\u011fda\u015f-Demokrat Eczac\u0131lar, \u00fclkenin makus talihini de\u011fi\u015ftirmenin tek yolunun, emperyalizmin i\u015fbirlik\u00e7isi tekeller, oligar\u015fik yap\u0131lar, feodal g\u00fc\u00e7lerin olu\u015fturdu\u011fu hakim s\u0131n\u0131flar\u0131n egemenli\u011finin geriletilerek, i\u015f\u00e7i-memur-\u00e7ift\u00e7i-k\u00fc\u00e7\u00fck esnaf \u2013emekli vs. t\u00fcm emek\u00e7i s\u0131n\u0131flar\u0131n yani halk\u0131n demokratik iktidar\u0131n\u0131n kurulmas\u0131nda oldu\u011funu savunur. Tekellerin, finans kapitalin, bir avu\u00e7 mutlu az\u0131nl\u0131\u011f\u0131n de\u011fil,geni\u015f halk kitlelerinin yarar\u0131na uygun ekonomik,sosyal,siyasal politikalar\u0131n yan\u0131nda durur.<\/p>\n<p>_ \u00a0 \u00c7a\u011fda\u015f-Demokrat Eczac\u0131lar, NATO\u2019ya giri\u015f s\u00fcreci ile birlikte, devlet ayg\u0131t\u0131 i\u00e7inde olu\u015fturulan t\u00fcm fa\u015fist \u00f6rg\u00fctlenmelerin ve bunlar\u0131n ucu yabanc\u0131 servislere \u00e7\u0131kan, emniyet-yarg\u0131-b\u00fcrokrasi-cihet-i askeriye i\u00e7indeki, bi\u00e7im ve y\u00f6ntem de\u011fi\u015ftirmi\u015f bug\u00fcnk\u00fc t\u00fcm versiyonlar\u0131n\u0131n da\u011f\u0131t\u0131lmas\u0131n\u0131;<\/p>\n<p>Hukukun \u00fcst\u00fcnl\u00fc\u011f\u00fc ve insan haklar\u0131 bir yana, demokrasi ve bar\u0131\u015f ortam\u0131n\u0131n geli\u015febilmesi i\u00e7in, kayna\u011f\u0131n\u0131 anayasadan almayan, kamusal alandaki t\u00fcm gayrime\u015fru yap\u0131lar\u0131n tasfiye edilmesini savunur.<\/p>\n<p>_ \u00a0 \u00c7a\u011fda\u015f-Demokrat Eczac\u0131lar,12 Eyl\u00fcl fa\u015fizmi \u00a0s\u00fcrecinde ger\u00e7ekle\u015ftirilen ve son d\u00f6nemlerde 12 Eyl\u00fcl\u2019\u00fc bile aratacak nitelikte ortaya konulan, \u00a0t\u00fcm antidemokratik yasa ve uygulamalara derhal son verilmesini ve bu c\u00fcmleden olarak ;<\/p>\n<p>1-Devlet G\u00fcvenlik Mahkemeleri\u2019nin bug\u00fcnk\u00fc versiyonu \u00a0olan \u2018\u2019\u00d6zel Yetkili \u00a0Mahkemeler\u2019\u2019in \u00a0de kald\u0131r\u0131lmas\u0131n\u0131 ve \u00a0kurulu\u015flar\u0131ndan bu yana t\u00fcm bu mahkemelerde g\u00f6r\u00fclen davalar\u0131n, normal mahkemelerde yeniden g\u00f6r\u00fclmesini<\/p>\n<p>2-siyasal \u0130ktidar\u0131n HSYK \u00fczerindeki vesayetine neden olan, Adalet Bakan\u0131 ve m\u00fcste\u015far\u0131n kurul \u00fcyesi olmas\u0131 ve cumhurba\u015fkan\u0131n\u0131n y\u00fcksek yarg\u0131 \u00fcyelerini atayabilmesi dahil,12 eyl\u00fcl kal\u0131nt\u0131s\u0131 t\u00fcm yasal d\u00fczenlemelerin iptal edilmesini<\/p>\n<p>3-Siyasal Partiler Yasas\u0131n\u0131n, ba\u015fta liderlik sultas\u0131na neden olan, t\u00fcm antidemokratik maddelerinin de\u011fi\u015ftirilmesini<\/p>\n<p>4-Se\u00e7im Baraj\u0131n\u0131n kald\u0131r\u0131lmas\u0131n\u0131<\/p>\n<p>5-Y\u00d6K \u2018\u00fcn kald\u0131r\u0131larak, \u00fcniversitelerin idari-mali-bilimsel \u00f6zerkliklerinin sa\u011flanmas\u0131n\u0131 savunur.<\/p>\n<p>_ \u00a0 \u00a0\u00c7a\u011fda\u015f Demokrat Eczac\u0131lar, \u2019\u2019parlamenter demokrasi\u2019\u2019nin asl\u0131nda\u2018\u2019klasik burjuva demokrasisi\u2019\u2019nin bir par\u00e7as\u0131 olmas\u0131 ger\u00e7e\u011finden hareketle, demokrasinin ger\u00e7ek anlam\u0131 ile hayata ge\u00e7ebilmesi yani halk\u0131n ger\u00e7ekten y\u00f6netimde s\u00f6z ve karar sahibi olabilmesi i\u00e7in, esasen yerel demokratik \u00f6rg\u00fctlenmelerin g\u00fc\u00e7lendirilmesi ve belli yetkilerle donat\u0131lmas\u0131n\u0131 savunur.<\/p>\n<p>_ \u00a0 \u00c7a\u011fda\u015f Demokrat Eczac\u0131lar, her t\u00fcrden \u0131rk\u00e7\u0131, \u015fovenist, militarist yakla\u015f\u0131mlara kararl\u0131l\u0131kla tav\u0131r alarak, \u2018\u00f6zg\u00fcrl\u00fck\u00e7\u00fc ve demokratik zeminlerde olu\u015facak tart\u0131\u015fmalar\u0131, fikirsel bir zenginlik olarak kabul eder. Bu anlamda \u2018\u2019K\u00fcrt Sorunu\u2019\u2019nun, emperyalizmin de\u011fil halklar\u0131n ger\u00e7ek iradesinin ortaya koydu\u011fu yolda, bar\u0131\u015f\u00e7\u0131l ve demokratik y\u00f6ntemlerle \u00e7\u00f6z\u00fclmesini savunur. Bu \u00e7\u00f6z\u00fcm\u00fcn, T\u00fcrkiye\u2019nin genelinde ya\u015fanacak bir \u00f6zg\u00fcrle\u015fme ve demokratikle\u015fme s\u00fcrecinin bir par\u00e7as\u0131 olmas\u0131 halinde, anlaml\u0131 sonu\u00e7lara ula\u015f\u0131laca\u011f\u0131n\u0131 tespit eder.<\/p>\n<p>_ \u00a0 \u00c7a\u011fda\u015f Demokrat Eczac\u0131lar, evrensel anlamda solun \u00fczerinde y\u00fckseldi\u011fi temel zemin olan ayd\u0131nlanma devrimlerinin ba\u015fta laiklik anlay\u0131\u015f\u0131 olmak \u00fczere y\u0131lmaz savunucusudur. Bu anlamda, \u00fclkenin son 200 y\u0131ll\u0131k siyasal s\u00fcrecindeki ilerici yakla\u015f\u0131mlara ve elbette ki cumhuriyetin kazan\u0131mlar\u0131na kararl\u0131l\u0131kla sahip \u00e7\u0131kar ve her t\u00fcrden siyasal gerici, \u015feriat\u00e7\u0131 ak\u0131mlara kar\u015f\u0131 durur. Alevilerin, ba\u015fta Diyanet\u2019in yap\u0131s\u0131 olmak \u00fczere,t\u00fcm k\u00fclt\u00fcrel-demokratik taleplerinin ve gayrim\u00fcslim yurtta\u015flar\u0131m\u0131z\u0131n hakl\u0131 istemlerinin yan\u0131nda olur.<\/p>\n<p>_ \u00a0 \u00c7a\u011fda\u015f Demokrat Eczac\u0131lar\u2026\u2026\u2026. \u00a0BENDEN BU KADAR, gerisini birlikte olu\u015fturmak dile\u011fiyle\u2026<\/p>\n<p>\u00a0<\/p>\n<p>Not: \u201cUlusalc\u0131 sol\u201d ve \u201cliberal sol\u201d yakla\u015f\u0131mlara daha sonraki bir yaz\u0131mda de\u011finece\u011fim.<\/p>\n<p>\u00a0<\/p>\n","protected":false},"excerpt":{"rendered":"<p>Ecz. Nabi Altunay &#8220;\u00c7a\u011fda\u015f Eczac\u0131l\u0131k Hareketi&#8221; 70\u2019li y\u0131llarda, \u00fclkedeki ila\u00e7 eczac\u0131l\u0131k d\u00fczenini sorgulayan, devrimci, sosyalist, solcu gen\u00e7li\u011fin \u00f6nc\u00fcl\u00fc\u011f\u00fcnde kurulmu\u015f bir&#46;&#46;&#46;<\/p>\n","protected":false},"author":15,"featured_media":0,"comment_status":"closed","ping_status":"closed","sticky":false,"template":"","format":"standard","meta":{"_jetpack_memberships_contains_paid_content":false,"footnotes":""},"categories":[55],"tags":[],"class_list":["post-2907","post","type-post","status-publish","format-standard","hentry","category-ecz-nabi-altunay"],"aioseo_notices":[],"jetpack_featured_media_url":"","jetpack_sharing_enabled":true,"jetpack-related-posts":[],"_links":{"self":[{"href":"http:\/\/www.ced.org.tr\/index.php?rest_route=\/wp\/v2\/posts\/2907","targetHints":{"allow":["GET"]}}],"collection":[{"href":"http:\/\/www.ced.org.tr\/index.php?rest_route=\/wp\/v2\/posts"}],"about":[{"href":"http:\/\/www.ced.org.tr\/index.php?rest_route=\/wp\/v2\/types\/post"}],"author":[{"embeddable":true,"href":"http:\/\/www.ced.org.tr\/index.php?rest_route=\/wp\/v2\/users\/15"}],"replies":[{"embeddable":true,"href":"http:\/\/www.ced.org.tr\/index.php?rest_route=%2Fwp%2Fv2%2Fcomments&post=2907"}],"version-history":[{"count":1,"href":"http:\/\/www.ced.org.tr\/index.php?rest_route=\/wp\/v2\/posts\/2907\/revisions"}],"predecessor-version":[{"id":3964,"href":"http:\/\/www.ced.org.tr\/index.php?rest_route=\/wp\/v2\/posts\/2907\/revisions\/3964"}],"wp:attachment":[{"href":"http:\/\/www.ced.org.tr\/index.php?rest_route=%2Fwp%2Fv2%2Fmedia&parent=2907"}],"wp:term":[{"taxonomy":"category","embeddable":true,"href":"http:\/\/www.ced.org.tr\/index.php?rest_route=%2Fwp%2Fv2%2Fcategories&post=2907"},{"taxonomy":"post_tag","embeddable":true,"href":"http:\/\/www.ced.org.tr\/index.php?rest_route=%2Fwp%2Fv2%2Ftags&post=2907"}],"curies":[{"name":"wp","href":"https:\/\/api.w.org\/{rel}","templated":true}]}}