{"id":2908,"date":"2012-11-28T19:01:11","date_gmt":"2012-11-28T17:01:11","guid":{"rendered":"http:\/\/www.ced.org.tr\/?p=2908"},"modified":"2014-05-16T00:58:33","modified_gmt":"2014-05-15T21:58:33","slug":"teb-38-donem-2-bolgelerarasi-toplantisi-hissettiklerim-duyamadiklarim","status":"publish","type":"post","link":"http:\/\/www.ced.org.tr\/?p=2908","title":{"rendered":"TEB 38. D\u00f6nem 2. B\u00f6lgeleraras\u0131 Toplant\u0131s\u0131, Hissettiklerim, Duyamad\u0131klar\u0131m"},"content":{"rendered":"<p><strong>Ecz. Sevgi Kavak<\/strong><\/p>\n<p>54 eczac\u0131 odas\u0131 ba\u015fkan ve temsilcilerinin, \u00f6ncelikle mesleki \u00a0ve ekonomik sorunlar\u0131m\u0131z\u0131n \u00e7\u00f6z\u00fcm\u00fc i\u00e7in bir araya geldi\u011fi \u00a0bu toplant\u0131da, her\u015feyin g\u00fcll\u00fck g\u00fclistanl\u0131k oldu\u011funu duymak beni \u015fa\u015f\u0131rtt\u0131. 12000 eczanenin ayl\u0131k gelirinin 3400 TL civar\u0131nda oldu\u011fu s\u00f6ylenmeseydi, 30 y\u0131ld\u0131r beklenen bu yasa ile y\u00f6neticilerimizin b\u00fct\u00fcn sorunlar\u0131m\u0131z\u0131 \u00e7\u00f6zece\u011fine inan\u0131r ve \u00a0ba\u015far\u0131lar\u0131n\u0131 kutlard\u0131m. 54 oda ba\u015fkan\u0131ndan sadece yar\u0131s\u0131n\u0131n<\/p>\n<p>s\u00f6z ald\u0131\u011f\u0131 toplant\u0131da \u0130stanbul Eczac\u0131 Odas\u0131 ba\u015fkan ve temsilcilerinin bu pembe tablonun di\u011fer y\u00fcz\u00fcn\u00fc g\u00f6stermeleri y\u00f6neticileri rahats\u0131z etti.<\/p>\n<p>\u00a0<\/p>\n<p>T\u00fcm y\u00f6neticilerimizin siyasi mesajlar\u0131n\u0131 anlaml\u0131 buldum. \u00dclkemizdeki ve \u00a0eczanelerimizdeki yang\u0131n\u0131 yorumlamalar\u0131 bende ilerde siyasette at\u0131lacaklar\u0131 hissini yaratt\u0131. Hatta baz\u0131 ba\u015fkanlar siyasi parti toplant\u0131s\u0131ndaym\u0131\u015f gibi heyecanland\u0131. Yad\u0131rgam\u0131yorum, son y\u0131llarda iki miletvekili \u00e7\u0131karm\u0131\u015f \u00f6rg\u00fct\u00fcm\u00fcz\u00fcn y\u00f6netici ve ba\u015fkanlar\u0131d\u0131r, tabi\u00a0ki milletvekili se\u00e7ileceklerdir. Toplumun en g\u00fcvenilr meslek \u00f6rg\u00fct\u00fcd\u00fcr. Benim kabulenmedi\u011fim, meslek \u00f6rg\u00fct\u00fcn\u00fc basamak olarak kullanmalar\u0131, bunu d\u00fc\u015f\u00fcn\u00fcyorlarsa bu ortam\u0131 kendi imkanlar\u0131 ile olu\u015fturmalar\u0131d\u0131r.<\/p>\n<p>Toplant\u0131ya damgas\u0131n\u0131 vuran y\u00f6netmelik oldu. Y\u00f6netmelikte yard\u0131mc\u0131 eczac\u0131l\u0131k ve ikinci eczac\u0131l\u0131k \u00e7ok konu\u015fuldu. Y\u0131ll\u0131k ciro veya re\u00e7ete say\u0131s\u0131 da konular\u0131nda da \u00e7\u00f6z\u00fcm d\u00fc\u015f\u00fcn\u00fcld\u00fc. &#8220;Eczac\u0131 emeklili\u011fi&#8221; konusu ise hi\u00e7 konu\u015fulmad\u0131. \u00a0Evet eczac\u0131 emekli olmal\u0131d\u0131r. \u0130\u011fneyi kendimize bat\u0131ral\u0131m. 80 ya\u015f\u0131nda eczac\u0131 (ad\u0131 bende sakl\u0131) eczane a\u00e7mamal\u0131. Eczac\u0131 mutlaka 67 ya\u015f veya 68 ya\u015f\u0131nda, Avrupadaki \u00a0gibi emekli olmal\u0131d\u0131r. Diyelim ki eczanesinden kopam\u0131yor, sahibi olabilir ikinci eczac\u0131 m\u00fcd\u00fcr\u00fc olmal\u0131d\u0131r. Yoksa eczac\u0131, \u00a0var olan 19 eczac\u0131l\u0131k fak\u00fcltesi ve kurulu\u015fu haz\u0131rlanm\u0131\u015f 12 eczac\u0131l\u0131k fak\u00fcltesinden mezun olacak eczac\u0131lara istihdam yaratamaz ve gen\u00e7 eczac\u0131lar\u0131n \u00f6n\u00fcn\u00fc a\u00e7amaz. Haz\u0131rlanan y\u00f6netmelikte, ba\u015fkanlar\u0131m\u0131z\u0131n s\u00f6ylediklerine g\u00f6re, ancak 300 civar\u0131nda eczane ikincini eczac\u0131ya ihtiya\u00e7 duyacakt\u0131r, s\u00fcre\u00e7te i\u015fsiz eczac\u0131lar artacakt\u0131r.<\/p>\n<p>Ba\u011fkur \u00a0emekli maa\u015f\u0131 ile ya\u015fam\u0131n\u0131 s\u00fcrd\u00fcremeyecek olan eczac\u0131lar kendilerini hi\u00e7bir zaman emekli olmaya haz\u0131r g\u00f6remez. Ancak T\u00fcrk Eczac\u0131lar\u0131 Birli\u011fi&#8217;nin, kurulu\u015f ama\u00e7lar\u0131ndan biri olarak g\u00f6sterdi\u011fi, &#8220;Yard\u0131mla\u015fma Sand\u0131\u011f\u0131&#8221; bu konuda devreye girmelidir. Kuruldu\u011fu g\u00fcnden bug\u00fcne kadar eczac\u0131 emekli maa\u015f\u0131 \u00f6deyebilecek yeterli birikimin olu\u015ftu\u011funu san\u0131yorum. Kaynaklar\u0131n yerinde kullan\u0131lmas\u0131 ile bu hi\u00e7 de zor olmaz. Zira yine bu toplant\u0131da TEB&#8217;in ithal ila\u00e7ta 10 ayl\u0131k sat\u0131\u015f\u0131n\u0131n 352 milyon TL oldu\u011funu \u00f6\u011frendim.<\/p>\n<p>Bu ve benzeri \u00a0kaynaklar siyasete harcanaca\u011f\u0131 yerde eczac\u0131n\u0131n gelecek kayg\u0131s\u0131n\u0131 ortadan kald\u0131racak emeklilik projesine y\u00f6nlendirilmelidir.<\/p>\n<p>Ancak bu sayede eczac\u0131, gelecek kayg\u0131s\u0131 olmadan mesle\u011fini yeni eczac\u0131lara g\u00f6n\u00fcll\u00fc olarak devredebilir. Aksi takdirde \u00a0gen\u00e7 eczac\u0131lar kendilerine alan bulamazlar.<\/p>\n<p>\u0130kinci \u00e7ok \u00f6nemli konu eczac\u0131n\u0131n e\u011fitimidir. Ba\u011f\u0131ms\u0131z kaynaklardan, bilimsel ve tarafs\u0131z olarak \u00a0verilecek, eczac\u0131n\u0131n mesleki bilgi birikimine katk\u0131 sa\u011flayacak e\u011fitim sertifikaland\u0131rma, kredilendirme yolu ile eczac\u0131y\u0131 g\u00fcncellemelidir. Eczanelerimizde her\u015feye talibiz, kilinik eczac\u0131l\u0131k diyoruz, farmas\u00f6tik bak\u0131m istiyoruz ama yap\u0131lan \u00a0ara\u015ft\u0131rmalarda toplam eczac\u0131 say\u0131s\u0131n\u0131n %10&#8217;u meslek i\u00e7i e\u011fitim ve toplant\u0131lar\u0131na kat\u0131l\u0131yor, bunun mutlaka d\u00fczenlenmesi gerekiyor. Ancak meslek i\u00e7i e\u011fitim toplant\u0131 ve gezileri amac\u0131ndan sapmamal\u0131, toplum sa\u011fl\u0131\u011f\u0131 ve mesleki geli\u015fim d\u0131\u015f\u0131na kaymamal\u0131d\u0131r.<\/p>\n<p>Erdo\u011fan ba\u015fkan\u0131m\u0131z\u0131n &#8220;eczanelerin vitrinlerine bakam\u0131yorum&#8221; s\u00f6z\u00fc \u00e7ok do\u011frudur. Mutlaka eczanelerimizi ve vitrinlerimizi, totemlerimizi temizlememiz gerekiyor.<\/p>\n<p>\u0130la\u00e7 d\u0131\u015f\u0131 kategoriye y\u00f6nelen meslekta\u015flar\u0131m\u0131z, eczanelerinin beyazl\u0131\u011f\u0131na (beyaz sa\u011fl\u0131\u011f\u0131n ve temizli\u011fin simgesidir) \u00e7ok \u00f6nem vermelidirler.<\/p>\n<p>Vitrinlerimiz beyaz, eczane ismi ve eczaci isminin d\u0131\u015f\u0131nda ba\u015fka bir sey olmamal\u0131, temiz olmal\u0131d\u0131r, En \u00f6nemlisi <strong>etik temizliktir. <\/strong><\/p>\n<p>Sevgilerimle,<\/p>\n<p>\u00a0<\/p>\n<p>Eczac\u0131 Sevgi Kavak<br \/>\u0130stanbul Eczac\u0131 Odas\u0131 38. D\u00f6nem TEB Delegesi<\/p>\n<p>\u00a0<\/p>\n","protected":false},"excerpt":{"rendered":"<p>Ecz. Sevgi Kavak 54 eczac\u0131 odas\u0131 ba\u015fkan ve temsilcilerinin, \u00f6ncelikle mesleki \u00a0ve ekonomik sorunlar\u0131m\u0131z\u0131n \u00e7\u00f6z\u00fcm\u00fc i\u00e7in bir araya geldi\u011fi \u00a0bu&#46;&#46;&#46;<\/p>\n","protected":false},"author":3,"featured_media":0,"comment_status":"closed","ping_status":"closed","sticky":false,"template":"","format":"standard","meta":{"_jetpack_memberships_contains_paid_content":false,"footnotes":""},"categories":[56],"tags":[],"class_list":["post-2908","post","type-post","status-publish","format-standard","hentry","category-ecz-sevgi-kavak"],"aioseo_notices":[],"jetpack_featured_media_url":"","jetpack_sharing_enabled":true,"jetpack-related-posts":[],"_links":{"self":[{"href":"http:\/\/www.ced.org.tr\/index.php?rest_route=\/wp\/v2\/posts\/2908","targetHints":{"allow":["GET"]}}],"collection":[{"href":"http:\/\/www.ced.org.tr\/index.php?rest_route=\/wp\/v2\/posts"}],"about":[{"href":"http:\/\/www.ced.org.tr\/index.php?rest_route=\/wp\/v2\/types\/post"}],"author":[{"embeddable":true,"href":"http:\/\/www.ced.org.tr\/index.php?rest_route=\/wp\/v2\/users\/3"}],"replies":[{"embeddable":true,"href":"http:\/\/www.ced.org.tr\/index.php?rest_route=%2Fwp%2Fv2%2Fcomments&post=2908"}],"version-history":[{"count":1,"href":"http:\/\/www.ced.org.tr\/index.php?rest_route=\/wp\/v2\/posts\/2908\/revisions"}],"predecessor-version":[{"id":3953,"href":"http:\/\/www.ced.org.tr\/index.php?rest_route=\/wp\/v2\/posts\/2908\/revisions\/3953"}],"wp:attachment":[{"href":"http:\/\/www.ced.org.tr\/index.php?rest_route=%2Fwp%2Fv2%2Fmedia&parent=2908"}],"wp:term":[{"taxonomy":"category","embeddable":true,"href":"http:\/\/www.ced.org.tr\/index.php?rest_route=%2Fwp%2Fv2%2Fcategories&post=2908"},{"taxonomy":"post_tag","embeddable":true,"href":"http:\/\/www.ced.org.tr\/index.php?rest_route=%2Fwp%2Fv2%2Ftags&post=2908"}],"curies":[{"name":"wp","href":"https:\/\/api.w.org\/{rel}","templated":true}]}}