{"id":2909,"date":"2006-11-01T10:18:28","date_gmt":"2006-11-01T08:18:28","guid":{"rendered":"http:\/\/www.ced.org.tr\/?p=2909"},"modified":"2014-05-16T00:58:21","modified_gmt":"2014-05-15T21:58:21","slug":"aksamdan-sabaha","status":"publish","type":"post","link":"http:\/\/www.ced.org.tr\/?p=2909","title":{"rendered":"AK\u015eAMDAN SABAHA!.."},"content":{"rendered":"<div>\n<h4>AK\u015eAMDAN SABAHA!..<\/h4>\n<\/div>\n<p>Erdostin \u015furup ve tablet formlar\u0131n\u0131, 8.11.2006 tarihinden itibaren t\u00fcm hekimler yazabiliyor.<br \/> Daha, 26.10.2006 tarihinde Maliye Bakanl\u0131\u011f\u0131\u2019n\u0131n yay\u0131nlad\u0131\u011f\u0131 genelgeye g\u00f6re k\u0131s\u0131tlama getirilmi\u015fti.<br \/> Buna g\u00f6re; \u201cErdostein\u201d etken maddesini i\u00e7eren ila\u00e7lar\u0131, sadece eri\u015fkin\/\u00e7ocuk g\u00f6\u011f\u00fcs hastal\u0131klar\u0131<br \/> uzman\u0131 yazabilecekti. \u015eimdi insan ister-istemez d\u00fc\u015f\u00fcn\u00fcyor; ne oldu? 12 g\u00fcnde ne de\u011fi\u015fti?<br \/> Acaba hata yap\u0131ld\u0131 da sonradan m\u0131 fark edildi?<\/p>\n<p>Ben bu uygulama nedeniyle kanserli bir hastama Erdostin tableti veremedim. Hastam,<br \/>daha \u00f6nce alabildi\u011fini s\u00f6yleyince, bende de\u011fi\u015fen kural\u0131 g\u00f6sterdim. Hastam\u0131n ho\u015funa gitmese de<br \/>\u00fcz\u00fclerek durumu kabullendi. Ancak, iki g\u00fcn sonra bir ba\u015fka eczaneden ald\u0131\u011f\u0131 Erdostin tableti bana \u00f6stermeye geldi. \u0130lac\u0131n\u0131 daha \u00f6nce benden alamad\u0131\u011f\u0131 i\u00e7in sinirliydi..Hastam\u0131n bana ve mesle\u011fime g\u00fcveni ars\u0131lm\u0131\u015ft\u0131. Ni\u00e7in? Su\u00e7lu veya kabahatli kim? Bir \u00f6z\u00fcr dilemek yok mu?<\/p>\n<p>\u0130\u015fin di\u011fer y\u00f6n\u00fcne ge\u00e7elim, de\u011fi\u015fiklikler bilin\u00e7li mi yap\u0131ld\u0131 acaba? \u00d6te yandan ilac\u0131n kamu<br \/>fiyat\u0131n\u0131n d\u00fc\u015fm\u00fc\u015f oldu\u011funu g\u00f6r\u00fcyoruz. Ne oldu da ilac\u0131n kamu fiyat\u0131 d\u00fc\u015ft\u00fc? \u0130ki g\u00fcnde ne de\u011fi\u015fti?<br \/>Yoksa bilmedi\u011fimiz bir pazarl\u0131k m\u0131 yap\u0131l\u0131yor?<\/p>\n<p>\u0130lac\u0131n fiyat\u0131n\u0131n d\u00fc\u015fmesi \u00e7ok sevindirici. Ama burada ilac\u0131n fiyat\u0131 d\u00fc\u015fm\u00fcyor, kamu fiyat\u0131 d\u00fc\u015f\u00fcyor! Yani ayn\u0131 ilac\u0131 alan bir ki\u015fi 10 YTL \u00f6d\u00fcyor, di\u011feri 7 YTL \u00f6d\u00fcyor. Devlet, sigortal\u0131 olan vatanda\u015f\u0131n\u0131n ald\u0131\u011f\u0131 ila\u00e7 i\u00e7in 7 YTL \u00f6d\u00fcyor. Bu \u00f6demeyi de en az doksan g\u00fcn sonra yap\u0131yor. Vatanda\u015f cebindeki para ile pe\u015fin olarak 10 YTL\u2019ye al\u0131yor. Kemal Sunal\u2019\u0131n bir filmi vard\u0131; amele olarak \u00e7al\u0131\u015ft\u0131\u011f\u0131 in\u015faat alan\u0131nda herkes maa\u015f\u0131n\u0131 al\u0131yor, di\u011fer \u00e7al\u0131\u015fanlar\u0131n kendisinden daha fazla \u00fccret ald\u0131\u011f\u0131n\u0131 g\u00f6r\u00fcyor ve nedenini soruyor. Cevap\u2019\u2019Onlar sendikal\u0131\u2019\u2019 oluyor.Bizimki sendikal\u0131 ne bilmiyor.\u2019\u2019Ben de Harranl\u0131y\u0131m\u2019\u2019diyor. Ben de anlam\u0131yorum; vatanda\u015f ayr\u0131, sigortal\u0131 vatanda\u015f ayr\u0131 m\u0131?<\/p>\n<p>Ayr\u0131ca, bu t\u00fcr d\u00fc\u015f\u00fc\u015flerde eczac\u0131 haks\u0131z olarak ekonomik zarara u\u011framakta. Eczac\u0131n\u0131n, raf\u0131nda bekletti\u011fi ila\u00e7 oran\u0131nda ekonomik zarar\u0131 olu\u015fmaktad\u0131r. Olu\u015fan fark\u0131 ve eczac\u0131n\u0131n ekonomik zarar\u0131n\u0131 \u00fcreticinin kar\u015f\u0131lamas\u0131 gerekirken, keyfi bir durumla kar\u015f\u0131 kar\u015f\u0131yay\u0131z. \u00c7\u00fcnk\u00fc, aram\u0131zdaki hukukta b\u00f6yle bir madde yoktur. Onun insaf\u0131na ve benim de g\u00fcc\u00fcme ba\u011fl\u0131. \u00d6yleyse bu durum, sa\u011fl\u0131k alan\u0131nda sa\u011fl\u0131ks\u0131z bir ili\u015fki olu\u015fturmaz m\u0131?( Bu olayda sadece Erdostin tablet ve \u015furubu \u00fcreten firmay\u0131 kastetmedi\u011fimi belirtmem gerekir. Benzer olaylar\u0131 ya\u015fad\u0131\u011f\u0131m\u0131z ve ya\u015fayaca\u011f\u0131m\u0131z firmalar\u0131 da kastediyorum.)<\/p>\n<p>Ak\u015famdan sabaha de\u011fi\u015fen B\u00fct\u00e7e Uygulama Talimat\u0131, bizleri ve mesle\u011fimizi erozyona u\u011frat\u0131yor. B\u00fct\u00e7e Uygulama Talimat\u0131, o y\u0131l\u0131n ba\u015f\u0131nda yay\u0131nlan\u0131r ve o y\u0131l i\u00e7in ge\u00e7erli olur ve de \u00e7ok hayati bir durum olmad\u0131k\u00e7a y\u0131l i\u00e7inde de\u011fi\u015fmez. Bizler y\u0131l i\u00e7inde de\u011fi\u015fen kurallarla de\u011fil, hastam\u0131zla ilgilenmek istiyoruz. Herkese kolay gelsin.<\/p>\n","protected":false},"excerpt":{"rendered":"<p>AK\u015eAMDAN SABAHA!.. Erdostin \u015furup ve tablet formlar\u0131n\u0131, 8.11.2006 tarihinden itibaren t\u00fcm hekimler yazabiliyor. Daha, 26.10.2006 tarihinde Maliye Bakanl\u0131\u011f\u0131\u2019n\u0131n yay\u0131nlad\u0131\u011f\u0131 genelgeye&#46;&#46;&#46;<\/p>\n","protected":false},"author":4,"featured_media":0,"comment_status":"closed","ping_status":"closed","sticky":false,"template":"","format":"standard","meta":{"_jetpack_memberships_contains_paid_content":false,"footnotes":""},"categories":[57],"tags":[],"class_list":["post-2909","post","type-post","status-publish","format-standard","hentry","category-ecz-oktay-yuksel"],"aioseo_notices":[],"jetpack_featured_media_url":"","jetpack_sharing_enabled":true,"jetpack-related-posts":[],"_links":{"self":[{"href":"http:\/\/www.ced.org.tr\/index.php?rest_route=\/wp\/v2\/posts\/2909","targetHints":{"allow":["GET"]}}],"collection":[{"href":"http:\/\/www.ced.org.tr\/index.php?rest_route=\/wp\/v2\/posts"}],"about":[{"href":"http:\/\/www.ced.org.tr\/index.php?rest_route=\/wp\/v2\/types\/post"}],"author":[{"embeddable":true,"href":"http:\/\/www.ced.org.tr\/index.php?rest_route=\/wp\/v2\/users\/4"}],"replies":[{"embeddable":true,"href":"http:\/\/www.ced.org.tr\/index.php?rest_route=%2Fwp%2Fv2%2Fcomments&post=2909"}],"version-history":[{"count":1,"href":"http:\/\/www.ced.org.tr\/index.php?rest_route=\/wp\/v2\/posts\/2909\/revisions"}],"predecessor-version":[{"id":3963,"href":"http:\/\/www.ced.org.tr\/index.php?rest_route=\/wp\/v2\/posts\/2909\/revisions\/3963"}],"wp:attachment":[{"href":"http:\/\/www.ced.org.tr\/index.php?rest_route=%2Fwp%2Fv2%2Fmedia&parent=2909"}],"wp:term":[{"taxonomy":"category","embeddable":true,"href":"http:\/\/www.ced.org.tr\/index.php?rest_route=%2Fwp%2Fv2%2Fcategories&post=2909"},{"taxonomy":"post_tag","embeddable":true,"href":"http:\/\/www.ced.org.tr\/index.php?rest_route=%2Fwp%2Fv2%2Ftags&post=2909"}],"curies":[{"name":"wp","href":"https:\/\/api.w.org\/{rel}","templated":true}]}}