{"id":2911,"date":"2006-09-04T11:07:07","date_gmt":"2006-09-04T08:07:07","guid":{"rendered":"http:\/\/www.ced.org.tr\/?p=2911"},"modified":"2014-05-21T01:29:24","modified_gmt":"2014-05-20T22:29:24","slug":"butce-uygulama-talimati-ile-nereye","status":"publish","type":"post","link":"http:\/\/www.ced.org.tr\/?p=2911","title":{"rendered":"B\u00dcT\u00c7E UYGULAMA TAL\u0130MATI \u0130LE NEREYE?"},"content":{"rendered":"<p><strong><font size=\"3\"><font color=\"#000000\"><font face=\"Times New Roman\">B&Uuml;T&Ccedil;E UYGULAMA TAL\u0130MATI \u0130LE NEREYE?<\/font><\/font><\/font><\/strong> <\/p>\n<p style=\"margin: 6pt 0cm; text-indent: 26.95pt; text-align: justify\" class=\"MsoNormal\"><font face=\"Times New Roman\" size=\"3\" color=\"#000000\">10 \u015eubat 2005 tarihinde ba\u015flayan muamma h\u0131z kesmiyor. Gelinen son nokta, 15 May\u0131s 2006&rsquo;da y&uuml;r&uuml;rl&uuml;\u011fe girecek olan B&uuml;t&ccedil;e Uygulama Talimat\u0131 (BUT)&hellip;<\/font><\/p>\n<p><strong><font size=\"3\"><font color=\"#000000\"><font face=\"Times New Roman\">B&Uuml;T&Ccedil;E UYGULAMA TAL\u0130MATI \u0130LE NEREYE?<\/font><\/font><\/font><\/strong> <\/p>\n<p style=\"margin: 6pt 0cm; text-indent: 26.95pt; text-align: justify\" class=\"MsoNormal\"><font face=\"Times New Roman\" size=\"3\" color=\"#000000\">10 \u015eubat 2005 tarihinde ba\u015flayan muamma h\u0131z kesmiyor. Gelinen son nokta, 15 May\u0131s 2006&rsquo;da y&uuml;r&uuml;rl&uuml;\u011fe girecek olan B&uuml;t&ccedil;e Uygulama Talimat\u0131 (BUT)&hellip;<\/font><\/p>\n<p style=\"margin: 6pt 0cm; text-indent: 26.95pt; text-align: justify\" class=\"MsoNormal\"><font face=\"Times New Roman\" size=\"3\" color=\"#000000\">20 Aral\u0131k 2005&rsquo;te uygulamaya konan maddeler, yakla\u015f\u0131k 5 ay sonunda tekrar de\u011fi\u015fiyor:<\/font><\/p>\n<p style=\"margin: 6pt 0cm; text-indent: 27pt; text-align: justify; tab-stops: list 45.0pt\" class=\"MsoNormal\"><font color=\"#000000\"><span style=\"font-family: Symbol\"><span><font size=\"3\">&middot;<\/font><span style=\"font: 7pt &#39;Times New Roman&#39;\">&nbsp;&nbsp;&nbsp;&nbsp;&nbsp;&nbsp;&nbsp; <\/span><\/span><\/span><font face=\"Times New Roman\"><font size=\"3\">20.12.2005 tarihinde y&uuml;r&uuml;rl&uuml;\u011fe giren 18 no.lu Tedavi Yard\u0131m\u0131 Tebli\u011fi&rsquo;nin EK-2\/A listesinin A&ccedil;\u0131klamalar ba\u015fl\u0131kl\u0131 b&ouml;l&uuml;m&uuml;n&uuml;n 9. maddesinde yer alan <strong><em>&ldquo;&Uuml;st solunum yolu enfeksiyonlar\u0131nda re&ccedil;eteye antibiyotik yaz\u0131labilmesi i&ccedil;in, te\u015fhisin bakteriyel farenjit, tonsillit, tonsillo-farenjit, sin&uuml;zit ya da otitis media oldu\u011funun re&ccedil;etede belirtilmesi gerekir. Tonsillit ve farenjitte penisilin, penisilin t&uuml;revleri (kombine preparatlar\u0131 hari&ccedil;), eritromisin ve birinci ku\u015fak sefalosporin haricinde antibiyotik yaz\u0131lmas\u0131 i&ccedil;in k&uuml;lt&uuml;r-antibiyogram sonucu istenir.&rdquo;<\/em><\/strong><\/font><font size=\"3\"> h&uuml;km&uuml; 15.05.2006 tarihinden itibaren ge&ccedil;erli olmak &uuml;zere kald\u0131r\u0131lm\u0131\u015ft\u0131r. (EK-2\/A)<\/font><\/font><\/font><\/p>\n<p style=\"margin: 6pt 0cm; text-indent: 26.95pt; text-align: justify\" class=\"MsoNormal\"><font face=\"Times New Roman\" size=\"3\" color=\"#000000\">Be\u015f ay &ouml;nce bu maddeye uyum sa\u011flayabilmek i&ccedil;in hekim arkada\u015flar\u0131m\u0131z ve hastalar\u0131m\u0131z da en az biz eczac\u0131lar kadar s\u0131k\u0131nt\u0131 ya\u015fad\u0131lar. Yaz\u0131lan antibiyoti\u011fi kurumun kar\u015f\u0131lamas\u0131 i&ccedil;in hastal\u0131\u011f\u0131n\u0131n uygun olmad\u0131\u011f\u0131n\u0131 &ouml;\u011frenen hasta, solu\u011fu hekimin yan\u0131nda ald\u0131. Hastas\u0131na uygulamak istedi\u011fi ila&ccedil; tedavisinin, koydu\u011fu te\u015fhisle kurum taraf\u0131ndan uygun bulunmas\u0131 i&ccedil;in<span>&nbsp; <\/span>&ndash;elindeki olanaklarla yapamayaca\u011f\u0131&ndash; k&uuml;lt&uuml;r-antibiyogram gerekti\u011fini &ouml;\u011frenen hekim, &ccedil;areyi te\u015fhisini tedavisine uygun hale getirmekte buldu. Bu d&ouml;nemde, e\u011fer yap\u0131labiliyorsa, te\u015fhislerle ilgili istatistiksel verilerin &ccedil;ok saparak, bron\u015fit, sin&uuml;zit ve otitis media, vb. hastal\u0131klarda ciddi bir art\u0131\u015fa kar\u015f\u0131l\u0131k, tonsillit ve farenjitte ciddi bir d&uuml;\u015f&uuml;\u015f oldu\u011fu g&ouml;zlenebilir.<\/font><\/p>\n<p style=\"margin: 6pt 0cm; text-indent: 26.95pt; text-align: justify\" class=\"MsoNormal\"><font face=\"Times New Roman\" size=\"3\" color=\"#000000\">Eczac\u0131lar, zihinlerindeki &ldquo;bu maddenin tamam\u0131n\u0131n y&uuml;r&uuml;rl&uuml;kten kald\u0131r\u0131lmas\u0131, &Uuml;SYE te\u015fhisi ile antibiyotik yaz\u0131labilmesini m&uuml;mk&uuml;n k\u0131lacak m\u0131d\u0131r?&rdquo; sorusuna cevap aramakta&hellip;<\/font><\/p>\n<p style=\"margin: 6pt 0cm; text-indent: 27pt; text-align: justify; tab-stops: list 45.0pt\" class=\"MsoNormal\"><font color=\"#000000\"><span style=\"font-family: Symbol\"><span><font size=\"3\">&middot;<\/font><span style=\"font: 7pt &#39;Times New Roman&#39;\">&nbsp;&nbsp;&nbsp;&nbsp;&nbsp;&nbsp;&nbsp; <\/span><\/span><\/span><font face=\"Times New Roman\" size=\"3\">Pn&ouml;moni, bron\u015fektazi, osteomiyelit te\u015fhislerinde, hekim gerekli g&ouml;rd&uuml;\u011f&uuml; takdirde 10-14 g&uuml;nl&uuml;k tedavi dozunda antibiyotik re&ccedil;ete eder. Di\u011fer endikasyonlarda 5-7 g&uuml;nl&uuml;k antibiyotik tedavisi uygulan\u0131r. (Madde 12.1)<\/font><\/font><\/p>\n<p style=\"margin: 6pt 0cm; text-indent: 26.95pt; text-align: justify; tab-stops: list 45.0pt\" class=\"MsoNormal\"><font face=\"Times New Roman\" size=\"3\" color=\"#000000\">Bu madde ile, hastas\u0131na koydu\u011fu tan\u0131ya uygun antibiyotik tedavisine 5-7 g&uuml;nl&uuml;k dozun yeterli olmayaca\u011f\u0131n\u0131 d&uuml;\u015f&uuml;nen hekim, yine &ccedil;areyi te\u015fhisini tedavisine uygun hale getirmekte mi bulacak?&#8230; Ya da 5-7 g&uuml;nl&uuml;k antibiyotik tedavisi ile sa\u011fl\u0131\u011f\u0131na kavu\u015famayan hasta, tekrar hekime ba\u015fvurup, hekimi ve sistemi ikinci bir defa me\u015fgul m&uuml; edecek?&#8230; B&ouml;ylece, uygun doz ve s&uuml;rede kullan\u0131lacak antibiyotik ile bir defada tedavi edilecek olan hasta, daha uzun zamanda ve daha pahal\u0131ya m\u0131 tedavi olacak?&#8230; <\/font><\/p>\n<p><font color=\"#000000\"><span style=\"font-family: Symbol\"><span><font size=\"3\">&middot;<\/font><span style=\"font: 7pt &#39;Times New Roman&#39;\">&nbsp;&nbsp;&nbsp;&nbsp;&nbsp;&nbsp;&nbsp; <\/span><\/span><\/span><strong><em><font face=\"Times New Roman\" size=\"3\">&ldquo;Osteoporozla ve k\u0131r\u0131k olu\u015fumu ile ilgili di\u011fer risk fakt&ouml;rleri bulunan lomber b&ouml;lgeden posteroanterior veya lateral yap\u0131lan KMY &ouml;l&ccedil;&uuml;m&uuml;nde total L2-4 (veya L1-4) veya femoral b&ouml;lgeden yap\u0131lan KMY &ouml;l&ccedil;&uuml;m&uuml;nde total femur veya femur boynundan elde edilen &ldquo;T&rdquo; de\u011ferlerinden herhangi birinin -1,5 ile -2,5 aras\u0131nda oldu\u011fu hastalarda, kullan\u0131lacakt\u0131r&rdquo; <\/font><\/em><\/strong><font face=\"Times New Roman\"><font size=\"3\"><span>&nbsp;<\/span>maddesi &ccedil;\u0131kar\u0131ld\u0131.<strong><\/strong><\/font><\/font><\/font> <\/p>\n<p style=\"margin: 6pt 0cm; text-indent: 26.95pt; text-align: justify\" class=\"MsoNormal\"><font face=\"Times New Roman\" size=\"3\" color=\"#000000\">Bu maddenin y&uuml;r&uuml;rl&uuml;kten kald\u0131r\u0131lmas\u0131 ile, bu maddeye uygun raporu olan hastalar\u0131n raporlar\u0131 da 15 May\u0131s 2006 tarihinde ge&ccedil;erli\u011fini yitirmi\u015f olacak. Bu hastalara, bu durum kim taraf\u0131ndan ve nas\u0131l anlat\u0131lacak? Bu hastalar\u0131n 15 May\u0131s 2006&rsquo;dan &ouml;nce g&ouml;rmekte olduklar\u0131 osteoporoz tedavisi yanl\u0131\u015f m\u0131yd\u0131?<\/font><\/p>\n<p style=\"margin: 6pt 0cm; text-indent: 27pt; text-align: justify; tab-stops: list 45.0pt\" class=\"MsoNormal\"><font color=\"#000000\"><span style=\"font-family: Symbol\"><span><font size=\"3\">&middot;<\/font><span style=\"font: 7pt &#39;Times New Roman&#39;\">&nbsp;&nbsp;&nbsp;&nbsp;&nbsp;&nbsp;&nbsp; <\/span><\/span><\/span><font face=\"Times New Roman\" size=\"3\">Yan\u0131k tedavilerinde, anemilerde, refl&uuml;de ve GIS &uuml;lserlerinde hekim taraf\u0131ndan tedavi s&uuml;resi belirtilmek kayd\u0131yla en fazla bir ayl\u0131k dozda ila&ccedil; yaz\u0131labilir. (Madde 12.1.c)<\/font><\/font><\/p>\n<p style=\"margin: 6pt 0cm; text-indent: 26.95pt; text-align: justify\" class=\"MsoNormal\"><font face=\"Times New Roman\" size=\"3\" color=\"#000000\">Be\u015f ay &ouml;nce, anlayamad\u0131\u011f\u0131m\u0131z bir nedenle yedi g&uuml;nl&uuml;k tedavi dozunda vermek zorunda kald\u0131\u011f\u0131m\u0131z ila&ccedil;lar\u0131n &ouml;denme ko\u015fullar\u0131, tekrar eski haline getiriliyor.<\/font><\/p>\n<p style=\"margin: 6pt 0cm; text-indent: 26.95pt; text-align: justify\" class=\"MsoNormal\"><font face=\"Times New Roman\" size=\"3\" color=\"#000000\">Ayr\u0131ca, Ginkgo Biloba ekstresi i&ccedil;eren ila&ccedil;lar, &ouml;denecek ila&ccedil;lar listesinden &ccedil;\u0131kar\u0131ld\u0131. Etodolak 400 mg, art\u0131k uzman hekimler taraf\u0131nda re&ccedil;ete edilebilir oldu. Pantoprazol, esomeprazol, rabeprazol i&ccedil;eren ila&ccedil;lar\u0131n &ouml;denme ko\u015fullar\u0131, zor bir prosed&uuml;re ba\u011fland\u0131. Bu ve benzeri bir&ccedil;ok de\u011fi\u015fiklik (EK-2\/A) sonucunda, eczanelerimizde bulunan ilgili ila&ccedil; stoklar\u0131n\u0131 eritmek i&ccedil;in yeterli zaman yine verilmedi. Bu de\u011fi\u015fikliklerin maddi k&uuml;lfetini kar\u015f\u0131lamak, yine biz eczac\u0131lara kald\u0131.<\/font><\/p>\n<p style=\"margin: 6pt 0cm; text-indent: 26.95pt; text-align: justify\" class=\"MsoNormal\"><font face=\"Times New Roman\" size=\"3\" color=\"#000000\">Ayn\u0131 zamanda, e\u015fde\u011fer ila&ccedil; bedellerinin &ouml;denmesinde, en ucuzunun %30&rsquo;una kadar olan s\u0131n\u0131r, %22&rsquo;ye d&uuml;\u015f&uuml;r&uuml;ld&uuml;. B&ouml;ylece pek &ccedil;ok ila&ccedil;, &ouml;denme aral\u0131\u011f\u0131 d\u0131\u015f\u0131nda kal\u0131rken, pek &ccedil;o\u011funun mevcut fiyat fark\u0131 daha da artacak. Bunun sonucunda, ila&ccedil; firmalar\u0131n\u0131n, ila&ccedil;lar\u0131n\u0131n &ouml;denebilir fiyat aral\u0131\u011f\u0131 i&ccedil;inde yer almas\u0131 i&ccedil;in fiyatlar\u0131n\u0131 d&uuml;\u015f&uuml;rme yoluna gitmeleri durumunda, elimizdeki ila&ccedil;lar nedeniyle u\u011frayaca\u011f\u0131m\u0131z zarar, yine biz eczac\u0131lar\u0131n s\u0131rt\u0131na m\u0131 y&uuml;klenecek?<\/font><\/p>\n<p style=\"margin: 6pt 0cm; text-indent: 26.95pt; text-align: justify\" class=\"MsoNormal\"><font face=\"Times New Roman\" size=\"3\" color=\"#000000\">Kurumlar\u0131n re&ccedil;ete provizyon programlar\u0131nda, ayn\u0131 B&uuml;t&ccedil;e Uygulama Talimat\u0131na tabi olmalar\u0131na ra\u011fmen, ayn\u0131 ila&ccedil;lara birbirinden farkl\u0131 fiyat farklar\u0131 &ccedil;\u0131kmas\u0131n\u0131n sebebi de sorgulanmas\u0131 gereken konular aras\u0131nda de\u011ferlendirilmelidir.<\/font><\/p>\n<p style=\"margin: 6pt 0cm; text-indent: 26.95pt; text-align: justify\" class=\"MsoNormal\"><font face=\"Times New Roman\" size=\"3\" color=\"#000000\">Farkl\u0131 iskonto uygulamas\u0131, eczanelerin birbirleri ile rekabet edebilir hale gelece\u011fi &ouml;ng&ouml;r&uuml;s&uuml;n&uuml;n aksine, eczaneler aras\u0131ndaki dengesiz gelir da\u011f\u0131l\u0131m\u0131n\u0131 art\u0131racakt\u0131r. Zira, T&uuml;rkiye&rsquo;deki serbest eczanelerin %0,9&rsquo;u, y\u0131ll\u0131k cirolar\u0131na g&ouml;re ila&ccedil; pazar\u0131n\u0131n eczaneler aras\u0131 da\u011f\u0131l\u0131m\u0131ndan %27,5&rsquo;lik bir paya sahip oldu\u011fu, &Ccedil;a\u011fda\u015f Eczac\u0131lar Derne\u011fi \u0130stanbul \u015eubesi&rsquo;nin &ccedil;\u0131kard\u0131\u011f\u0131 &ldquo;&Ccedil;a\u011fda\u015f Eczac\u0131&rdquo; dergisinin Nisan 2006 say\u0131s\u0131nda, Ecz.Rafet \u015eAH\u0130N taraf\u0131ndan haz\u0131rlanan yaz\u0131da, &ccedil;arp\u0131c\u0131 bi&ccedil;imde ortaya konmu\u015ftur.<\/font><\/p>\n<p style=\"margin: 6pt 0cm; text-indent: 26.95pt; text-align: justify\" class=\"MsoNormal\"><font face=\"Times New Roman\" size=\"3\" color=\"#000000\">B&uuml;t&ccedil;e Uygulama Talimat\u0131n\u0131n bu kadar s\u0131k de\u011fi\u015ftirilmesi, eczac\u0131n\u0131n takibini &ccedil;ok zorla\u015ft\u0131rmakta ve maddi zarara u\u011framas\u0131na neden olmaktad\u0131r. \u0130la&ccedil; al\u0131m\u0131 yaparken, re&ccedil;ete kar\u015f\u0131larken, k\u0131saca eczac\u0131l\u0131k mesle\u011fini icra ederken ya\u015fad\u0131\u011f\u0131m\u0131z bu tedirginlik, gelece\u011fimize g&uuml;venle bakmam\u0131z\u0131 engellemektedir. Re&ccedil;ete te\u015fhislerinin, e-re&ccedil;ete uygulamas\u0131 hayata ge&ccedil;irilene kadar, kodu ile birlikte yaz\u0131lmas\u0131 ve provizyon programlar\u0131n\u0131n girilecek bu kodlar\u0131 dikkate alarak i\u015flem yapmalar\u0131, eczac\u0131n\u0131n BUT h&uuml;k&uuml;mlerindeki de\u011fi\u015fiklikleri takibini kolayla\u015ft\u0131racakt\u0131r.<\/font><\/p>\n<p style=\"margin: 6pt 0cm; text-indent: 26.95pt; text-align: justify\" class=\"MsoNormal\"><font face=\"Times New Roman\" size=\"3\" color=\"#000000\">As\u0131l sorgulanmas\u0131 gereken nokta, bu kadar k\u0131sa zamanda, geriye d&ouml;n&uuml;\u015fler de i&ccedil;eren de\u011fi\u015fikliklerin ger&ccedil;ek nedenleridir. Be\u015f ay &ouml;nce yanl\u0131\u015f oldu\u011fu d&uuml;\u015f&uuml;n&uuml;len h&uuml;k&uuml;mlerin, asl\u0131nda do\u011fru oldu\u011fu mu anla\u015f\u0131lm\u0131\u015ft\u0131r?&#8230;<\/font><\/p>\n<p style=\"margin: 6pt 0cm; text-indent: 26.95pt; text-align: justify\" class=\"MsoNormal\"><font face=\"Times New Roman\" size=\"3\" color=\"#000000\">Sonu&ccedil; olarak; B&uuml;t&ccedil;e Uygulama Talimat\u0131 haz\u0131rlan\u0131rken, halk sa\u011fl\u0131\u011f\u0131 ve ilac\u0131n etkin kullan\u0131m\u0131n\u0131, devlet b&uuml;t&ccedil;esindeki ila&ccedil; &ouml;deme y&uuml;k&uuml;n&uuml;n hafifletilmesinin &uuml;zerinde tutulmal\u0131d\u0131r. &Ccedil;&ouml;z&uuml;m, halk\u0131n ila&ccedil; al\u0131m\u0131n\u0131 s\u0131n\u0131rlamak, eczac\u0131y\u0131 gereksiz karma\u015fa ve kesintilerle y\u0131pratmak de\u011fil, sa\u011fl\u0131k zincirinin t&uuml;m halkalar\u0131n\u0131 g&uuml;&ccedil;lendirecek do\u011fru bir sa\u011fl\u0131k politikas\u0131n\u0131n belirlenmesi ve uygulanmas\u0131na &ccedil;al\u0131\u015fmakt\u0131r.<\/font><\/p>\n","protected":false},"excerpt":{"rendered":"<p>B&Uuml;T&Ccedil;E UYGULAMA TAL\u0130MATI \u0130LE NEREYE? 10 \u015eubat 2005 tarihinde ba\u015flayan muamma h\u0131z kesmiyor. Gelinen son nokta, 15 May\u0131s 2006&rsquo;da y&uuml;r&uuml;rl&uuml;\u011fe&#46;&#46;&#46;<\/p>\n","protected":false},"author":9,"featured_media":0,"comment_status":"closed","ping_status":"closed","sticky":false,"template":"","format":"standard","meta":{"_jetpack_memberships_contains_paid_content":false,"footnotes":""},"categories":[49],"tags":[],"class_list":["post-2911","post","type-post","status-publish","format-standard","hentry","category-ecz-e-e-tugcu-ozsahin"],"aioseo_notices":[],"jetpack_featured_media_url":"","jetpack_sharing_enabled":true,"jetpack-related-posts":[],"_links":{"self":[{"href":"http:\/\/www.ced.org.tr\/index.php?rest_route=\/wp\/v2\/posts\/2911","targetHints":{"allow":["GET"]}}],"collection":[{"href":"http:\/\/www.ced.org.tr\/index.php?rest_route=\/wp\/v2\/posts"}],"about":[{"href":"http:\/\/www.ced.org.tr\/index.php?rest_route=\/wp\/v2\/types\/post"}],"author":[{"embeddable":true,"href":"http:\/\/www.ced.org.tr\/index.php?rest_route=\/wp\/v2\/users\/9"}],"replies":[{"embeddable":true,"href":"http:\/\/www.ced.org.tr\/index.php?rest_route=%2Fwp%2Fv2%2Fcomments&post=2911"}],"version-history":[{"count":1,"href":"http:\/\/www.ced.org.tr\/index.php?rest_route=\/wp\/v2\/posts\/2911\/revisions"}],"predecessor-version":[{"id":4046,"href":"http:\/\/www.ced.org.tr\/index.php?rest_route=\/wp\/v2\/posts\/2911\/revisions\/4046"}],"wp:attachment":[{"href":"http:\/\/www.ced.org.tr\/index.php?rest_route=%2Fwp%2Fv2%2Fmedia&parent=2911"}],"wp:term":[{"taxonomy":"category","embeddable":true,"href":"http:\/\/www.ced.org.tr\/index.php?rest_route=%2Fwp%2Fv2%2Fcategories&post=2911"},{"taxonomy":"post_tag","embeddable":true,"href":"http:\/\/www.ced.org.tr\/index.php?rest_route=%2Fwp%2Fv2%2Ftags&post=2911"}],"curies":[{"name":"wp","href":"https:\/\/api.w.org\/{rel}","templated":true}]}}