{"id":2920,"date":"2007-05-18T17:24:52","date_gmt":"2007-05-18T14:24:52","guid":{"rendered":"http:\/\/www.ced.org.tr\/?p=2920"},"modified":"2007-05-18T17:24:52","modified_gmt":"2007-05-18T14:24:52","slug":"brezilya-solla-basardi-ekonomi-rayina-girdi","status":"publish","type":"post","link":"http:\/\/www.ced.org.tr\/?p=2920","title":{"rendered":"BREZ\u0130LYA &#8220;SOL&#8221;LA BA\u015eARDI, EKONOM\u0130 RAYINA G\u0130RD\u0130"},"content":{"rendered":"<p>Brezilya, sol e\u011filimli politikalar\u0131n finans piyasalar\u0131 ve yabanc\u0131 sermayeyle bar\u0131\u015f\u0131k olabilece\u011finin bir &ouml;rne\u011fi haline geldi. Bu durumun son g&ouml;stergesi olarak, Fitch ve S&amp;P, &uuml;lkenin kredi notlar\u0131n\u0131 yat\u0131r\u0131m stat&uuml;s&uuml;n&uuml;n bir basamak alt\u0131na kadar y&uuml;kseltti.<\/p>\n<p>Brezilya, piyasa yanl\u0131s\u0131 ekonomi politikalar\u0131yla, ekonomik ve sosyal e\u015fitli\u011fi iyile\u015ftirici programlar\u0131n ayn\u0131 anda ba\u015far\u0131yla y&uuml;r&uuml;t&uuml;lebilece\u011finin bir &ouml;rne\u011fi haline geldi. Solcu Devlet Ba\u015fkan\u0131 Lula da Silva&rsquo;n\u0131n politikalar\u0131, piyasalar\u0131n genelde ku\u015fkuyla yakla\u015ft\u0131\u011f\u0131 sol e\u011filimli politikalar\u0131n da finans piyasalar\u0131 ve yabanc\u0131 sermayeyle bar\u0131\u015f\u0131k olabilece\u011fini g&ouml;steriyor. Bu durumun son g&ouml;stergesi, Fitch ve S&amp;P&rsquo;nin, Brezilya&rsquo;n\u0131n kredi notlar\u0131n\u0131 yat\u0131r\u0131m stat&uuml;s&uuml;n&uuml;n bir basamak alt\u0131na kadar y&uuml;kseltmesi oldu. <\/p>\n<p>Brezilya&rsquo;n\u0131n se&ccedil;imle ba\u015fa gelmi\u015f ilk solcu devlet ba\u015fkan\u0131 olan Lula, 2002&rsquo;de se&ccedil;ilmesinin ard\u0131ndan, se&ccedil;imlerden k\u0131sa bir s&uuml;re &ouml;nce imzalanan IMF program\u0131n\u0131 s&uuml;rd&uuml;rd&uuml;. Lula ba\u015fa ge&ccedil;ti\u011finde, Brezilya ekonomisi hiperenflasyon nedeniyle &ccedil;&ouml;k&uuml;\u015f&uuml;n e\u015fi\u011findeydi. Hem sa\u011flam makroekonomik temeller, hem g&uuml;&ccedil;l&uuml; b&uuml;y&uuml;me yoluyla sosyal ilerleme ama&ccedil;layan Lula, bunun i&ccedil;in enflasyonu d&uuml;\u015f&uuml;rmeye odaklanan bir program uygulad\u0131. <\/p>\n<p><font face=\"Verdana\" size=\"2\"><strong>IMF&rsquo;YE BOR&Ccedil;LARI \u0130K\u0130 YIL ERKEN &Ouml;DED\u0130<\/strong><\/font><br \/>S\u0131k\u0131 para politikas\u0131yla enflasyonu y&uuml;zde 5-6 civar\u0131na d&uuml;\u015f&uuml;ren Brezilya, &ccedil;ok y&uuml;ksek olmayan ancak s&uuml;rd&uuml;r&uuml;lebilir bir b&uuml;y&uuml;me e\u011filimi yakalamay\u0131 ba\u015fard\u0131. Bu ekonomik d&ouml;n&uuml;\u015f&uuml;m sayesinde, Brezilya 2005 sonunda IMF&rsquo;ye olan t&uuml;m bor&ccedil;lar\u0131n\u0131 iki y\u0131l erken &ouml;dedi.<\/p>\n<p><strong><font face=\"Verdana\">G&Uuml;&Ccedil;L&Uuml; B&Uuml;Y&Uuml;MEYE RA\u011eMEN CAR\u0130 FAZLA VER\u0130YOR<br \/><\/font><\/strong>Brezilya, 2006&rsquo;da ikinci kez se&ccedil;ilen Lula liderli\u011finde mevcut ekonomi politikalar\u0131n\u0131 s&uuml;rd&uuml;r&uuml;yor. Brezilya, &ouml;zellikle g&uuml;&ccedil;l&uuml; b&uuml;y&uuml;meye ra\u011fmen cari fazla vermesiyle dikkat &ccedil;ekiyor. Daha fazla yabanc\u0131 sermaye &ccedil;ekmek amac\u0131yla kredi notlar\u0131n\u0131n artt\u0131r\u0131lmas\u0131 i&ccedil;in g&uuml;&ccedil;l&uuml; bir kampanya y&uuml;r&uuml;ten Brezilya, bu konuda da ba\u015far\u0131 sa\u011flad\u0131. Fitch&rsquo;in ard\u0131ndan Brezilya&rsquo;n\u0131n kredi notunu yat\u0131r\u0131m stat&uuml;s&uuml;n&uuml;n bir basamak alt\u0131na y&uuml;kselten S&amp;P, notun g&ouml;r&uuml;n&uuml;m&uuml;n&uuml; ise pozitif olarak belirledi. Bu, Brezilya&rsquo;n\u0131n kredi notunun k\u0131sa s&uuml;re i&ccedil;inde yat\u0131r\u0131m stat&uuml;s&uuml;ne &ccedil;\u0131kar\u0131labilece\u011fini g&ouml;steriyor. <\/p>\n<p><font face=\"Verdana\" size=\"2\"><strong>D\u0130\u011eER &lsquo;SOL&rsquo; &Uuml;LKELER KAMULA\u015eTIRIYOR<\/strong><\/font><br \/>Latin Amerika&rsquo;n\u0131n di\u011fer solcu liderleri ise, Brezilya&rsquo;n\u0131n aksine, yabanc\u0131 sermayenin d\u0131\u015flanmas\u0131na odakl\u0131 ulusalla\u015ft\u0131rma politikalar\u0131 izliyor. Venez&uuml;ella Devlet Ba\u015fkan\u0131 Chavez ve Bolivya Devlet Ba\u015fkan\u0131 Morales, ge&ccedil;ti\u011fimiz haftalarda enerji ve telekom gibi stratejik sekt&ouml;rleri ulusalla\u015ft\u0131rma hamleleriyle g&uuml;ndeme gelmi\u015fti. <\/p>\n","protected":false},"excerpt":{"rendered":"<p>Brezilya, sol e\u011filimli politikalar\u0131n finans piyasalar\u0131 ve yabanc\u0131 sermayeyle bar\u0131\u015f\u0131k olabilece\u011finin bir &ouml;rne\u011fi haline geldi. Bu durumun son g&ouml;stergesi olarak,&#46;&#46;&#46;<\/p>\n","protected":false},"author":1,"featured_media":0,"comment_status":"closed","ping_status":"closed","sticky":false,"template":"","format":"standard","meta":{"_jetpack_memberships_contains_paid_content":false,"footnotes":""},"categories":[1],"tags":[],"class_list":["post-2920","post","type-post","status-publish","format-standard","hentry","category-ced"],"aioseo_notices":[],"jetpack_featured_media_url":"","jetpack_sharing_enabled":true,"jetpack-related-posts":[],"_links":{"self":[{"href":"http:\/\/www.ced.org.tr\/index.php?rest_route=\/wp\/v2\/posts\/2920","targetHints":{"allow":["GET"]}}],"collection":[{"href":"http:\/\/www.ced.org.tr\/index.php?rest_route=\/wp\/v2\/posts"}],"about":[{"href":"http:\/\/www.ced.org.tr\/index.php?rest_route=\/wp\/v2\/types\/post"}],"author":[{"embeddable":true,"href":"http:\/\/www.ced.org.tr\/index.php?rest_route=\/wp\/v2\/users\/1"}],"replies":[{"embeddable":true,"href":"http:\/\/www.ced.org.tr\/index.php?rest_route=%2Fwp%2Fv2%2Fcomments&post=2920"}],"version-history":[{"count":0,"href":"http:\/\/www.ced.org.tr\/index.php?rest_route=\/wp\/v2\/posts\/2920\/revisions"}],"wp:attachment":[{"href":"http:\/\/www.ced.org.tr\/index.php?rest_route=%2Fwp%2Fv2%2Fmedia&parent=2920"}],"wp:term":[{"taxonomy":"category","embeddable":true,"href":"http:\/\/www.ced.org.tr\/index.php?rest_route=%2Fwp%2Fv2%2Fcategories&post=2920"},{"taxonomy":"post_tag","embeddable":true,"href":"http:\/\/www.ced.org.tr\/index.php?rest_route=%2Fwp%2Fv2%2Ftags&post=2920"}],"curies":[{"name":"wp","href":"https:\/\/api.w.org\/{rel}","templated":true}]}}