{"id":2921,"date":"2009-10-31T14:52:34","date_gmt":"2009-10-31T12:52:34","guid":{"rendered":"http:\/\/www.ced.org.tr\/?p=2921"},"modified":"2009-10-31T14:52:34","modified_gmt":"2009-10-31T12:52:34","slug":"istanbul-eczaci-odasindan-tebe-cagri","status":"publish","type":"post","link":"http:\/\/www.ced.org.tr\/?p=2921","title":{"rendered":"\u0130stanbul Eczac\u0131 Odas\u0131ndan TEB&#8217;e \u00e7a\u011fr\u0131"},"content":{"rendered":"<p>18 Eyl\u00fcl de yay\u0131mlanan \u0130la\u00e7 Fiyat Kararnamesi ve SUT da yap\u0131lan d\u00fczenlemeler eczaneleri ta\u015f\u0131yamayacaklar\u0131 bir ekonomik y\u00fckle kar\u015f\u0131 kar\u015f\u0131ya b\u0131rakt\u0131.<br \/>\u00a0<br \/>\u0130la\u00e7 Fiyat Kararnamesi\u2019nin uygulanmas\u0131 4 Aral\u0131k 2009 tarihine ertelenirken, Sosyal G\u00fcvenlik Kurumu kamu kurum iskontolar\u0131 %24&#8217;e \u00e7\u0131kan 700 kalem ila\u00e7 i\u00e7in uygulama tarihini 2 Kas\u0131m 2009 olarak a\u00e7\u0131klad\u0131.<br \/>\u00a0<br \/>Pek \u00e7ok belirsizli\u011fi i\u00e7inde ta\u015f\u0131yan bu s\u00fcre\u00e7 Pazartesi g\u00fcn\u00fc ba\u015fl\u0131yor. 2 Kas\u0131m tarihi ile ilgili ortal\u0131kta erteleme haberleri dola\u015f\u0131yor. Bu konuda bilgi kirlili\u011finden s\u00f6z edenler kendi sorumluluklar\u0131n\u0131 unutmu\u015f g\u00f6r\u00fcn\u00fcyorlar. Giderek kritik bir s\u00fcrece girdi\u011fimiz ortad\u0131r. 51 Eczac\u0131 Odas\u0131n\u0131n \u00f6rg\u00fctl\u00fc g\u00fcc\u00fcn\u00fcn ve ortak hareket birli\u011finin sa\u011flanmas\u0131 ya\u015fad\u0131\u011f\u0131m\u0131z s\u00fcre\u00e7 bak\u0131m\u0131ndan hayati \u00f6nemdedir.<br \/>\u00a0<br \/>T\u00fcrk Eczac\u0131lar\u0131 Birli\u011fi \u0130la\u00e7 Sanayisi ile Bakanl\u0131klar aras\u0131nda arabuluculuk rol\u00fcn\u00fc \u00fcstlenece\u011fine kendi \u00f6rg\u00fctsel misyonuna uygun bir davran\u0131\u015f\u0131n sahibi olmak durumundad\u0131r.51 Eczac\u0131 Odas\u0131n\u0131n ve 24000 Eczac\u0131n\u0131n TEB&#8217;den beklentisi bu misyona uygun bir \u00f6nc\u00fcl\u00fck g\u00f6revidir. <br \/>\u00a0<br \/>S\u00fcrece do\u011fru,\u00a0kararl\u0131 ve \u00f6rg\u00fctl\u00fc m\u00fcdahale i\u00e7in ivedilikle ola\u011fan\u00fcst\u00fc bir Ba\u015fkanlar Dan\u0131\u015fma Kurulunun toplanmas\u0131na ihtiya\u00e7 vard\u0131r. TEB Merkez Heyeti en k\u0131sa s\u00fcrede bu toplant\u0131y\u0131 ger\u00e7ekle\u015ftirmeli ve bu belirsizlik ortam\u0131na son verecek kararl\u0131 tutum ve davran\u0131\u015f\u0131n sahibi olmal\u0131d\u0131r. <br \/>\u00a0<br \/>Eczac\u0131 Kamuoyuna \u00f6nemle duyurulur.<\/p>\n<div style=\"margin-top: 20px; width: 100%;\">\n<p style=\"font-weight: bold; float: right; width: 40%; text-align: center;\">\u0130stanbul Eczac\u0131 Odas\u0131<br \/>Y\u00f6netim Kurulu<\/p>\n<\/div>\n","protected":false},"excerpt":{"rendered":"<p>18 Eyl\u00fcl de yay\u0131mlanan \u0130la\u00e7 Fiyat Kararnamesi ve SUT da yap\u0131lan d\u00fczenlemeler eczaneleri ta\u015f\u0131yamayacaklar\u0131 bir ekonomik y\u00fckle kar\u015f\u0131 kar\u015f\u0131ya b\u0131rakt\u0131.\u00a0\u0130la\u00e7&#46;&#46;&#46;<\/p>\n","protected":false},"author":1,"featured_media":0,"comment_status":"closed","ping_status":"closed","sticky":false,"template":"","format":"standard","meta":{"_jetpack_memberships_contains_paid_content":false,"footnotes":""},"categories":[1],"tags":[],"class_list":["post-2921","post","type-post","status-publish","format-standard","hentry","category-ced"],"aioseo_notices":[],"jetpack_featured_media_url":"","jetpack_sharing_enabled":true,"jetpack-related-posts":[],"_links":{"self":[{"href":"http:\/\/www.ced.org.tr\/index.php?rest_route=\/wp\/v2\/posts\/2921","targetHints":{"allow":["GET"]}}],"collection":[{"href":"http:\/\/www.ced.org.tr\/index.php?rest_route=\/wp\/v2\/posts"}],"about":[{"href":"http:\/\/www.ced.org.tr\/index.php?rest_route=\/wp\/v2\/types\/post"}],"author":[{"embeddable":true,"href":"http:\/\/www.ced.org.tr\/index.php?rest_route=\/wp\/v2\/users\/1"}],"replies":[{"embeddable":true,"href":"http:\/\/www.ced.org.tr\/index.php?rest_route=%2Fwp%2Fv2%2Fcomments&post=2921"}],"version-history":[{"count":0,"href":"http:\/\/www.ced.org.tr\/index.php?rest_route=\/wp\/v2\/posts\/2921\/revisions"}],"wp:attachment":[{"href":"http:\/\/www.ced.org.tr\/index.php?rest_route=%2Fwp%2Fv2%2Fmedia&parent=2921"}],"wp:term":[{"taxonomy":"category","embeddable":true,"href":"http:\/\/www.ced.org.tr\/index.php?rest_route=%2Fwp%2Fv2%2Fcategories&post=2921"},{"taxonomy":"post_tag","embeddable":true,"href":"http:\/\/www.ced.org.tr\/index.php?rest_route=%2Fwp%2Fv2%2Ftags&post=2921"}],"curies":[{"name":"wp","href":"https:\/\/api.w.org\/{rel}","templated":true}]}}