{"id":2922,"date":"2012-08-27T17:40:48","date_gmt":"2012-08-27T14:40:48","guid":{"rendered":"http:\/\/www.ced.org.tr\/?p=2922"},"modified":"2012-08-27T17:40:48","modified_gmt":"2012-08-27T14:40:48","slug":"hastanelere-manevi-bakim-uzmani","status":"publish","type":"post","link":"http:\/\/www.ced.org.tr\/?p=2922","title":{"rendered":"Hastanelere &#8220;manevi bak\u0131m uzman\u0131&#8221;"},"content":{"rendered":"<p><span style=\"background-color: white; color: #222222; font-size: 9pt;\">Sa\u011fl\u0131k Bakanl\u0131\u011f\u0131, hastanelerde yeni bir projeyi uygulamaya sokmay\u0131 planl\u0131yor.<\/span><\/p>\n<p class=\"MsoNormal\" style=\"margin-bottom: 0.0001pt; background-color: white; background-position: initial initial; background-repeat: initial initial;\"><span style=\"font-size: 9.0pt; mso-bidi-font-size: 12.0pt; mso-fareast-font-family: &quot;Times New Roman&quot;; mso-bidi-font-family: Calibri; mso-bidi-theme-font: minor-latin; color: #222222; mso-fareast-language: TR;\">\u0130lahiyat fak\u00fcltelerinden mezun olanlar, \u201cdin psikolojisi\u201d alan\u0131nda yeti\u015ftirilerek hastanelerde manevi bak\u0131m uzmanlar\u0131 olarak istihdam edilecek. Manevi bak\u0131m uzmanlar\u0131 hastalara \u201cmanevi\u201d dan\u0131\u015fmanl\u0131k hizmetinde bulunacak. <\/span><\/p>\n<p>\u00a0<\/p>\n<p class=\"MsoNormal\" style=\"margin-bottom: 12pt; background-color: white; background-position: initial initial; background-repeat: initial initial;\"><span style=\"font-size: 9.0pt; mso-bidi-font-size: 12.0pt; mso-fareast-font-family: &quot;Times New Roman&quot;; mso-bidi-font-family: Calibri; mso-bidi-theme-font: minor-latin; color: #222222; mso-fareast-language: TR;\">Manevi bak\u0131m uzmanlar\u0131 hastalara din ve hayat g\u00f6r\u00fc\u015flerine dayal\u0131 olarak profesyonel destek verecek, etik konularda kurum politikalar\u0131n\u0131n geli\u015ftirilmesine dan\u0131\u015fmanl\u0131k edecek, hastalar\u0131n hastal\u0131\u011f\u0131 ya da problemi ile ili\u015fkili olumsuz dini d\u00fc\u015f\u00fcnceleri olumluya d\u00f6n\u00fc\u015ft\u00fcrmesine yard\u0131mc\u0131 olacak, hastalara rehabilitasyonda bulunacak.<\/span><\/p>\n<p>\u00a0<\/p>\n<p class=\"MsoNormal\" style=\"background-color: white; background-position: initial initial; background-repeat: initial initial;\"><strong><span style=\"font-size: 9.0pt; mso-bidi-font-size: 12.0pt; mso-fareast-font-family: &quot;Times New Roman&quot;; mso-bidi-font-family: Calibri; mso-bidi-theme-font: minor-latin; color: #222222; mso-fareast-language: TR;\">Bilimin ruhuna El Fatiha\u2026<\/span><\/strong><\/p>\n<p class=\"MsoNormal\" style=\"background-color: white; background-position: initial initial; background-repeat: initial initial;\"><span style=\"font-size: 9.0pt; mso-bidi-font-size: 12.0pt; mso-fareast-font-family: &quot;Times New Roman&quot;; mso-bidi-font-family: Calibri; mso-bidi-theme-font: minor-latin; color: #222222; mso-fareast-language: TR;\">26\u00a0A\u011eUS\u00a02012<\/span><\/p>\n<p class=\"MsoNormal\" style=\"margin-bottom: 0.0001pt; background-color: white; background-position: initial initial; background-repeat: initial initial;\"><strong><span style=\"font-size: 9.0pt; mso-bidi-font-size: 12.0pt; mso-fareast-font-family: &quot;Times New Roman&quot;; mso-bidi-font-family: Calibri; mso-bidi-theme-font: minor-latin; color: #222222; mso-fareast-language: TR;\">OLGU KUNDAK\u00c7I\/B\u0130RG\u00dcN<\/span><\/strong><span style=\"font-size: 9.0pt; mso-bidi-font-size: 12.0pt; mso-fareast-font-family: &quot;Times New Roman&quot;; mso-bidi-font-family: Calibri; mso-bidi-theme-font: minor-latin; color: #222222; mso-fareast-language: TR;\"><\/p>\n<p> Sa\u011fl\u0131k Bakanl\u0131\u011f\u0131, hastanelerde yeni bir projeyi uygulamaya sokmay\u0131 planl\u0131yor. Aile ve Sosyal Politikalar Bakanl\u0131\u011f\u0131 ve Diyanet \u0130\u015fleri Ba\u015fkanl\u0131\u011f\u0131 ile koordinasyon d\u00e2hilinde geli\u015ftirilen ve 2013 y\u0131l\u0131nda uygulamaya konulmas\u0131 planlanan proje ile \u00fcniversitelerin ilahiyat fak\u00fcltelerinden mezun olanlar, \u201cdin psikolojisi\u201d alan\u0131nda yeti\u015ftirilerek hastanelerde manevi bak\u0131m uzmanlar\u0131 olarak istihdam edilecek. Manevi bak\u0131m uzmanlar\u0131 hastalara \u201cmanevi\u201d dan\u0131\u015fmanl\u0131k hizmetinde bulunacak. May\u0131s ay\u0131nda Sa\u011fl\u0131k Bakanl\u0131\u011f\u0131, Aile ve Sosyal Politikalar Bakanl\u0131\u011f\u0131 ve Diyanet \u0130\u015fleri Ba\u015fkanl\u0131\u011f\u0131\u2019n\u0131n ortak d\u00fczenledi\u011fi I. Ulusal Din Psikolojisi ve Manevi Bak\u0131m \u00c7al\u0131\u015ftay\u0131\u2019nda g\u00f6rev tan\u0131mlar\u0131 belirlendi\u011fi \u00fczere, manevi bak\u0131m uzmanlar\u0131 hastalara din ve hayat g\u00f6r\u00fc\u015flerine dayal\u0131 olarak profesyonel destek verecek, etik konularda kurum politikalar\u0131n\u0131n geli\u015ftirilmesine dan\u0131\u015fmanl\u0131k edecek, hastalar\u0131n hastal\u0131\u011f\u0131 ya da problemi ile ili\u015fkili olumsuz dini d\u00fc\u015f\u00fcnceleri olumluya d\u00f6n\u00fc\u015ft\u00fcrmesine yard\u0131mc\u0131 olacak, hastalara rehabilitasyonda bulunacak.<\/p>\n<p> <strong>&#8216;DOKTORLARA YARDIMCI OLACAKLAR&#8217;<\/strong><br \/> Projeye katk\u0131da bulunan Sel\u00e7uk \u00dcniversitesi \u0130lahiyat Fak\u00fcltesi Din Psikolojisi Anabilim Dal\u0131 \u00d6\u011fretim \u00dcyesi Do\u00e7. Dr. Abd\u00fclkerim Bahad\u0131r, BirG\u00fcn\u2019e yapt\u0131\u011f\u0131 a\u00e7\u0131klamada hastanelerde istihdam edilecek manevi bak\u0131m uzmanlar\u0131n\u0131n g\u00f6revini \u015f\u00f6yle tan\u0131mlad\u0131: &#8220;Bug\u00fcn maneviyat bir\u00e7ok bedensel ya da ruhsal kaynakl\u0131 hastal\u0131klarda do\u011frudan do\u011fruya olumlu etkiler icra edebilecek bir yap\u0131 olarak kar\u015f\u0131m\u0131za \u00e7\u0131k\u0131yor. Maneviyat\u0131 sadece dini \u00e7er\u00e7evede de ele alm\u0131yoruz. K\u00fclt\u00fcr, gelenek, g\u00f6renekler gibi bizi bir tutan, insan\u0131n ruh sa\u011fl\u0131\u011f\u0131na etki edebilecek b\u00fct\u00fcn pozisyonlarda biz var\u0131z. Manevi bak\u0131m uzmanlar\u0131, hastaneler ba\u015fta olmak \u00fczere kriz durumlar\u0131nda devreye girebilecek bir stat\u00fcde olacak. Bunlar dan\u0131\u015fmanl\u0131k ve destek verecek bir yap\u0131 i\u00e7erisinde olacak. Mesela hastane ortam\u0131nda doktorlara yard\u0131mc\u0131 olabilecek bir stat\u00fc bu. Biz sadece \u00f6l\u00fcm an\u0131nda ya da \u00f6l\u00fcme yak\u0131n olanlara de\u011fil, hastal\u0131k s\u00fcrecine m\u00fcdahil olacak bir destek \u00e7er\u00e7evesi \u00e7iziyoruz.<br \/> <strong><br \/> &#8216;PROJEDE \u0130LAH\u0130YAT MEZUNLARI \u00d6N PLANDA&#8217;<\/strong><br \/> Din psikologlar\u0131 \u00f6nc\u00fcl\u00fc\u011f\u00fcnde ger\u00e7ekle\u015ftirilecek projede sa\u011fl\u0131k personelleri ve diyanet i\u015fleri personelleri de bir y\u0131ll\u0131k hizmet i\u00e7i e\u011fitimden ge\u00e7erek bu alanda g\u00f6revlendirilebilecek. Bahad\u0131r, manevi bak\u0131m uzmanlar\u0131n\u0131n e\u011fitimine ili\u015fkin &#8220;Mi\u011ffer uzmanlar din psikologlar\u0131 olacak. \u00c7\u00fcnk\u00fc maneviyat bug\u00fcn baz\u0131lar\u0131n\u0131n ifade etmi\u015f oldu\u011fu gibi imamlar\u0131n veya diyanet personelinin do\u011frudan do\u011fruya y\u00fcr\u00fctebilece\u011fi bir s\u00fcre\u00e7 de\u011fil. \u0130lahiyat fak\u00fcltesi mezunlar\u0131 zaten ilahiyat ve maneviyatla ili\u015fkileri oldu\u011fu i\u00e7in projede \u00f6n planda olacak. Ancak bunun yan\u0131nda, sa\u011fl\u0131k personelleri, Diyanet \u0130\u015fleri Ba\u015fkanl\u0131\u011f\u0131 personelleri de programa d\u00e2hil olabilecek. E\u011fitim al\u0131p, sertifika al\u0131p g\u00f6rev yapacaklar\u201d diye belirtti.<\/p>\n<p> <strong>\u2018GER\u0130C\u0130LE\u015eT\u0130RMEYE Y\u00d6NEL\u0130K B\u0130R ANLAYI\u015e\u2019<\/strong><br \/> Konuya ili\u015fkin g\u00f6r\u00fc\u015flerini sordu\u011fumuz Sa\u011fl\u0131k Emek\u00e7ileri Sendikas\u0131 (SES) Ba\u015fkan\u0131 \u00c7etin Erdolu projeye tepki g\u00f6sterdi. Projenin ideolojik ve bilimsellikten uzak bir \u015fekilde geli\u015ftirildi\u011fini belirten Erdolu, \u015f\u00f6yle konu\u015ftu: \u201dBurada, bilimsellikten uzak, tamam\u0131yla maneviyata, dine, gericile\u015ftirmeye y\u00f6nelik bir proje s\u00f6z konusu. \u015eu anda mevcut e\u011fitim sisteminde bu g\u00f6rev alan\u0131na d\u00e2hil edilebilecek, t\u0131bbi psikoloji alan\u0131, sosyal hizmet alan\u0131, sosyologlar\u0131n alan\u0131 gibi birka\u00e7 meslek grubu var. \u00d6zellikle sosyal hizmet uzmanl\u0131\u011f\u0131 e\u011fitimi, d\u00fcnyan\u0131n b\u00fct\u00fcn geli\u015fmi\u015f ve uygar \u00fclkelerinde bu alanda personel yeti\u015ftirmek i\u00e7in verilmektedir. Ancak bug\u00fcn hastanelere bakt\u0131\u011f\u0131m\u0131zda, sosyal hizmet uzmanlar\u0131, hastaneye getirilen sahipsiz ki\u015filerin bak\u0131mevlerine yerle\u015ftirilmesi ve hasta haklar\u0131 birimleri d\u0131\u015f\u0131nda ba\u015fka birimlerde \u00e7al\u0131\u015ft\u0131r\u0131lm\u0131yor. B\u00f6yle bir kadro, b\u00f6yle bir bilimsel e\u011fitim mevcutken bu projeyi sa\u011fl\u0131k hizmetini gericile\u015ftirmeye y\u00f6nelik bir ad\u0131m olarak yorumlamak gerekir. Sosyal hizmet uzmanlar\u0131n\u0131, t\u0131bbi psikologlar\u0131, sosyologlar\u0131 d\u0131\u015far\u0131da b\u0131rakan bir anlay\u0131\u015fla, ilahiyat fak\u00fcltesi mezunlar\u0131na zorlamayla manevi bak\u0131m uzmanl\u0131\u011f\u0131 denilen bir kadro a\u00e7mak tamamen ideolojiktir. Birka\u00e7 ay psikoloji konusunda e\u011fitilmi\u015f \u0130lahiyat Fak\u00fcltesi mezunlar\u0131na b\u00f6yle ucube bir kadro olu\u015fturulmas\u0131 ve bu kadro eliyle orada gerici, bilimsellikten uzak bir sa\u011fl\u0131k hizmeti verilmesi s\u00f6z konusu.\u201d<br \/> <strong><br \/> K\u0130M NE DED\u0130?<\/strong><\/p>\n<p> <strong>&#8216;Bu mesele muhafazak\u00e2rla\u015ft\u0131rma s\u00fcreciyle i\u00e7 i\u00e7e&#8217;<\/p>\n<p> TTB Merkez Konsey \u00dcyesi Osman \u00d6zt\u00fcrk: <\/strong>\u201cHi\u00e7bir \u015fekilde kabul edilebilir bir uygulama de\u011fil. Psikoloji bir bilim dal\u0131d\u0131r, ancak bu projenin bilimsel dayana\u011f\u0131 yok. Tamam\u0131yla ya\u015fam bi\u00e7imine y\u00f6nelik bir toplum m\u00fchendisli\u011fi olacak gibi g\u00f6z\u00fck\u00fcyor. Hastalara faydal\u0131 olmas\u0131 beklenecek bir \u015fey de\u011fil.&#8221;<\/p>\n<p> <strong>Toplumsal Dayan\u0131\u015fma \u0130\u00e7in Psikologlar Derne\u011fi\u2019nden Baran G\u00fcrsel:<\/strong> \u201cKlinik psikolog tan\u0131m\u0131n\u0131n yap\u0131ld\u0131\u011f\u0131 6225 Say\u0131l\u0131 Torba Yasa&#8217;da &#8216;Klinik psikologlar\u0131n bir sertifika almas\u0131 gerekir ya da y\u00fcksek lisans yapmas\u0131 gerekir&#8217; deniyordu. Ancak, ayn\u0131 zamanda, psikoloji b\u00f6l\u00fcm\u00fc okumadan, klinik psikoloji y\u00fcksek lisans ve doktoras\u0131 yaparak da klinik psikolog unvan\u0131n\u0131n al\u0131nabilece\u011fi dile getiriliyordu. Bu projede de benzer bir sorun var. Lisans b\u00f6l\u00fcm\u00fc okumadan benzer bir unvan verilmesi s\u00f6z konusu. \u015eu an \u00e7ok fazla psikolog var ve psikologlar\u0131n hastanelerde istihdam\u0131 az. Di\u011fer yandan, din psikologu meselesinin muhafazak\u00e2rla\u015ft\u0131rma s\u00fcreciyle i\u00e7 i\u00e7e oldu\u011funu d\u00fc\u015f\u00fcn\u00fcyorum. Bunu tek din \u00fczerinden, tek anlay\u0131\u015f \u00fczerinden yap\u0131yorlar ve bu \u00e7ok problemli<\/span><\/p>\n<p>\u00a0<\/p>\n<p>\u00a0<\/p>\n","protected":false},"excerpt":{"rendered":"<p>Sa\u011fl\u0131k Bakanl\u0131\u011f\u0131, hastanelerde yeni bir projeyi uygulamaya sokmay\u0131 planl\u0131yor. \u0130lahiyat fak\u00fcltelerinden mezun olanlar, \u201cdin psikolojisi\u201d alan\u0131nda yeti\u015ftirilerek hastanelerde manevi bak\u0131m&#46;&#46;&#46;<\/p>\n","protected":false},"author":1,"featured_media":0,"comment_status":"closed","ping_status":"closed","sticky":false,"template":"","format":"standard","meta":{"_jetpack_memberships_contains_paid_content":false,"footnotes":""},"categories":[1],"tags":[],"class_list":["post-2922","post","type-post","status-publish","format-standard","hentry","category-ced"],"aioseo_notices":[],"jetpack_featured_media_url":"","jetpack_sharing_enabled":true,"jetpack-related-posts":[],"_links":{"self":[{"href":"http:\/\/www.ced.org.tr\/index.php?rest_route=\/wp\/v2\/posts\/2922","targetHints":{"allow":["GET"]}}],"collection":[{"href":"http:\/\/www.ced.org.tr\/index.php?rest_route=\/wp\/v2\/posts"}],"about":[{"href":"http:\/\/www.ced.org.tr\/index.php?rest_route=\/wp\/v2\/types\/post"}],"author":[{"embeddable":true,"href":"http:\/\/www.ced.org.tr\/index.php?rest_route=\/wp\/v2\/users\/1"}],"replies":[{"embeddable":true,"href":"http:\/\/www.ced.org.tr\/index.php?rest_route=%2Fwp%2Fv2%2Fcomments&post=2922"}],"version-history":[{"count":0,"href":"http:\/\/www.ced.org.tr\/index.php?rest_route=\/wp\/v2\/posts\/2922\/revisions"}],"wp:attachment":[{"href":"http:\/\/www.ced.org.tr\/index.php?rest_route=%2Fwp%2Fv2%2Fmedia&parent=2922"}],"wp:term":[{"taxonomy":"category","embeddable":true,"href":"http:\/\/www.ced.org.tr\/index.php?rest_route=%2Fwp%2Fv2%2Fcategories&post=2922"},{"taxonomy":"post_tag","embeddable":true,"href":"http:\/\/www.ced.org.tr\/index.php?rest_route=%2Fwp%2Fv2%2Ftags&post=2922"}],"curies":[{"name":"wp","href":"https:\/\/api.w.org\/{rel}","templated":true}]}}