{"id":2933,"date":"2012-08-13T21:12:30","date_gmt":"2012-08-13T18:12:30","guid":{"rendered":"http:\/\/www.ced.org.tr\/?p=2933"},"modified":"2012-08-13T21:12:30","modified_gmt":"2012-08-13T18:12:30","slug":"konsere-gidiyoruz-2","status":"publish","type":"post","link":"http:\/\/www.ced.org.tr\/?p=2933","title":{"rendered":"Konsere gidiyoruz"},"content":{"rendered":"<p><strong><img loading=\"lazy\" decoding=\"async\" src=\"http:\/\/www.biletix.com\/static\/images\/live\/event\/eventimages\/kardes_turkuler_03.jpg\" border=\"0\" width=\"152\" height=\"84\" style=\"float: left; margin: 5px;\" \/>Karde\u015f T\u00fcrk\u00fcler, 6 Eyl\u00fcl Ak\u015fam\u0131 &#8220;Hepimiz&#8221; A\u00e7\u0131khava&#8217;da Bulu\u015fal\u0131m, Diyor!<\/strong><\/p>\n<p><strong>6 Eyl\u00fcl 2012 21:00 Harbiye Cemil Topuzlu A\u00e7\u0131khava Sahnesi<\/strong><\/p>\n<p>Hepimiz, farkl\u0131 etnisiteden, cinsiyetten, cinsel y\u00f6nelimden, s\u0131n\u0131ftan, inan\u00e7tan, co\u011frafyadan olanlara, m\u00fczi\u011fin ve dans\u0131n diliyle y\u00fckselen bir bulu\u015fma \u00e7a\u011fr\u0131s\u0131\u2026<\/p>\n<p>\u00a0<\/p>\n<p>Karadeniz\u2019den Balkanlara, Mezopotamya\u2019dan Kafkaslara, \u015fark\u0131lar\u0131n\u0131 bar\u0131\u015f ve karde\u015flik i\u00e7in s\u00f6yleyen Bo\u011fazi\u00e7i G\u00f6steri Sanatlar\u0131 Toplulu\u011fu(BGST) Karde\u015f T\u00fcrk\u00fcler, 6 Eyl\u00fcl 2012 tarihinde, \u201cHepimiz\u201d ad\u0131 alt\u0131nda Harbiye A\u00e7\u0131khava Sahnesi\u2019nde seyircileriyle bulu\u015fuyor.<\/p>\n<p>Karde\u015f T\u00fcrk\u00fcler, bu y\u0131l Hepimiz sahnesinde, Makedonya&#8217;dan geleneksel Balkan sazlar\u0131n\u0131n (tambura, gayda, kaval, ask\u0131 davul) icras\u0131nda virt\u00fc\u00f6z Bajsa Arifovska, Emran Nezirovski, Ratko Dautovski ile; Cizre&#8217;den sese hayat veren kad\u0131n dengbejler Dengbej Kurde ve Hanife ile; Erbil&#8217;den uzun havalar ve halaylarla Arab Osman ve Muhammed Ahmedi Erbili ile; Karadeniz&#8217;den kemen\u00e7e ustas\u0131 Be\u015fk\u00f6yl\u00fc Adem ile bulu\u015facak ve izleyicilerin de kat\u0131ld\u0131\u011f\u0131 bir \u015fenlik havas\u0131 i\u00e7inde, birlikte ya\u015fama umudunuzu tazeleyecek.<\/p>\n<p><strong>\u0130leti\u015fim:<\/strong> \u00d6z\u00fcn Bayar 0533 611 50 84, \u0130smail \u00c7elik 0555 564 80 63, Murat G\u00fcm\u00fc\u015f 0533 778 37 58<\/p>\n","protected":false},"excerpt":{"rendered":"<p>Karde\u015f T\u00fcrk\u00fcler, 6 Eyl\u00fcl Ak\u015fam\u0131 &#8220;Hepimiz&#8221; A\u00e7\u0131khava&#8217;da Bulu\u015fal\u0131m, Diyor! 6 Eyl\u00fcl 2012 21:00 Harbiye Cemil Topuzlu A\u00e7\u0131khava Sahnesi Hepimiz, farkl\u0131&#46;&#46;&#46;<\/p>\n","protected":false},"author":1,"featured_media":0,"comment_status":"closed","ping_status":"closed","sticky":false,"template":"","format":"standard","meta":{"_jetpack_memberships_contains_paid_content":false,"footnotes":""},"categories":[60],"tags":[],"class_list":["post-2933","post","type-post","status-publish","format-standard","hentry","category-etkinlik"],"aioseo_notices":[],"jetpack_featured_media_url":"","jetpack_sharing_enabled":true,"jetpack-related-posts":[],"_links":{"self":[{"href":"http:\/\/www.ced.org.tr\/index.php?rest_route=\/wp\/v2\/posts\/2933","targetHints":{"allow":["GET"]}}],"collection":[{"href":"http:\/\/www.ced.org.tr\/index.php?rest_route=\/wp\/v2\/posts"}],"about":[{"href":"http:\/\/www.ced.org.tr\/index.php?rest_route=\/wp\/v2\/types\/post"}],"author":[{"embeddable":true,"href":"http:\/\/www.ced.org.tr\/index.php?rest_route=\/wp\/v2\/users\/1"}],"replies":[{"embeddable":true,"href":"http:\/\/www.ced.org.tr\/index.php?rest_route=%2Fwp%2Fv2%2Fcomments&post=2933"}],"version-history":[{"count":0,"href":"http:\/\/www.ced.org.tr\/index.php?rest_route=\/wp\/v2\/posts\/2933\/revisions"}],"wp:attachment":[{"href":"http:\/\/www.ced.org.tr\/index.php?rest_route=%2Fwp%2Fv2%2Fmedia&parent=2933"}],"wp:term":[{"taxonomy":"category","embeddable":true,"href":"http:\/\/www.ced.org.tr\/index.php?rest_route=%2Fwp%2Fv2%2Fcategories&post=2933"},{"taxonomy":"post_tag","embeddable":true,"href":"http:\/\/www.ced.org.tr\/index.php?rest_route=%2Fwp%2Fv2%2Ftags&post=2933"}],"curies":[{"name":"wp","href":"https:\/\/api.w.org\/{rel}","templated":true}]}}