{"id":2936,"date":"2006-09-09T12:37:28","date_gmt":"2006-09-09T09:37:28","guid":{"rendered":"http:\/\/www.ced.org.tr\/?p=2936"},"modified":"2006-09-09T12:37:28","modified_gmt":"2006-09-09T09:37:28","slug":"basrali-omerin-tommy-franksa-mektubu","status":"publish","type":"post","link":"http:\/\/www.ced.org.tr\/?p=2936","title":{"rendered":"Basrali \u00d6mer&#8217;in Tommy Franks&#8217;a Mektubu"},"content":{"rendered":"<p><strong><span style=\"color: #333333\"><font size=\"3\"><font face=\"Times New Roman\">Basrali &Ouml;mer&#39;in Tommy Franks&#39;a Mektubu<\/font><\/font><\/span><\/strong> <\/p>\n<p style=\"margin: 0cm 0cm 0pt\" class=\"MsoNormal\">&nbsp;<\/p>\n<p><font size=\"3\"><font face=\"Times New Roman\"><span style=\"color: black\">Bu zul&uuml;m yerde kalmaz <br \/>Yemin olsun ki asra. <br \/>&Ouml;nce mevt&uuml;l insanl\u0131k <br \/>Sonra harab&uuml;l Basra ` <\/span><\/font><\/font><\/p>\n<p style=\"margin: 0cm 0cm 0pt\" class=\"MsoNormal\"><font size=\"3\"><font face=\"Times New Roman\"><span style=\"color: black\">Ben Basra` dan &Ouml;mer. <br \/>Belki haberin yoktur diye yaziyorum Franks; <br \/>&Ouml;nce demokrasi yagdi g&ouml;klerden <br \/>Sonra &ouml;zg&uuml;rl&uuml;k ge&ccedil;ti &uuml;st&uuml;m&uuml;zden <br \/>Palet palet&#8230; <\/span><\/font><\/font><\/p>\n<p><font size=\"3\"><font face=\"Times New Roman\"><span style=\"color: black\">Ve insan haklari namlularindan <br \/>Y&uuml;z&uuml; maskeli adamlar\u0131n <br \/>Saniyede bilmem ka&ccedil; bin adet.<br \/>Demokrasi bizim eve de isabet etti <br \/>Bir g&uuml;n sonra anladim ayaklar\u0131m\u0131n koptu\u011funu <br \/>Babamin v&uuml;cudunda <br \/>Tam on sekiz adet <br \/>Insan haklari saymislar. <\/span><\/font><\/font><font size=\"3\"><font face=\"Times New Roman\"><span style=\"color: black\">Annem zaten yoktu <br \/>Ben dogarken <br \/>\u0130la&ccedil; yoklu\u011fundan &ouml;lm&uuml;\u015f. <br \/>Ambargo falan dediler ya <br \/>Anlamad\u0131m, &ccedil;ocuk akl\u0131 i\u015fte <\/span><\/font><\/font><font size=\"3\"><font face=\"Times New Roman\"><span style=\"color: black\">Sen <br \/>Daha iyi bilirsin&#8230; <br \/>Sizde de bar\u0131\u015f b&ouml;yle midir Franks? <br \/>\u0130nsan haklar\u0131 &ccedil;ocuklar\u0131 yetim, <br \/>Ve ayaks\u0131z b\u0131rak\u0131r m\u0131 orada da? <\/span><\/font><\/font><font size=\"3\"><font face=\"Times New Roman\"><span style=\"color: black\">Ya demokrasi? <br \/>G&uuml;peg&uuml;nd&uuml;z pazara d&uuml;ser mi? <br \/>Ve zenginlik&#8230;<br \/>Insanlar\u0131 korkudan uykusuz birak\u0131r m\u0131?<br \/>Ve ku\u015flar g&ouml;ky&uuml;z&uuml;n&uuml; terkeder mi orada da? <\/span><\/font><\/font><font size=\"3\"><font face=\"Times New Roman\"><span style=\"color: black\">Babamla s&ouml;yledi\u011fim son <\/span><\/font><\/font><font size=\"3\"><font face=\"Times New Roman\"><span style=\"color: black\">dua <\/span><\/font><\/font><font size=\"3\"><font face=\"Times New Roman\"><span style=\"color: black\">dilimde, <br \/>Ayaklar\u0131m hastanede, <br \/>Ve giymeye k\u0131yamad\u0131\u011f\u0131m ayakkab\u0131lar<br \/>Elimde kald\u0131&#8230; <\/span><\/font><\/font><font size=\"3\"><font face=\"Times New Roman\"><span style=\"color: black\">&Ccedil;ocu\u011fun var m\u0131 Franks?<br \/>Al&#8230; &ccedil;ocu\u011funa g&ouml;t&uuml;r onlar\u0131 <br \/>Bir i\u015fe yaras\u0131n. <br \/>Kimbilir bakt\u0131k&ccedil;a,<br \/>Belki beni hat\u0131rlars\u0131n <\/span><\/font><\/font><font size=\"3\"><font face=\"Times New Roman\"><span style=\"color: black\">Bu nas\u0131l demokrasi<br \/>D&uuml;\u015ft&uuml;\u011f&uuml; yeri yakt\u0131 <br \/>Merhamet h&uuml;r d&uuml;nyaya <br \/>Bu kadar mi \u0131rakt\u0131?` <\/span><\/font><\/font><\/p>\n<p style=\"margin: 0cm 0cm 0pt\" class=\"MsoNormal\"><span style=\"color: black\"><font face=\"Times New Roman\" size=\"3\">F&acirc;ruk Hazar (Basral\u0131 \u015eair)<\/font><\/span><\/p>\n<pre style=\"line-height: 14.4pt\"><span class=\"htmltypewriter3\"><span style=\"font-size: 12pt; color: black; font-family: &#39;Times New Roman&#39;\">F\u0131kra:<\/span><\/span><\/pre>\n<pre style=\"line-height: 14.4pt\"><span class=\"htmltypewriter3\"><span style=\"font-size: 12pt; color: black; font-family: &#39;Times New Roman&#39;\">Dunya bankasi yetkilisi <\/span><\/span><span class=\"htmltypewriter3\"><span style=\"font-size: 12pt; color: black; font-family: &#39;Times New Roman&#39;\">&nbsp;<\/span><\/span><\/pre>\n<pre style=\"line-height: 14.4pt\"><span class=\"htmltypewriter3\"><span style=\"font-size: 12pt; color: black; font-family: &#39;Times New Roman&#39;\">&Ccedil;oban&#39;\u0131n biri dere kenar\u0131nda koyunlar\u0131n\u0131 otlat\u0131yormu\u015f.<\/span><\/span><\/pre>\n<pre style=\"line-height: 14.4pt\"><span class=\"htmltypewriter3\"><span style=\"font-size: 12pt; color: black; font-family: &#39;Times New Roman&#39;\">Tam o anda, yan\u0131na bir <\/span><\/span><span class=\"htmltypewriter3\"><span style=\"font-size: 12pt; color: black; font-family: &#39;Times New Roman&#39;\">Cherokee Jeep yana\u015fm\u0131\u015f.<\/span><\/span><\/pre>\n<pre style=\"line-height: 14.4pt\"><span class=\"htmltypewriter3\"><span style=\"font-size: 12pt; color: black; font-family: &#39;Times New Roman&#39;\">Brioni g&ouml;mlek, Cerruti ayakkab\u0131lar giyen, Ray-Ban g&ouml;zl&uuml;kl&uuml; ve<\/span><\/span><\/pre>\n<pre style=\"line-height: 14.4pt\"><span class=\"htmltypewriter3\"><span style=\"font-size: 12pt; color: black; font-family: &#39;Times New Roman&#39;\">YSL kravatl\u0131 <\/span><\/span><span class=\"htmltypewriter3\"><span style=\"font-size: 12pt; color: black; font-family: &#39;Times New Roman&#39;\">bir s&uuml;r&uuml;c&uuml; a\u015fa\u011f\u0131ya inmi\u015f ve &ccedil;obana sormu\u015f:<\/span><\/span><\/pre>\n<pre style=\"line-height: 14.4pt\"><span class=\"htmltypewriter3\"><span style=\"font-size: 12pt; color: black; font-family: &#39;Times New Roman&#39;\">E\u011fer ka&ccedil; tane koyunun oldu\u011funu bilirsem bana onlardan bir tanesini<\/span><\/span><\/pre>\n<pre style=\"line-height: 14.4pt\"><span class=\"htmltypewriter3\"><span style=\"font-size: 12pt; color: black; font-family: &#39;Times New Roman&#39;\">verir misin? <\/span><\/span><span class=\"htmltypewriter3\"><span style=\"font-size: 12pt; color: black; font-family: &#39;Times New Roman&#39;\">&Ccedil;oban bir adama birde koyunlar\u0131na bakm\u0131\u015f,<\/span><\/span><\/pre>\n<pre style=\"line-height: 14.4pt\"><span class=\"htmltypewriter3\"><span style=\"font-size: 12pt; color: black; font-family: &#39;Times New Roman&#39;\">&quot;Tamam&quot; diye cevap vermi\u015f. <\/span><\/span><span class=\"htmltypewriter3\"><span style=\"font-size: 12pt; color: black; font-family: &#39;Times New Roman&#39;\">Gen&ccedil;adam arabas\u0131n\u0131 park etmi\u015f,<\/span><\/span><\/pre>\n<pre style=\"line-height: 14.4pt\"><span class=\"htmltypewriter3\"><span style=\"font-size: 12pt; color: black; font-family: &#39;Times New Roman&#39;\">telefonunu bilgisayar\u0131na ba\u011flam\u0131\u015f bir <\/span><\/span><span class=\"htmltypewriter3\"><span style=\"font-size: 12pt; color: black; font-family: &#39;Times New Roman&#39;\">NASA sitesine girmi\u015f, GPS&#39;ini<\/span><\/span><\/pre>\n<pre style=\"line-height: 14.4pt\"><span class=\"htmltypewriter3\"><span style=\"font-size: 12pt; color: black; font-family: &#39;Times New Roman&#39;\">kullanarak yeri taram\u0131\u015f, bir database ve <\/span><\/span><span class=\"htmltypewriter3\"><span style=\"font-size: 12pt; color: black; font-family: &#39;Times New Roman&#39;\">logaritma ile doldurulmu\u015f 60<\/span><\/span><\/pre>\n<pre style=\"line-height: 14.4pt\"><span class=\"htmltypewriter3\"><span style=\"font-size: 12pt; color: black; font-family: &#39;Times New Roman&#39;\">excel tablosunu a&ccedil;m\u0131\u015f ve 150 sayfal\u0131k bir <\/span><\/span><span class=\"htmltypewriter3\"><span style=\"font-size: 12pt; color: black; font-family: &#39;Times New Roman&#39;\">rapor basm\u0131\u015f.<\/span><\/span><\/pre>\n<pre style=\"line-height: 14.4pt\"><span class=\"htmltypewriter3\"><span style=\"font-size: 12pt; color: black; font-family: &#39;Times New Roman&#39;\">&Ccedil;obana d&ouml;nm&uuml;\u015f, <\/span><\/span><span class=\"htmltypewriter3\"><span style=\"font-size: 12pt; color: black; font-family: &#39;Times New Roman&#39;\">&quot;Tam olarak 1586 adet koyunun var&quot;demi\u015f.<\/span><\/span><\/pre>\n<pre style=\"line-height: 14.4pt\"><span class=\"htmltypewriter3\"><span style=\"font-size: 12pt; color: black; font-family: &#39;Times New Roman&#39;\">&Ccedil;oban &quot;Do\u011fru&quot; diye cevap vermi\u015f,&quot;Koyununu alabilirsin.&quot;<\/span><\/span><\/pre>\n<pre style=\"line-height: 14.4pt\"><span class=\"htmltypewriter3\"><span style=\"font-size: 12pt; color: black; font-family: &#39;Times New Roman&#39;\">Gen&ccedil; adam koyunu alm\u0131\u015f ve jeep&#39;inin arkas\u0131na koymu\u015f.<\/span><\/span><\/pre>\n<pre style=\"line-height: 14.4pt\"><span class=\"htmltypewriter3\"><span style=\"font-size: 12pt; color: black; font-family: &#39;Times New Roman&#39;\">Bu sefer &ccedil;oban gen&ccedil; <\/span><\/span><span class=\"htmltypewriter3\"><span style=\"font-size: 12pt; color: black; font-family: &#39;Times New Roman&#39;\">adama d&ouml;nm&uuml;\u015f, &quot;E\u011fer senin ne i\u015f yapt\u0131\u011f\u0131n\u0131<\/span><\/span><\/pre>\n<pre style=\"line-height: 14.4pt\"><span class=\"htmltypewriter3\"><span style=\"font-size: 12pt; color: black; font-family: &#39;Times New Roman&#39;\">bilirsem koyunumu geri verirmisin?&quot; <\/span><\/span><span class=\"htmltypewriter3\"><span style=\"font-size: 12pt; color: black; font-family: &#39;Times New Roman&#39;\">diye sormu\u015f.<\/span><\/span><\/pre>\n<pre style=\"line-height: 14.4pt\"><span class=\"htmltypewriter3\"><span style=\"font-size: 12pt; color: black; font-family: &#39;Times New Roman&#39;\">Adam, &quot;Evet neden olmas\u0131n&quot; diye yan\u0131tlam\u0131\u015f.<\/span><\/span><\/pre>\n<pre style=\"line-height: 14.4pt\"><span class=\"htmltypewriter3\"><span style=\"font-size: 12pt; color: black; font-family: &#39;Times New Roman&#39;\">&quot;Sen Dunya Bankasi&#39;nda Dan\u0131\u015fmans\u0131n&quot; <\/span><\/span><span class=\"htmltypewriter3\"><span style=\"font-size: 12pt; color: black; font-family: &#39;Times New Roman&#39;\">demi\u015f &ccedil;oban. Adam sormu\u015f,<\/span><\/span><\/pre>\n<pre style=\"line-height: 14.4pt\"><span class=\"htmltypewriter3\"><span style=\"font-size: 12pt; color: black; font-family: &#39;Times New Roman&#39;\">&quot;Nas\u0131l oldu da bildin?&quot; <\/span><\/span><span class=\"htmltypewriter3\"><span style=\"font-size: 12pt; color: black; font-family: &#39;Times New Roman&#39;\">&Ccedil;oban &quot;&Ccedil;ok basit&quot;diye cevap vermi\u015f.Buraya<\/span><\/span><\/pre>\n<pre style=\"line-height: 14.4pt\"><span class=\"htmltypewriter3\"><span style=\"font-size: 12pt; color: black; font-family: &#39;Times New Roman&#39;\">&ccedil;a\u011fr\u0131lmadan geldin, bu bir. <\/span><\/span><span class=\"htmltypewriter3\"><span style=\"font-size: 12pt; color: black; font-family: &#39;Times New Roman&#39;\">\u0130kincisi benim bildi\u011fim bir \u015feyi bana<\/span><\/span><\/pre>\n<pre style=\"line-height: 14.4pt\"><span class=\"htmltypewriter3\"><span style=\"font-size: 12pt; color: black; font-family: &#39;Times New Roman&#39;\">s&ouml;ylemek i&ccedil;in <\/span><\/span><span class=\"htmltypewriter3\"><span style=\"font-size: 12pt; color: black; font-family: &#39;Times New Roman&#39;\">benden bir koyunumu istedin. <\/span><\/span><span class=\"htmltypewriter3\"><span style=\"font-size: 12pt; color: black; font-family: &#39;Times New Roman&#39;\">&Uuml;&ccedil;&uuml;nc&uuml;s&uuml; yapt\u0131\u011f\u0131n hi&ccedil;bir<\/span><\/span><\/pre>\n<pre style=\"line-height: 14.4pt\"><span class=\"htmltypewriter3\"><span style=\"font-size: 12pt; color: black; font-family: &#39;Times New Roman&#39;\">\u015feyden anlam\u0131yorsun <\/span><\/span><span class=\"htmltypewriter3\"><span style=\"font-size: 12pt; color: black; font-family: &#39;Times New Roman&#39;\">&ccedil;&uuml;nk&uuml; k&ouml;pe\u011fimi ald\u0131n!&quot;<\/span><\/span><\/pre>\n","protected":false},"excerpt":{"rendered":"<p>Basrali &Ouml;mer&#39;in Tommy Franks&#39;a Mektubu &nbsp; Bu zul&uuml;m yerde kalmaz Yemin olsun ki asra. &Ouml;nce mevt&uuml;l insanl\u0131k Sonra harab&uuml;l Basra&#46;&#46;&#46;<\/p>\n","protected":false},"author":1,"featured_media":0,"comment_status":"closed","ping_status":"closed","sticky":false,"template":"","format":"standard","meta":{"_jetpack_memberships_contains_paid_content":false,"footnotes":""},"categories":[61],"tags":[],"class_list":["post-2936","post","type-post","status-publish","format-standard","hentry","category-kultur-sanat"],"aioseo_notices":[],"jetpack_featured_media_url":"","jetpack_sharing_enabled":true,"jetpack-related-posts":[],"_links":{"self":[{"href":"http:\/\/www.ced.org.tr\/index.php?rest_route=\/wp\/v2\/posts\/2936","targetHints":{"allow":["GET"]}}],"collection":[{"href":"http:\/\/www.ced.org.tr\/index.php?rest_route=\/wp\/v2\/posts"}],"about":[{"href":"http:\/\/www.ced.org.tr\/index.php?rest_route=\/wp\/v2\/types\/post"}],"author":[{"embeddable":true,"href":"http:\/\/www.ced.org.tr\/index.php?rest_route=\/wp\/v2\/users\/1"}],"replies":[{"embeddable":true,"href":"http:\/\/www.ced.org.tr\/index.php?rest_route=%2Fwp%2Fv2%2Fcomments&post=2936"}],"version-history":[{"count":0,"href":"http:\/\/www.ced.org.tr\/index.php?rest_route=\/wp\/v2\/posts\/2936\/revisions"}],"wp:attachment":[{"href":"http:\/\/www.ced.org.tr\/index.php?rest_route=%2Fwp%2Fv2%2Fmedia&parent=2936"}],"wp:term":[{"taxonomy":"category","embeddable":true,"href":"http:\/\/www.ced.org.tr\/index.php?rest_route=%2Fwp%2Fv2%2Fcategories&post=2936"},{"taxonomy":"post_tag","embeddable":true,"href":"http:\/\/www.ced.org.tr\/index.php?rest_route=%2Fwp%2Fv2%2Ftags&post=2936"}],"curies":[{"name":"wp","href":"https:\/\/api.w.org\/{rel}","templated":true}]}}