{"id":2937,"date":"2012-07-19T15:37:17","date_gmt":"2012-07-19T12:37:17","guid":{"rendered":"http:\/\/www.ced.org.tr\/?p=2937"},"modified":"2012-07-19T15:37:17","modified_gmt":"2012-07-19T12:37:17","slug":"askin-ve-kavganin-sairi-olarak-bilinen-adnan-yuceli-10-olum-yil-donumunde-24-temmuz-iki-siiri-ile-aniyoruz","status":"publish","type":"post","link":"http:\/\/www.ced.org.tr\/?p=2937","title":{"rendered":"A\u015fk\u0131n ve kavgan\u0131n \u015fairi olarak bilinen Adnan Y\u00fccel&#8217;i 10.\u00f6l\u00fcm y\u0131l d\u00f6n\u00fcm\u00fcnde (24 temmuz ) iki \u015fiiri ile an\u0131yoruz"},"content":{"rendered":"<p><img loading=\"lazy\" decoding=\"async\" src=\"http:\/\/www.itusozluk.com\/image\/adnan-yucel_64846.jpg\" border=\"0\" width=\"113\" height=\"92\" style=\"float: left; margin: 8px;\" \/>Adnan Y\u00fccel: 24 Temmuz 2002&#8217;de yitirdi\u011fimiz \u00a0\u015fair Adnan Y\u00fccel 24-Mart-1953&#8217;te Elaz\u0131\u011f&#8217;da do\u011fdu. Diyarbak\u0131r E\u011fitim Enstit\u00fcs\u00fc T\u00fcrk Dili ve Edebiyat\u0131 B\u00f6l\u00fcm\u00fc ve Ankara U. EG. Fak. G\u00fczel Sanatlar E\u011fitimi B\u00f6l\u00fcm\u00fc&#8217;n\u00fc bitirdi. \u00c7ukurova \u00dcniversitesinde \u00f6\u011fretim g\u00f6revlisi olarak \u00e7al\u0131\u015ft\u0131. \u015eiirleri ve yaz\u0131lar\u0131,Yap\u0131t, Sesimiz, Petek, Sanat-Edebiyat 81, Yeni Olgu, Somut, S\u00f6ylem, Yazko Edebiyat, Yaba, Evrensel K\u00fclt\u00fcr, \u00d6yk\u00fc, Tav\u0131r, Temmuz dergilerinde yay\u0131nland\u0131.<\/p>\n<p>A\u015fk\u0131n ve kavgan\u0131n \u015fairi olarak bilinen Adnan Y\u00fccel&#8217;i biz de \u00f6l\u00fcm y\u0131l d\u00f6n\u00fcm\u00fcnde iki \u015fiiri ile an\u0131yoruz.<\/p>\n<p>\u00a0<\/p>\n<div>\n<div>\n<table class=\"MsoTableGrid\" style=\"border-collapse: collapse; border: none; mso-yfti-tbllook: 1184; mso-padding-alt: 0cm 5.4pt 0cm 5.4pt; mso-border-insideh: none; mso-border-insidev: none;\" border=\"0\" cellspacing=\"0\" cellpadding=\"0\">\n<tbody>\n<tr>\n<td style=\"width: 230.3pt; padding: 0cm 5.4pt 0cm 5.4pt;\" width=\"307\" valign=\"top\">\n<p class=\"MsoNormal\" style=\"margin-bottom: 0.0001pt;\"><strong>YERY\u00dcZ\u00dc A\u015eKIN Y\u00dcZ\u00dc<\/strong><\/p>\n<p>A\u015fks\u0131z ve parampar\u00e7ayd\u0131 ya\u015fam<\/p>\n<p>bir inanc\u0131n y\u00fcceli\u011finde buldum seni<\/p>\n<p>bir kavgan\u0131n g\u00fczelli\u011finde sevdim.<\/p>\n<p>bitmedi daha s\u00fcr\u00fcyor o kavga<\/p>\n<p>ve s\u00fcrecek<\/p>\n<p>yery\u00fcz\u00fc a\u015fk\u0131n y\u00fcz\u00fc oluncaya dek!<\/p>\n<p>\u00a0<\/p>\n<p>A\u015fk demi\u015fti ya\u015fam\u0131n b\u00fct\u00fcn ustalar\u0131<\/p>\n<p>a\u015fk ile sevmek bir g\u00fczelli\u011fi<\/p>\n<p>ve d\u00f6v\u00fc\u015febilmek o g\u00fczellik u\u011fruna.<\/p>\n<p>i\u015fte y\u00fcz\u00fcnde badem \u00e7i\u00e7ekleri<\/p>\n<p>sa\u00e7lar\u0131nda g\u00fclen toprak ve ilkbahar.<\/p>\n<p>sen misin seni sevdi\u011fim o kavga,<\/p>\n<p>sen o kavgan\u0131n g\u00fczelli\u011fi misin yoksa&#8230;<\/p>\n<p>\u00a0<\/p>\n<p>Bir inanc\u0131n y\u00fcceli\u011finde buldum seni<\/p>\n<p>bir kavgan\u0131n g\u00fczelli\u011finde sevdim.<\/p>\n<p>bin kez budad\u0131lar k\u00f6rpe dallar\u0131m\u0131z\u0131<\/p>\n<p>bin kez k\u0131rd\u0131lar.<\/p>\n<p>yine \u00e7i\u00e7ekteyiz i\u015fte yine meyvedeyiz<\/p>\n<p>bin kez korkuya bo\u011fdular zaman\u0131<\/p>\n<p>bin kez \u00f6l\u00fcmlediler<\/p>\n<p>yine do\u011fumday\u0131z i\u015fte, yine sevin\u00e7teyiz.<\/p>\n<p>bitmedi daha s\u00fcr\u00fcyor o kavga<\/p>\n<p>ve s\u00fcrecek<\/p>\n<p>yery\u00fcz\u00fc a\u015fk\u0131n y\u00fcz\u00fc oluncaya dek!<\/p>\n<p>\u00a0<\/p>\n<p>Ge\u00e7ti\u011fimiz o ilk nehirlerden beri<\/p>\n<p>suyun ayaklar\u0131 olmu\u015ftur ayaklar\u0131m\u0131z<\/p>\n<p>ellerimiz, ta\u015f\u0131n ve topra\u011f\u0131n elleri.<\/p>\n<p>ya\u011fmura susam\u0131\u015f sabahlarda \u00e7o\u011fal\u0131rd\u0131k<\/p>\n<p>t\u00f6renlerle dikilirdik bur\u00e7lar\u0131n\u0131za.<\/p>\n<p>t\u00fcrk\u00fcler s\u00f6ylerdik hep ayn\u0131 telden<\/p>\n<p>ayn\u0131 sesten, ayn\u0131 y\u00fcrekten<\/p>\n<p>da\u011flara biz verirdik morlu\u011funu,<\/p>\n<p>hen\u00fcz b\u00f6yle ya\u011fmalanmam\u0131\u015ft\u0131 gen\u00e7li\u011fimiz&#8230;<\/p>\n<p>\u00a0<\/p>\n<p>Ne g\u00fcn bat\u0131\u015f\u0131 \u00f6l\u00fcmlerin \u00fcz\u00fcnc\u00fcne<\/p>\n<p>ne tan at\u0131\u015f\u0131 do\u011fumlar\u0131n sevincine<\/p>\n<p>ey bir elinde mezarc\u0131lar yaratan,<\/p>\n<p>bir elinde ebeler ko\u015fturan do\u011fa<\/p>\n<p>bu sesleni\u015fimiz yaln\u0131zca sana<\/p>\n<p>ya\u015famas\u0131na ya\u015f\u0131yoruz ya g\u00fczelli\u011fini<\/p>\n<p>bitmedi daha s\u00fcr\u00fcyor o kavga<\/p>\n<p>ve s\u00fcrecek<\/p>\n<p>yery\u00fcz\u00fc a\u015fk\u0131n y\u00fcz\u00fc oluncaya dek!<\/p>\n<p>\u00a0<\/p>\n<p>Saraylar saltanatlar \u00e7\u00f6ker<\/p>\n<p>kan susar birg\u00fcn<\/p>\n<p>zul\u00fcm biter.<\/p>\n<p>menek\u015felerde a\u00e7\u0131l\u0131r \u00fcst\u00fcm\u00fczde<\/p>\n<p>leylaklarda g\u00fcler.<\/p>\n<p>bug\u00fcnlerden geriye,<\/p>\n<p>bir yar\u0131na gidenler kal\u0131r<\/p>\n<p>bir de yar\u0131nlar i\u00e7in direnenler&#8230;<\/p>\n<p>\u00a0<\/p>\n<p>\u015eiirler do\u011facak k\u0131vamda yine<\/p>\n<p>duygular yeniden ya\u011facak k\u0131vamda.<\/p>\n<p>ve y\u00fcrek,<\/p>\n<p>imgelerin en ula\u015f\u0131lmaz doru\u011funda.<\/p>\n<p>ey her\u015fey bitti diyenler<\/p>\n<p>korkunun sofras\u0131nda y\u0131lg\u0131nl\u0131k yiyenler.<\/p>\n<p>ne k\u0131rlarda direnen \u00e7i\u00e7ekler<\/p>\n<p>ne kentlerde devle\u015fen \u00f6fkeler<\/p>\n<p>hen\u00fcz elveda demediler.<\/p>\n<p>bitmedi daha s\u00fcr\u00fcyor o kavga<\/p>\n<p>ve s\u00fcrecek<\/p>\n<p>yery\u00fcz\u00fc a\u015fk\u0131n y\u00fcz\u00fc oluncaya dek!<\/p>\n<p>\u00a0<\/p>\n<p>Yazar : ADNAN Y\u00dcCEL<\/p>\n<\/td>\n<td style=\"width: 230.3pt; padding: 0cm 5.4pt 0cm 5.4pt;\" width=\"307\" valign=\"top\">\n<p class=\"MsoNormal\" style=\"margin-bottom: 0.0001pt;\"><strong>NE ZAMAN<\/strong><\/p>\n<p>Yine \u00e7\u0131\u011f basm\u0131\u015f b\u00fct\u00fcn yollar\u0131<\/p>\n<p>Yolu yok haber sorman\u0131n<\/p>\n<p>Selam iletmenin dostlara<\/p>\n<p>Hep kavgayla s\u00fcrecek gibi ya\u015fam<\/p>\n<p>Korkar\u0131m ki<\/p>\n<p>A\u015fka zaman bulamadan gidece\u011fiz<\/p>\n<p>\u0130\u00e7imizdeki sonsuz sevgileri<\/p>\n<p>Ac\u0131n\u0131n tabutuyla topra\u011fa verece\u011fiz<\/p>\n<p>Kim bilir<\/p>\n<p>Belki y\u00fcr\u00fcrken belki yatakta<\/p>\n<p>Bir y\u00fcrekte bin \u015fiir g\u00f6t\u00fcrece\u011fiz<\/p>\n<p>\u00a0<\/p>\n<p>Ne zaman tatlanacak bu ya\u015fam<\/p>\n<p>Uzun bir \u00f6p\u00fcc\u00fck gibi dudaklardan<\/p>\n<p>Sen s\u00f6yle ne zaman<\/p>\n<p>\u00a0<\/p>\n<p>Yine sab\u0131r ta\u015f\u0131yoruz evlere<\/p>\n<p>Sab\u0131r ki doruklardan y\u00fcce<\/p>\n<p>Her ad\u0131mda<\/p>\n<p>Gelecek t\u00fcrk\u00fclenirken ince ince<\/p>\n<p>Apans\u0131z bir \u00f6l\u00fcm f\u0131rt\u0131nas\u0131<\/p>\n<p>Bir kanl\u0131 ya\u011fmur<\/p>\n<p>Ya\u015fam yas\u0131m\u0131z\u0131 tutuyor sessizce<\/p>\n<p>\u00a0<\/p>\n<p>Bu sab\u0131r \u00e7atlayacak bilirsin<\/p>\n<p>Sel olup ta\u015facak \u00e7ekilen ac\u0131lar<\/p>\n<p>Bir g\u00fcn<\/p>\n<p>Ya yeniden ba\u015falyacak o ya\u011fmur<\/p>\n<p>Ya da dinecek b\u00fct\u00fcn sanc\u0131lar<\/p>\n<p>\u00a0<\/p>\n<p>Ne zaman s\u00f6ylenecek t\u00fcrk\u00fcm\u00fcz<\/p>\n<p>Her yerde ve hep bir a\u011f\u0131zdan<\/p>\n<p>Sen s\u00f6yle ne zaman<\/p>\n<p>\u00a0<\/p>\n<p>Yazar : ADNAN Y\u00dcCEL<\/p>\n<\/td>\n<\/tr>\n<\/tbody>\n<\/table>\n<\/div>\n<\/div>\n<p>\u00a0<\/p>\n","protected":false},"excerpt":{"rendered":"<p>Adnan Y\u00fccel: 24 Temmuz 2002&#8217;de yitirdi\u011fimiz \u00a0\u015fair Adnan Y\u00fccel 24-Mart-1953&#8217;te Elaz\u0131\u011f&#8217;da do\u011fdu. Diyarbak\u0131r E\u011fitim Enstit\u00fcs\u00fc T\u00fcrk Dili ve Edebiyat\u0131 B\u00f6l\u00fcm\u00fc&#46;&#46;&#46;<\/p>\n","protected":false},"author":1,"featured_media":0,"comment_status":"closed","ping_status":"closed","sticky":false,"template":"","format":"standard","meta":{"_jetpack_memberships_contains_paid_content":false,"footnotes":""},"categories":[61],"tags":[],"class_list":["post-2937","post","type-post","status-publish","format-standard","hentry","category-kultur-sanat"],"aioseo_notices":[],"jetpack_featured_media_url":"","jetpack_sharing_enabled":true,"jetpack-related-posts":[],"_links":{"self":[{"href":"http:\/\/www.ced.org.tr\/index.php?rest_route=\/wp\/v2\/posts\/2937","targetHints":{"allow":["GET"]}}],"collection":[{"href":"http:\/\/www.ced.org.tr\/index.php?rest_route=\/wp\/v2\/posts"}],"about":[{"href":"http:\/\/www.ced.org.tr\/index.php?rest_route=\/wp\/v2\/types\/post"}],"author":[{"embeddable":true,"href":"http:\/\/www.ced.org.tr\/index.php?rest_route=\/wp\/v2\/users\/1"}],"replies":[{"embeddable":true,"href":"http:\/\/www.ced.org.tr\/index.php?rest_route=%2Fwp%2Fv2%2Fcomments&post=2937"}],"version-history":[{"count":0,"href":"http:\/\/www.ced.org.tr\/index.php?rest_route=\/wp\/v2\/posts\/2937\/revisions"}],"wp:attachment":[{"href":"http:\/\/www.ced.org.tr\/index.php?rest_route=%2Fwp%2Fv2%2Fmedia&parent=2937"}],"wp:term":[{"taxonomy":"category","embeddable":true,"href":"http:\/\/www.ced.org.tr\/index.php?rest_route=%2Fwp%2Fv2%2Fcategories&post=2937"},{"taxonomy":"post_tag","embeddable":true,"href":"http:\/\/www.ced.org.tr\/index.php?rest_route=%2Fwp%2Fv2%2Ftags&post=2937"}],"curies":[{"name":"wp","href":"https:\/\/api.w.org\/{rel}","templated":true}]}}