{"id":2938,"date":"2012-09-21T22:08:27","date_gmt":"2012-09-21T19:08:27","guid":{"rendered":"http:\/\/www.ced.org.tr\/?p=2938"},"modified":"2012-09-21T22:08:27","modified_gmt":"2012-09-21T19:08:27","slug":"karagun-dostu-hasan-huseyin","status":"publish","type":"post","link":"http:\/\/www.ced.org.tr\/?p=2938","title":{"rendered":"Karag\u00fcn Dostu &#8211; Hasan H\u00fcseyin"},"content":{"rendered":"<p>\u00a0<\/p>\n<h3 style=\"font-family: Times;\">Karag\u00fcn Dostu<\/h3>\n<p style=\"font-family: Times; font-size: medium;\">biliyorum\u00a0<br \/>matarada su\u00a0<br \/>torbada ekmek<br \/>ve kemerde kur\u015fun de\u011fil \u015fiir\u00a0<br \/>ama yine de\u00a0<br \/>mataras\u0131nda su\u00a0<br \/>torbas\u0131nda ekmek\u00a0<br \/>ve kemerinde kur\u015fun kalmam\u0131\u015flar\u0131\u00a0<br \/>ayakta tutabilir\u00a0<\/p>\n<p>biliyorum\u00a0<br \/>\u015fiirle \u015fark\u0131yla olacak i\u015f de\u011fil bu\u00a0<br \/>dalda nar\u0131\u00a0<br \/>tarlada ekini k\u0131zartmaz g\u00fcvercin gurultusu\u00a0<br \/>ama yine de\u00a0<br \/>diler aras\u0131nda b\u0131\u00e7ak gibi parlar kavgada\u00a0<br \/>\u015fiirin do\u011frultusu\u00a0<\/p>\n<p>g\u00f6z g\u00fcz\u00fc g\u00f6rmez olmu\u015f\u00a0<br \/>tek bir \u0131\u015f\u0131k bile yok\u00a0<br \/>y\u00fcrek bir yaral\u0131 \u015fahindir\u00a0<br \/>d\u00f6ner bo\u015flukta\u00a0<br \/>belki bir \u015fiir\u00a0<br \/>belki bir \u015fiir k\u0131r\u0131nt\u0131s\u0131\u00a0<br \/>\u00e7alar kap\u0131m\u0131z\u0131 umutsuz karanl\u0131kta\u00a0<br \/>yoklar y\u00fcre\u011fimizi\u00a0<br \/>i\u011filir yaram\u0131za\u00a0<br \/>da\u011f\u0131t\u0131r korkumuzu\u00a0<br \/>ve kar\u015f\u0131 tepelerden\u00a0<br \/>g\u00fcr\u00fcl g\u00fcr\u00fcl bir kalk borusu\u00a0<\/p>\n<p><strong>Hasan H\u00fcseyin Korkmazgil<\/strong><\/p>\n<p>\u00a0<\/p>\n","protected":false},"excerpt":{"rendered":"<p>\u00a0 Karag\u00fcn Dostu biliyorum\u00a0matarada su\u00a0torbada ekmekve kemerde kur\u015fun de\u011fil \u015fiir\u00a0ama yine de\u00a0mataras\u0131nda su\u00a0torbas\u0131nda ekmek\u00a0ve kemerinde kur\u015fun kalmam\u0131\u015flar\u0131\u00a0ayakta tutabilir\u00a0 biliyorum\u00a0\u015fiirle \u015fark\u0131yla&#46;&#46;&#46;<\/p>\n","protected":false},"author":1,"featured_media":0,"comment_status":"closed","ping_status":"closed","sticky":false,"template":"","format":"standard","meta":{"_jetpack_memberships_contains_paid_content":false,"footnotes":""},"categories":[61],"tags":[],"class_list":["post-2938","post","type-post","status-publish","format-standard","hentry","category-kultur-sanat"],"aioseo_notices":[],"jetpack_featured_media_url":"","jetpack_sharing_enabled":true,"jetpack-related-posts":[],"_links":{"self":[{"href":"http:\/\/www.ced.org.tr\/index.php?rest_route=\/wp\/v2\/posts\/2938","targetHints":{"allow":["GET"]}}],"collection":[{"href":"http:\/\/www.ced.org.tr\/index.php?rest_route=\/wp\/v2\/posts"}],"about":[{"href":"http:\/\/www.ced.org.tr\/index.php?rest_route=\/wp\/v2\/types\/post"}],"author":[{"embeddable":true,"href":"http:\/\/www.ced.org.tr\/index.php?rest_route=\/wp\/v2\/users\/1"}],"replies":[{"embeddable":true,"href":"http:\/\/www.ced.org.tr\/index.php?rest_route=%2Fwp%2Fv2%2Fcomments&post=2938"}],"version-history":[{"count":0,"href":"http:\/\/www.ced.org.tr\/index.php?rest_route=\/wp\/v2\/posts\/2938\/revisions"}],"wp:attachment":[{"href":"http:\/\/www.ced.org.tr\/index.php?rest_route=%2Fwp%2Fv2%2Fmedia&parent=2938"}],"wp:term":[{"taxonomy":"category","embeddable":true,"href":"http:\/\/www.ced.org.tr\/index.php?rest_route=%2Fwp%2Fv2%2Fcategories&post=2938"},{"taxonomy":"post_tag","embeddable":true,"href":"http:\/\/www.ced.org.tr\/index.php?rest_route=%2Fwp%2Fv2%2Ftags&post=2938"}],"curies":[{"name":"wp","href":"https:\/\/api.w.org\/{rel}","templated":true}]}}