{"id":2939,"date":"2012-09-28T09:20:48","date_gmt":"2012-09-28T06:20:48","guid":{"rendered":"http:\/\/www.ced.org.tr\/?p=2939"},"modified":"2012-09-28T09:20:48","modified_gmt":"2012-09-28T06:20:48","slug":"sanliurfanin-siverek-ilcesi-dunya-okuma-rekorunu-kirdi","status":"publish","type":"post","link":"http:\/\/www.ced.org.tr\/?p=2939","title":{"rendered":"\u015eanl\u0131urfa&#8217;n\u0131n Siverek \u0130l\u00e7esi D\u00fcnya Okuma Rekorunu K\u0131rd\u0131"},"content":{"rendered":"<p><img loading=\"lazy\" decoding=\"async\" src=\"images\/siverek_1.jpg\" border=\"0\" width=\"221\" height=\"166\" style=\"float: left; border: 0; margin: 6px;\" \/><\/p>\n<p><strong>Ecz. Sevgi \u0130\u015fcanl\u0131 Kavak<\/strong><\/p>\n<p>25 Eyl\u00fcl 2012 sal\u0131 g\u00fcn\u00fc Siverek&#8217;te 30 bin 231 ki\u015fi ayn\u0131 anda \u00fcnl\u00fc \u015fairimiz Ahmet Arifin &#8216;Anadoluyum Ben&#8217; adl\u0131 \u015fiirini okuyarak d\u00fcnya rekorunu k\u0131rd\u0131. Senkronize bir \u015fekilde Siverek&#8217;te stadyumda\u00a0her ya\u015fta sanat\u00e7\u0131n\u0131n,yazarin, \u00f6\u011frencinin, eczac\u0131n\u0131n, doktorun ve miletvekillerin kat\u0131ld\u0131g\u0131 30231 ki\u015fi b\u00fcy\u00fck co\u015fku ile bu rekoru k\u0131rd\u0131. Daha \u00f6nceki 23 bin 822 olan rekor k\u0131r\u0131ld\u0131.<\/p>\n<p>\u00a0<\/p>\n<p>5 dakkikada tam 3 defa okudu\u011fumuz \u00e7ok anlaml\u0131 buldu\u011fum bu \u015fiiri sizinle bir k\u0131tas\u0131n\u0131 payla\u015fmak istiyorum.<\/p>\n<p>\u00a0<\/p>\n<p>ANADOLUYUM BEN<\/p>\n<p>\u00d6yle y\u0131kma kendini<\/p>\n<p>\u00d6yle mahzun,\u00f6yle \u011farip&#8230;<\/p>\n<p>Nerede olursan ol<\/p>\n<p>\u0130\u00e7erde,d\u0131\u015farda,derste,s\u0131rada<\/p>\n<p>Y\u00fcr\u00fc \u00fcst\u00fcne-\u00fcst\u00fcne<\/p>\n<p>T\u00fck\u00fcr y\u00fcz\u00fcne celladin<\/p>\n<p>F\u0131rsat\u00e7\u0131n\u0131n, fesat\u00e7\u0131n\u0131n, hay\u0131n\u0131n&#8230;<\/p>\n<p>Dayan kitap ile<\/p>\n<p>Dayan i\u015f ile<\/p>\n<p>T\u0131rnak ile,di\u015f ile<\/p>\n<p>Umut ile,sevda ile,d\u00fc\u015f ile<\/p>\n<p>Dayan r\u00fcsva etme beni<\/p>\n<p>G\u00f6r, nas\u0131l yeniden yarat\u0131l\u0131r\u0131m<\/p>\n<p>Namuslu,gen\u00e7 ellerinle.<\/p>\n<p>\u00a0<\/p>\n<p><img decoding=\"async\" src=\"images\/siverek_2.jpg\" border=\"0\" \/><\/p>\n<p>\u00a0<\/p>\n","protected":false},"excerpt":{"rendered":"<p>Ecz. Sevgi \u0130\u015fcanl\u0131 Kavak 25 Eyl\u00fcl 2012 sal\u0131 g\u00fcn\u00fc Siverek&#8217;te 30 bin 231 ki\u015fi ayn\u0131 anda \u00fcnl\u00fc \u015fairimiz Ahmet Arifin&#46;&#46;&#46;<\/p>\n","protected":false},"author":1,"featured_media":0,"comment_status":"closed","ping_status":"closed","sticky":false,"template":"","format":"standard","meta":{"_jetpack_memberships_contains_paid_content":false,"footnotes":""},"categories":[61],"tags":[],"class_list":["post-2939","post","type-post","status-publish","format-standard","hentry","category-kultur-sanat"],"aioseo_notices":[],"jetpack_featured_media_url":"","jetpack_sharing_enabled":true,"jetpack-related-posts":[],"_links":{"self":[{"href":"http:\/\/www.ced.org.tr\/index.php?rest_route=\/wp\/v2\/posts\/2939","targetHints":{"allow":["GET"]}}],"collection":[{"href":"http:\/\/www.ced.org.tr\/index.php?rest_route=\/wp\/v2\/posts"}],"about":[{"href":"http:\/\/www.ced.org.tr\/index.php?rest_route=\/wp\/v2\/types\/post"}],"author":[{"embeddable":true,"href":"http:\/\/www.ced.org.tr\/index.php?rest_route=\/wp\/v2\/users\/1"}],"replies":[{"embeddable":true,"href":"http:\/\/www.ced.org.tr\/index.php?rest_route=%2Fwp%2Fv2%2Fcomments&post=2939"}],"version-history":[{"count":0,"href":"http:\/\/www.ced.org.tr\/index.php?rest_route=\/wp\/v2\/posts\/2939\/revisions"}],"wp:attachment":[{"href":"http:\/\/www.ced.org.tr\/index.php?rest_route=%2Fwp%2Fv2%2Fmedia&parent=2939"}],"wp:term":[{"taxonomy":"category","embeddable":true,"href":"http:\/\/www.ced.org.tr\/index.php?rest_route=%2Fwp%2Fv2%2Fcategories&post=2939"},{"taxonomy":"post_tag","embeddable":true,"href":"http:\/\/www.ced.org.tr\/index.php?rest_route=%2Fwp%2Fv2%2Ftags&post=2939"}],"curies":[{"name":"wp","href":"https:\/\/api.w.org\/{rel}","templated":true}]}}