{"id":2943,"date":"2012-06-13T21:55:12","date_gmt":"2012-06-13T18:55:12","guid":{"rendered":"http:\/\/www.ced.org.tr\/?p=2943"},"modified":"2012-06-13T21:55:12","modified_gmt":"2012-06-13T18:55:12","slug":"ilac-reklamlari-halki-yaniltiyor","status":"publish","type":"post","link":"http:\/\/www.ced.org.tr\/?p=2943","title":{"rendered":"\u0130la\u00e7 Reklamlar\u0131 Halk\u0131 Yan\u0131lt\u0131yor"},"content":{"rendered":"<p>\u00a0<\/p>\n<p><span style=\"color: #222222;\"><br \/>\u0130nternet sitelerinde ger\u00e7e\u011fe ayk\u0131r\u0131 beyanlarda bulunarak tan\u0131t\u0131m ve sat\u0131\u015flar\u0131 yap\u0131lan ve halk\u0131 istismar eden &#8220;Clavis\u201d \u201cClavis panax\u201d\u00a0 \u201cKlavis panax\u201d \u0131n sat\u0131\u015flar\u0131\u00a0\u00a0yasakland\u0131.<\/span><\/p>\n<p><span style=\"color: #222222;\"> <\/span><\/p>\n<p><span style=\"color: #222222;\">Sa\u011fl\u0131k Bakanl\u0131\u011f\u0131 bilimsel komisyonu<em>; Dr. Mustafa ERASLAN ve Dr. \u00d6mer CO\u015eKUN isimli \u015fah\u0131slar\u0131n\u00a0 \u201cClavis panax\u201d ve \u201cClavis\u201d markas\u0131 ile bir\u00e7ok ve \u201cKlavis panax\u201d isimli \u00fcr\u00fcn\u00fcn muhtelif televizyon, radyo kanallar\u0131 ve internet sitelerinde sat\u0131\u015f\u0131n\u0131 yapmakta,\u00a0<strong>ger\u00e7e\u011fe ayk\u0131r\u0131 beyanlarda bulunarak halk\u0131 istismar etmekte, yan\u0131ltmakta, herhangi bir tedavi etkisi olmayan \u00fcr\u00fcnleri para kar\u015f\u0131l\u0131\u011f\u0131 satarak menfaat temin etmekte ayr\u0131ca halk\u0131n sa\u011fl\u0131\u011f\u0131n\u0131 bu fiilleri ile tehlikeye d\u00fc\u015f\u00fcrmekte oldu\u011fu <\/strong>konusuyla ilgili olarak s\u00f6z konusu \u00fcr\u00fcnlerin endikasyon belirterek sat\u0131\u015f ve tan\u0131t\u0131mlar\u0131n\u0131n yap\u0131ld\u0131\u011f\u0131n\u0131n g\u00f6r\u00fclmekte oldu\u011fu, bu nedenle yukar\u0131da belirtilen hususlar g\u00f6z \u00f6n\u00fcnde bulunduruldu\u011funda olas\u0131 sa\u011fl\u0131k problemlerinin de \u00f6nlenmesi amac\u0131yla \u201cClavis panax\u201d da dahil olmak \u00fczere\u00a0 \u201cClavis\u201d markal\u0131 \u00fcr\u00fcnlerin ve\u00a0 \u201cKlavis Panax\u201d isimli \u00fcr\u00fcn\u00fcn piyasadan toplanmas\u0131n\u0131n gerekti\u011fi<\/em> y\u00f6n\u00fcnde bilimsel kanaat belirtti. <\/span><\/p>\n<p>\u00a0<\/p>\n<p><span style=\"color: #222222;\">Ayr\u0131ca Solgar \u00fcr\u00fcnleri, Pyhtoparma \u0130la\u00e7 ve Bitkisel Sa\u011f. \u00dcr\u00fcn. San. Tic. Ltd. \u015eti\u2019nin \u00fcr\u00fcnleri, V-Pills, Vrl-rex, Orviax, Hekimzade \u00dcr\u00fcnleri, X-Tra Gel Kaps\u00fcl, Elma-Krom Kaps\u00fcl gibi \u00fcr\u00fcnlerin endikasyon belirtilerek sat\u0131\u015f ve tan\u0131t\u0131m\u0131n\u0131n yap\u0131ld\u0131\u011f\u0131n\u0131n saptanmas\u0131 durumunda; sat\u0131\u015f ve tan\u0131t\u0131mlar\u0131n\u0131n engellenmesi istendi.<\/span><\/p>\n<p><span style=\"color: #222222;\">G\u0131da Takviyesi olarak izinli ancak endikasyon belirtilerek sat\u0131\u015f ve tan\u0131t\u0131m\u0131n\u0131n yap\u0131ld\u0131\u011f\u0131 tespit edilen \u00fcr\u00fcnlerin reklamlar\u0131n\u0131n durdurulmas\u0131\u00a0 ve G\u0131da, Tar\u0131m ve Hayvanc\u0131l\u0131k Bakanl\u0131\u011f\u0131ndan da bu \u00fcr\u00fcnlerin ruhsatlar\u0131n\u0131n iptali istendi. Reklam Kurulu taraf\u0131ndan \u00fcr\u00fcn reklamlar\u0131n\u0131n durdurulmas\u0131na ve idar\u00ee para cezas\u0131 uygulanmas\u0131na karar verildi.<\/span><\/p>\n<p><strong><span style=\"color: #222222;\">T\u00fcketicinin yan\u0131lt\u0131lmamas\u0131, geriye d\u00f6n\u00fck olarak olumsuz durumlar\u0131n ya\u015fanmamas\u0131 ve halk sa\u011fl\u0131\u011f\u0131n\u0131n korunmas\u0131 i\u00e7in<\/span><\/strong><span style=\"color: #222222;\">, bu \u00fcr\u00fcnlerin sat\u0131\u015f\u0131n\u0131 engellenmesi\u00a0 ve sat\u0131ld\u0131\u011f\u0131 yerlerin kapat\u0131lmas\u0131 istendi. <\/span><\/p>\n<p>\u00a0<\/p>\n<p><span style=\"color: #222222;\">Sa\u011fl\u0131k Bakanl\u0131\u011f\u0131&#8217;n\u0131n \u0130la\u00e7 ve Bitkisel \u00dcr\u00fcnlerle ilgili 15.05.2012 tarihli duyurusu i\u00e7in <\/span><a href=\"http:\/\/www.iegm.gov.tr\/Default.aspx?sayfa=anasayfa&amp;lang=tr-TR&amp;newsId=915\">t\u0131klay\u0131n\u0131z.<\/a><\/p>\n<p>\u00a0<\/p>\n","protected":false},"excerpt":{"rendered":"<p>\u00a0 \u0130nternet sitelerinde ger\u00e7e\u011fe ayk\u0131r\u0131 beyanlarda bulunarak tan\u0131t\u0131m ve sat\u0131\u015flar\u0131 yap\u0131lan ve halk\u0131 istismar eden &#8220;Clavis\u201d \u201cClavis panax\u201d\u00a0 \u201cKlavis panax\u201d&#46;&#46;&#46;<\/p>\n","protected":false},"author":1,"featured_media":0,"comment_status":"closed","ping_status":"closed","sticky":false,"template":"","format":"standard","meta":{"_jetpack_memberships_contains_paid_content":false,"footnotes":""},"categories":[62],"tags":[],"class_list":["post-2943","post","type-post","status-publish","format-standard","hentry","category-sagliktan-haberler"],"aioseo_notices":[],"jetpack_featured_media_url":"","jetpack_sharing_enabled":true,"jetpack-related-posts":[],"_links":{"self":[{"href":"http:\/\/www.ced.org.tr\/index.php?rest_route=\/wp\/v2\/posts\/2943","targetHints":{"allow":["GET"]}}],"collection":[{"href":"http:\/\/www.ced.org.tr\/index.php?rest_route=\/wp\/v2\/posts"}],"about":[{"href":"http:\/\/www.ced.org.tr\/index.php?rest_route=\/wp\/v2\/types\/post"}],"author":[{"embeddable":true,"href":"http:\/\/www.ced.org.tr\/index.php?rest_route=\/wp\/v2\/users\/1"}],"replies":[{"embeddable":true,"href":"http:\/\/www.ced.org.tr\/index.php?rest_route=%2Fwp%2Fv2%2Fcomments&post=2943"}],"version-history":[{"count":0,"href":"http:\/\/www.ced.org.tr\/index.php?rest_route=\/wp\/v2\/posts\/2943\/revisions"}],"wp:attachment":[{"href":"http:\/\/www.ced.org.tr\/index.php?rest_route=%2Fwp%2Fv2%2Fmedia&parent=2943"}],"wp:term":[{"taxonomy":"category","embeddable":true,"href":"http:\/\/www.ced.org.tr\/index.php?rest_route=%2Fwp%2Fv2%2Fcategories&post=2943"},{"taxonomy":"post_tag","embeddable":true,"href":"http:\/\/www.ced.org.tr\/index.php?rest_route=%2Fwp%2Fv2%2Ftags&post=2943"}],"curies":[{"name":"wp","href":"https:\/\/api.w.org\/{rel}","templated":true}]}}