{"id":2953,"date":"2012-07-19T12:02:00","date_gmt":"2012-07-19T09:02:00","guid":{"rendered":"http:\/\/www.ced.org.tr\/?p=2953"},"modified":"2012-07-19T12:02:00","modified_gmt":"2012-07-19T09:02:00","slug":"bakanliktan-bedava-ertesi-gun-hapi","status":"publish","type":"post","link":"http:\/\/www.ced.org.tr\/?p=2953","title":{"rendered":"Bakanl\u0131ktan bedava &#8216;ertesi g\u00fcn hap\u0131&#8217;"},"content":{"rendered":"<p><span style=\"font-size: 12.499999046325684px; color: #222222; font-family: arial, sans-serif;\">Sa\u011fl\u0131k Bakan\u0131 taraf\u0131ndan\u00a0 Bakanlar Kurulu&#8217;nda sunumu yap\u0131lan k\u00fcrtaj tasla\u011f\u0131n\u0131n ayr\u0131nt\u0131lar\u0131 ortaya \u00e7\u0131kt\u0131.<\/span><\/p>\n<h1><span style=\"font-size: 14.499999046325684px; color: #222222; font-family: arial, sans-serif;\"><span style=\"font-family: arial, sans-serif; color: #222222;\"><strong class=\"reflect\">\u0130stemli d\u00fc\u015f\u00fck amac\u0131yla kullan\u0131lan ila\u00e7lar kontrol alt\u0131na al\u0131nacak.<\/strong><\/span><\/span><\/h1>\n<p><span style=\"color: #222222; font-family: arial, sans-serif; font-size: 12.499999046325684px; text-align: left;\">ntvmsnbc\u00a018 Temmuz. 2012 \u00c7ar\u015famba<\/span><\/p>\n<div style=\"color: #222222; font-family: arial, sans-serif; font-size: 12.499999046325684px;\">\n<div style=\"font-size: 12.499999046325684px;\"><span style=\"font-size: 12.499999046325684px; text-align: left;\"> <\/p>\n<p><\/span><\/div>\n<div style=\"font-size: 12.499999046325684px;\"><span style=\"font-size: 12.499999046325684px;\">Bakanlar Kuruluna sunulan k\u00fcrtaj tasla\u011f\u0131n\u0131n ayr\u0131nt\u0131lar\u0131 ortaya \u00e7\u0131kt\u0131.<\/span><\/div>\n<div style=\"font-size: 12.499999046325684px;\"><span style=\"font-size: 12.499999046325684px;\"><br \/>Kamuoyunda b\u00fcy\u00fck tart\u0131\u015fma yaratan ve TBMM&#8217;nin yeni d\u00f6nemine kalan k\u00fcrtaj d\u00fczenlemesiyle ilgili, Sa\u011fl\u0131k Bakan\u0131 Recep Akda\u011f, \u00f6nceki g\u00fcn Bakanlar Kurulu\u2019na sunum yapt\u0131.<\/span><\/div>\n<div style=\"font-size: 12.499999046325684px;\">\n<div>\n<p>H\u00fck\u00fcmet S\u00f6zc\u00fcs\u00fc B\u00fclent Ar\u0131n\u00e7, Ba\u015fbakan Erdo\u011fan\u2019\u0131n sunumun tasar\u0131 haline getirilmesini tavsiye etti\u011fini a\u00e7\u0131klarken, sunumun ayr\u0131nt\u0131lar\u0131, H\u00fcrriyet gazetesinden Meltem \u00d6zgen\u00e7&#8217;in haberinde yer ald\u0131.<\/p>\n<p>K\u00fcrtaj s\u00fcresine yenilik getirmeyen (yine 10 hafta) \u00e7al\u0131\u015fmaya g\u00f6re, sa\u011fl\u0131k personeline k\u00fcrtaj yapmama hakk\u0131 tan\u0131nacak, anne ve baba aday\u0131n\u0131 k\u00fcrtajdan vazge\u00e7irmek i\u00e7in \u00e7al\u0131\u015fma yap\u0131lacak, 4 g\u00fcn d\u00fc\u015f\u00fcnme s\u00fcresi verilecek&#8230;<\/p>\n<p>\u00a0<\/p>\n<p style=\"font-size: 12.499999046325684px;\"><strong><strong><em>Bakan Akda\u011f&#8217;\u0131n Bakanlar Kurulu&#8217;na sundu\u011fu \u00e7al\u0131\u015fman\u0131n ayr\u0131nt\u0131lar\u0131:<\/em><\/strong><\/strong> <br \/>\u2014 Sa\u011fl\u0131k personeline k\u00fcrtaj yapmama hakk\u0131 tan\u0131nacak<\/p>\n<p style=\"font-size: 12.499999046325684px;\">\u2014 \u00dcreme sa\u011fl\u0131\u011f\u0131ndaki geli\u015fmeleri takip ederek politika olu\u015fturulmas\u0131na katk\u0131 sa\u011flayacak \u201c\u00dcreme Sa\u011fl\u0131\u011f\u0131 Y\u00fcksek Kurulu\u201d kurulacak, \u201certesi g\u00fcn haplar\u0131\u201d \u00fccretsiz verilecek.<\/p>\n<p style=\"font-size: 12.499999046325684px;\">\u2014 G\u00fcvenli gebelik s\u00fcrecini olu\u015fturmak i\u00e7in b\u00fct\u00fcn aile sa\u011fl\u0131\u011f\u0131 merkezlerinde gebeli\u011fin erken tespitine y\u00f6nelik hassas testler yap\u0131lacak. Kad\u0131n\u0131n hamileli\u011fi daha erken fark etme ihtimalinin az olmas\u0131 nedeniyle k\u00fcrtajda 10 hafta s\u0131n\u0131r\u0131 korunacak.<\/p>\n<p style=\"font-size: 12.499999046325684px;\">\u2014 \u0130stek \u00fczerine gebelik sonland\u0131r\u0131lmadan \u00f6nce anne aday\u0131 veya \u00e7iftlere bir heyet taraf\u0131ndan dan\u0131\u015fmanl\u0131k hizmeti verilecek. Anne aday\u0131n\u0131n ve \u00e7iftlerin kararlar\u0131n\u0131 g\u00f6zden ge\u00e7irme s\u00fcreleri gebeli\u011fin 10\u2019uncu haftas\u0131n\u0131 ge\u00e7memek kayd\u0131yla 2 ila 4 g\u00fcn olacak.<\/p>\n<p style=\"font-size: 12.499999046325684px;\">\u2014 \u0130stemli d\u00fc\u015f\u00fck amac\u0131yla kullan\u0131lan ila\u00e7lar kontrol alt\u0131na al\u0131nacak ve g\u00fcvenli kullan\u0131m\u0131 sa\u011flanacak.<\/p>\n<p style=\"font-size: 12.499999046325684px;\">\u2014 K\u00fcrtaj\u0131 sadece kad\u0131n do\u011fum uzmanlar\u0131 yapabilecek.<\/p>\n<p style=\"font-size: 12.499999046325684px;\">\u2014 10 hafta \u00fczerindeki gebeliklerin sonland\u0131r\u0131lmas\u0131nda e\u011fitim hastaneleri ve sa\u011fl\u0131k kurullar\u0131na yetki verilecek.<\/p>\n<p style=\"font-size: 12.499999046325684px;\">\u2014 K\u00fcrtajda t\u0131bbi zorunluluk halleri somutla\u015ft\u0131racak. T\u0131bbi zorunluluk olmadan 10 haftan\u0131n \u00fczerinde k\u00fcrtaja izin veren kad\u0131na 1 y\u0131ldan 3 y\u0131la kadar hapis cezas\u0131 verilecek (Bu, mevcut durumda 1 y\u0131la kadar hapis ve adli para cezas\u0131).<\/p>\n<p style=\"font-size: 12.499999046325684px;\">\u2014 N\u00fcfus planlamas\u0131 kanunu ve t\u00fcz\u00fc\u011f\u00fc kald\u0131r\u0131lacak, bunun yerine \u00dcreme Sa\u011fl\u0131\u011f\u0131 Hizmetleri Kanunu \u00e7\u0131kar\u0131lacak.<\/p>\n<p style=\"font-size: 12.499999046325684px;\">\u2014 A\u011fr\u0131s\u0131z do\u011fum hizmeti yayg\u0131nla\u015ft\u0131r\u0131lacak. Bu hizmet i\u00e7in Sosyal G\u00fcvenlik Kurumu\u2019nun yeterli \u00f6deme yapmas\u0131 sa\u011flanacak.<\/p>\n<p style=\"font-size: 12.499999046325684px;\">\u2014 \u00dcreme sa\u011fl\u0131\u011f\u0131 ile ilgili etkin bir dan\u0131\u015fma hatt\u0131 olu\u015fturulacak.<\/p>\n<p style=\"font-size: 12.499999046325684px;\">\u2014 \u00c7al\u0131\u015fan annelere do\u011fum sonras\u0131 verilen 8 haftal\u0131k \u00fccretli izin 6 aya \u00e7\u0131kar\u0131lacak ve s\u00fct izninin 2\u2019nci 6 ayl\u0131k d\u00f6neminde verilen s\u00fct izni s\u00fcresi 1.5 saatten 2 saate \u00e7\u0131kar\u0131lacak.<\/p>\n<p style=\"font-size: 12.499999046325684px;\">\u2014 \u00c7al\u0131\u015fan ve \u00e7ocuk sahibi olan annelere kre\u015f yard\u0131m\u0131 yap\u0131lacak, \u00e7ocuk yard\u0131m\u0131 art\u0131r\u0131lacak.<\/p>\n<p style=\"font-size: 12.499999046325684px;\">\u2014 Kad\u0131n\u0131n i\u015f ve aileye uyumunun sa\u011flanmas\u0131 i\u00e7in evden \u00e7al\u0131\u015fmas\u0131 da \u00f6nerilecek.<\/p>\n<p style=\"font-size: 12.499999046325684px;\">\u2014 Anne Dostu Hastane Program\u0131 yayg\u0131nla\u015ft\u0131r\u0131larak mahremiyet beklentileri kar\u015f\u0131lanacak, hijyen ve konfor standartlar\u0131 y\u00fckseltilecek.<\/p>\n<p style=\"font-size: 12.499999046325684px;\">\u2014 Ensest sonucu olu\u015fan gebeliklerin sonland\u0131r\u0131lmas\u0131nda veli veya vasi izni aranmay\u0131p h\u00e2kim karar\u0131na g\u00f6re i\u015flem yap\u0131lacak.<\/p>\n<p style=\"font-size: 12.499999046325684px;\">\u2014 \u00c7ocu\u011fu cinsel y\u00f6nden istismar eden ki\u015fi 6 y\u0131ldan 15 y\u0131la kadar hapis cezas\u0131yla cezaland\u0131r\u0131lacak (Mevcut yasada ceza, \u00fc\u00e7 y\u0131ldan 8 y\u0131la kadar hapis \u00f6ng\u00f6r\u00fcyor).<\/p>\n<p>\u00a0<\/p>\n<\/div>\n<\/div>\n<\/div>\n<p>\u00a0<\/p>\n","protected":false},"excerpt":{"rendered":"<p>Sa\u011fl\u0131k Bakan\u0131 taraf\u0131ndan\u00a0 Bakanlar Kurulu&#8217;nda sunumu yap\u0131lan k\u00fcrtaj tasla\u011f\u0131n\u0131n ayr\u0131nt\u0131lar\u0131 ortaya \u00e7\u0131kt\u0131. \u0130stemli d\u00fc\u015f\u00fck amac\u0131yla kullan\u0131lan ila\u00e7lar kontrol alt\u0131na al\u0131nacak.&#46;&#46;&#46;<\/p>\n","protected":false},"author":1,"featured_media":0,"comment_status":"closed","ping_status":"closed","sticky":false,"template":"","format":"standard","meta":{"_jetpack_memberships_contains_paid_content":false,"footnotes":""},"categories":[62],"tags":[],"class_list":["post-2953","post","type-post","status-publish","format-standard","hentry","category-sagliktan-haberler"],"aioseo_notices":[],"jetpack_featured_media_url":"","jetpack_sharing_enabled":true,"jetpack-related-posts":[],"_links":{"self":[{"href":"http:\/\/www.ced.org.tr\/index.php?rest_route=\/wp\/v2\/posts\/2953","targetHints":{"allow":["GET"]}}],"collection":[{"href":"http:\/\/www.ced.org.tr\/index.php?rest_route=\/wp\/v2\/posts"}],"about":[{"href":"http:\/\/www.ced.org.tr\/index.php?rest_route=\/wp\/v2\/types\/post"}],"author":[{"embeddable":true,"href":"http:\/\/www.ced.org.tr\/index.php?rest_route=\/wp\/v2\/users\/1"}],"replies":[{"embeddable":true,"href":"http:\/\/www.ced.org.tr\/index.php?rest_route=%2Fwp%2Fv2%2Fcomments&post=2953"}],"version-history":[{"count":0,"href":"http:\/\/www.ced.org.tr\/index.php?rest_route=\/wp\/v2\/posts\/2953\/revisions"}],"wp:attachment":[{"href":"http:\/\/www.ced.org.tr\/index.php?rest_route=%2Fwp%2Fv2%2Fmedia&parent=2953"}],"wp:term":[{"taxonomy":"category","embeddable":true,"href":"http:\/\/www.ced.org.tr\/index.php?rest_route=%2Fwp%2Fv2%2Fcategories&post=2953"},{"taxonomy":"post_tag","embeddable":true,"href":"http:\/\/www.ced.org.tr\/index.php?rest_route=%2Fwp%2Fv2%2Ftags&post=2953"}],"curies":[{"name":"wp","href":"https:\/\/api.w.org\/{rel}","templated":true}]}}