{"id":2955,"date":"2012-07-22T13:56:16","date_gmt":"2012-07-22T10:56:16","guid":{"rendered":"http:\/\/www.ced.org.tr\/?p=2955"},"modified":"2012-07-22T13:56:16","modified_gmt":"2012-07-22T10:56:16","slug":"saglik-bakanligindan-mucize-urun-uyarisi","status":"publish","type":"post","link":"http:\/\/www.ced.org.tr\/?p=2955","title":{"rendered":"Sa\u011fl\u0131k Bakanl\u0131\u011f\u0131ndan &#8220;mucize \u00fcr\u00fcn&#8221; uyar\u0131s\u0131"},"content":{"rendered":"<p><span style=\"font-size: 12px; text-align: justify;\">Sa\u011fl\u0131k Bakanl\u0131\u011f\u0131 T\u00fcrkiye \u0130la\u00e7 ve T\u0131bbi Cihaz Kurumu 20 Temmuz 2012 Cuma g\u00fcn\u00fc internet sitesinden yapt\u0131\u011f\u0131 a\u00e7\u0131klamayla besin deste\u011fi ya da takviye edici g\u0131da ad\u0131 alt\u0131nda izin al\u0131p bilimsel herhangi bir veriye ve \u00e7al\u0131\u015fmaya dayanmayan, \u00a0ticari ama\u00e7 \u00f6ncelikli, bitkisel tedavi edici, mucize \u00fcr\u00fcn olarak piyasaya sunulan \u00fcr\u00fcnlerin halk sa\u011fl\u0131\u011f\u0131 a\u00e7\u0131s\u0131ndan son derece tehlikeli oldu\u011funu kamuoyuna duyurdu. <\/span><\/p>\n<p>\u00a0<\/p>\n<table style=\"color: #000000; font-size: 12px;\" border=\"0\" cellspacing=\"0\" cellpadding=\"0\" width=\"100%\">\n<tbody>\n<tr>\n<td style=\"padding-left: 5px;\">\n<div class=\"newslogo\" style=\"background-image: url(http:\/\/www.iegm.gov.tr\/App_Themes\/GreenTheme\/Images\/titlelogo.png); padding: 5px 0px 2px 25px; width: 513.3333129882813px; background-repeat: no-repeat no-repeat;\"><span class=\"newstitle\" style=\"font-family: Tahoma; font-size: 12px; font-weight: bold; color: #bb1614;\">Kamuoyuna Duyuru<\/p>\n<p><\/span><\/div>\n<\/td>\n<\/tr>\n<\/tbody>\n<\/table>\n<div style=\"font-size: 12px; text-align: justify; \">Bal\u0131kesir\u2019de ya\u015fayan bir vatanda\u015f\u0131m\u0131z\u0131n bir s\u00fcre \u00f6nce kilo vermek amac\u0131yla internet \u00fczerinden zay\u0131flama \u00fcr\u00fcn\u00fc sat\u0131n ald\u0131\u011f\u0131, bu \u00fcr\u00fcnden 4 kaps\u00fcl kulland\u0131ktan bir s\u00fcre sonra kalp durmas\u0131 nedeni ile hastaneye yat\u0131r\u0131larak tedavi g\u00f6rd\u00fc\u011f\u00fc iddial\u0131 habere istinaden a\u015fa\u011f\u0131daki a\u00e7\u0131klaman\u0131n yap\u0131lmas\u0131na gerek g\u00f6r\u00fclm\u00fc\u015ft\u00fcr.<\/div>\n<div style=\"font-size: 12px; text-align: justify; \"><\/div>\n<div style=\"font-size: 12px; text-align: justify; \">Obezite ya\u015fam kalitesini d\u00fc\u015f\u00fcren \u00e7ok fakt\u00f6rl\u00fc kronik bir hastal\u0131kt\u0131r. T\u00fcm d\u00fcnyada h\u0131zla artan, bireyleri ve toplumlar\u0131 etkileyen hastal\u0131klardan bir tanesidir. Bu nedenle obezite ile m\u00fccadele konusunda bakanl\u0131\u011f\u0131m\u0131z ba\u015far\u0131l\u0131 bir kampanya y\u00fcr\u00fctmektedir.<\/div>\n<div style=\"font-size: 12px; text-align: justify; \"><\/div>\n<div style=\"font-size: 12px; text-align: justify; \">Yapt\u0131\u011f\u0131m\u0131z \u00e7al\u0131\u015fmalar sonucu halk\u0131m\u0131zda obeziteye kar\u015f\u0131 olumlu bir fark\u0131ndal\u0131\u011f\u0131n olu\u015ftu\u011funu g\u00f6zlemekteyiz.<\/div>\n<div style=\"font-size: 12px; text-align: justify; \"><\/div>\n<div style=\"font-size: 12px; text-align: justify; \">Ancak baz\u0131 f\u0131rsat\u00e7\u0131lar\u0131n, vatanda\u015flar\u0131m\u0131z\u0131 kolay ve k\u0131sa yoldan zay\u0131flatacaklar\u0131n\u0131 iddia ettikleri \u00fcr\u00fcnleri piyasaya s\u00fcrd\u00fcklerini, de\u011fi\u015fik kampanyalarla obezite ile m\u00fccadelemizden yararlanmaya \u00e7al\u0131\u015ft\u0131klar\u0131, ya\u015fanan olumsuz vakalar, denetimlerimiz ve \u015fik\u00e2yetlerle anla\u015f\u0131lm\u0131\u015ft\u0131r.<\/div>\n<div style=\"font-size: 12px; text-align: justify; \"><\/div>\n<div style=\"font-size: 12px; text-align: justify; \">Vatanda\u015flar\u0131m\u0131z\u0131n obezitenin (her t\u00fcrl\u00fc kilo problemleri d\u00e2hil) bir sa\u011fl\u0131k sorunu<strong>oldu\u011funu bilmeleri ve mutlaka bu konuda Aile hekimlerine ba\u015fvurmalar\u0131<\/strong>,<span style=\"color: #333333; \">G\u0131da, Tar\u0131m ve Hayvanc\u0131l\u0131k Bakanl\u0131\u011f\u0131&#8217;ndan ruhsatl\u0131 \u00fcr\u00fcnleri ila\u00e7 olarak alg\u0131lamamalar\u0131 gerekmektedir.<\/span><\/div>\n<div style=\"font-size: 12px; text-align: justify; \"><span style=\"color: #333333; \"><br \/><\/span><\/div>\n<div style=\"font-size: 12px; text-align: justify; \">Bu tip \u00fcr\u00fcnleri satan f\u0131rsat\u00e7\u0131lar\u0131n yapt\u0131klar\u0131 i\u015fin olu\u015fturabilece\u011fi\u00a0<strong>sorunlar kar\u015f\u0131s\u0131nda<\/strong> kendilerinde bir\u00a0<strong>sorumluluk hissetmedikleri bilinmelidir.<\/strong><\/div>\n<div style=\"font-size: 12px; text-align: justify; \"><strong><br \/><\/strong><\/div>\n<div style=\"font-size: 12px; text-align: justify; margin: auto 0cm; \">Bitkisel \u00fcr\u00fcnler, \u00f6zellikle \u00e7ocuklarda, hamilelerde, ya\u015fl\u0131larda, ergenlik \u00e7a\u011f\u0131ndaki gen\u00e7lerde, cerrahi m\u00fcdahaleden ge\u00e7mi\u015f hastalarda, beklenenden \u00e7ok daha farkl\u0131 veya \u00e7ok daha artm\u0131\u015f oranlarda etki g\u00f6sterebilmektedirler.<\/div>\n<div style=\"font-size: 12px; text-align: justify; margin: auto 0cm; \"><\/div>\n<div style=\"font-size: 12px; text-align: justify; \"><strong>\u201cSa\u011fl\u0131kl\u0131 Kilo ver, Enerjini Artt\u0131r, Metabolizman\u0131 h\u0131zland\u0131r, yorgunlu\u011funu at, kendini mutlu et\u201d <\/strong>gibi sloganlarla sat\u0131lan \u00fcr\u00fcnlerin, halk\u0131m\u0131za maddi anlamda ciddi zararlar verdi\u011fi gibi\u00a0<strong>\u00f6l\u00fcmlere varan sonu\u00e7lar do\u011furabildi\u011fi unutulmamal\u0131d\u0131r<\/strong>.<\/div>\n<div style=\"font-size: 12px; text-align: justify; \"><\/div>\n<div style=\"font-size: 12px; text-align: justify; margin: auto 0cm; \">Bilinmesi gereken bir ba\u015fka husus da acaba bitkisel ila\u00e7 veya g\u0131da takviyesi diye tan\u0131t\u0131lan \u00fcr\u00fcnlerin i\u00e7eri\u011findeki bitkiler do\u011fru bitki midir? Do\u011fru zamanda, do\u011fru yerden mi toplanm\u0131\u015ft\u0131r, i\u00e7eri\u011fine yabanc\u0131 kimyasallar ilave edilmi\u015fmidir ve i\u00e7erdi\u011fi kimyasal bile\u015fiklere g\u00f6re do\u011fru bir \u015fekilde mi standardize edilmi\u015ftir?<\/div>\n<div style=\"font-size: 12px; text-align: justify; margin: auto 0cm; \"><\/div>\n<div style=\"font-size: 12px; text-align: justify; margin: auto 0cm; \">Bu \u00fcr\u00fcnlerin; Pestisit art\u0131\u011f\u0131, a\u011f\u0131r metal, aflatoksin gibi i\u00e7erikler a\u00e7\u0131s\u0131ndan gerekli testlerden ge\u00e7mi\u015f olmas\u0131, stabilitesini alm\u0131\u015f olmas\u0131 gereklidir. Bu ve bunun gibi bir\u00e7ok i\u015flemin yap\u0131l\u0131p ger\u00e7ekten\u00a0<strong>bitkisel ila\u00e7 onay\u0131n\u0131n al\u0131nabilece\u011fi tek kurum da Sa\u011fl\u0131k Bakanl\u0131\u011f\u0131\u2019d\u0131r.<\/strong><\/div>\n<div style=\"font-size: 12px; text-align: justify; margin: auto 0cm; \"><strong><br \/><\/strong><\/div>\n<div style=\"font-size: 12px; text-align: justify; margin: auto 0cm; \"><strong> <\/strong><\/div>\n<div style=\"font-size: 12px; text-align: justify; margin: auto 0cm; \">Bu ba\u011flamda 663 say\u0131l\u0131 KHK ile yetkilerini art\u0131rd\u0131\u011f\u0131m\u0131z,\u00a0<strong>T\u00fcrkiye \u0130la\u00e7 ve T\u0131bbi Cihaz Kurumumuz<\/strong> piyasa g\u00f6zetim ve denetimlerini s\u0131kla\u015ft\u0131rarak halk\u0131m\u0131z\u0131n sa\u011fl\u0131\u011f\u0131n\u0131n korunmas\u0131 noktas\u0131nda yapt\u0131r\u0131mlar\u0131na devam etmektedir.<\/div>\n<div style=\"font-size: 12px; text-align: justify; margin: auto 0cm; \"><\/div>\n<div style=\"font-size: 12px; text-align: justify; \"><strong>Besin deste\u011fi ya da takviye edici g\u0131da ad\u0131 alt\u0131nda izin al\u0131p<\/strong> bilimsel herhangi bir veriye ve \u00e7al\u0131\u015fmaya dayanmayan,\u00a0 ticari ama\u00e7 \u00f6ncelikli, bitkisel tedavi edici, mucize \u00fcr\u00fcn olarak piyasaya sunulan \u00fcr\u00fcnlerin\u00a0<strong>halk sa\u011fl\u0131\u011f\u0131 a\u00e7\u0131s\u0131ndan son derece tehlikeli oldu\u011funu bir kez daha hat\u0131rlat\u0131r\u0131z.<\/strong><\/div>\n<div style=\"font-size: 12px; text-align: justify; \"><strong><br \/><\/strong><\/div>\n<div style=\"font-size: 12px; text-align: justify; \">Kamuoyumuzun bilgisine sayg\u0131yla sunulur.<\/div>\n<p>\u00a0<\/p>\n","protected":false},"excerpt":{"rendered":"<p>Sa\u011fl\u0131k Bakanl\u0131\u011f\u0131 T\u00fcrkiye \u0130la\u00e7 ve T\u0131bbi Cihaz Kurumu 20 Temmuz 2012 Cuma g\u00fcn\u00fc internet sitesinden yapt\u0131\u011f\u0131 a\u00e7\u0131klamayla besin deste\u011fi ya&#46;&#46;&#46;<\/p>\n","protected":false},"author":1,"featured_media":0,"comment_status":"closed","ping_status":"closed","sticky":false,"template":"","format":"standard","meta":{"_jetpack_memberships_contains_paid_content":false,"footnotes":""},"categories":[62],"tags":[],"class_list":["post-2955","post","type-post","status-publish","format-standard","hentry","category-sagliktan-haberler"],"aioseo_notices":[],"jetpack_featured_media_url":"","jetpack_sharing_enabled":true,"jetpack-related-posts":[],"_links":{"self":[{"href":"http:\/\/www.ced.org.tr\/index.php?rest_route=\/wp\/v2\/posts\/2955","targetHints":{"allow":["GET"]}}],"collection":[{"href":"http:\/\/www.ced.org.tr\/index.php?rest_route=\/wp\/v2\/posts"}],"about":[{"href":"http:\/\/www.ced.org.tr\/index.php?rest_route=\/wp\/v2\/types\/post"}],"author":[{"embeddable":true,"href":"http:\/\/www.ced.org.tr\/index.php?rest_route=\/wp\/v2\/users\/1"}],"replies":[{"embeddable":true,"href":"http:\/\/www.ced.org.tr\/index.php?rest_route=%2Fwp%2Fv2%2Fcomments&post=2955"}],"version-history":[{"count":0,"href":"http:\/\/www.ced.org.tr\/index.php?rest_route=\/wp\/v2\/posts\/2955\/revisions"}],"wp:attachment":[{"href":"http:\/\/www.ced.org.tr\/index.php?rest_route=%2Fwp%2Fv2%2Fmedia&parent=2955"}],"wp:term":[{"taxonomy":"category","embeddable":true,"href":"http:\/\/www.ced.org.tr\/index.php?rest_route=%2Fwp%2Fv2%2Fcategories&post=2955"},{"taxonomy":"post_tag","embeddable":true,"href":"http:\/\/www.ced.org.tr\/index.php?rest_route=%2Fwp%2Fv2%2Ftags&post=2955"}],"curies":[{"name":"wp","href":"https:\/\/api.w.org\/{rel}","templated":true}]}}