{"id":2957,"date":"2012-07-26T11:47:03","date_gmt":"2012-07-26T08:47:03","guid":{"rendered":"http:\/\/www.ced.org.tr\/?p=2957"},"modified":"2012-07-26T11:47:03","modified_gmt":"2012-07-26T08:47:03","slug":"ilaclarin-topluma-tanitilmasi-ve-hasta-bilgilerinin-kaydedilmesi-yasaktir","status":"publish","type":"post","link":"http:\/\/www.ced.org.tr\/?p=2957","title":{"rendered":"\u0130la\u00e7lar\u0131n topluma tan\u0131t\u0131lmas\u0131 ve hasta bilgilerinin kaydedilmesi yasakt\u0131r"},"content":{"rendered":"<p>Be\u015feri T\u0131bbi \u00dcr\u00fcnlerin Tan\u0131t\u0131m Faaliyetleri Hakk\u0131nda Y\u00f6netmelik h\u00fck\u00fcmleri \u00e7er\u00e7evesinde,<\/p>\n<p>\u0130la\u00e7lar\u0131n re\u00e7eteli\/re\u00e7etesiz ayr\u0131m\u0131 yap\u0131lmaks\u0131z\u0131n ruhsat\/izin sahipleri taraf\u0131ndan topluma tan\u0131t\u0131m\u0131 ile hasta bilgilerinin kaydedilmesi ve g\u00fcvenlik verilerinin Bakanl\u0131ktan izinsiz toplanmas\u0131 \u00a0yasakt\u0131r.<\/p>\n<p>Sa\u011fl\u0131k Bakanl\u0131\u011f\u0131 taraf\u0131ndan 26.07.2012 tarihinde yay\u0131mlanan Genelge i\u00e7in <a href=\"mevzuat\/Genelgehastabilgileri_215c782.pdf\" target=\"_blank\">t\u0131klay\u0131n\u0131z.<\/a><\/p>\n","protected":false},"excerpt":{"rendered":"<p>Be\u015feri T\u0131bbi \u00dcr\u00fcnlerin Tan\u0131t\u0131m Faaliyetleri Hakk\u0131nda Y\u00f6netmelik h\u00fck\u00fcmleri \u00e7er\u00e7evesinde, \u0130la\u00e7lar\u0131n re\u00e7eteli\/re\u00e7etesiz ayr\u0131m\u0131 yap\u0131lmaks\u0131z\u0131n ruhsat\/izin sahipleri taraf\u0131ndan topluma tan\u0131t\u0131m\u0131 ile hasta&#46;&#46;&#46;<\/p>\n","protected":false},"author":1,"featured_media":0,"comment_status":"closed","ping_status":"closed","sticky":false,"template":"","format":"standard","meta":{"_jetpack_memberships_contains_paid_content":false,"footnotes":""},"categories":[62],"tags":[],"class_list":["post-2957","post","type-post","status-publish","format-standard","hentry","category-sagliktan-haberler"],"aioseo_notices":[],"jetpack_featured_media_url":"","jetpack_sharing_enabled":true,"jetpack-related-posts":[],"_links":{"self":[{"href":"http:\/\/www.ced.org.tr\/index.php?rest_route=\/wp\/v2\/posts\/2957","targetHints":{"allow":["GET"]}}],"collection":[{"href":"http:\/\/www.ced.org.tr\/index.php?rest_route=\/wp\/v2\/posts"}],"about":[{"href":"http:\/\/www.ced.org.tr\/index.php?rest_route=\/wp\/v2\/types\/post"}],"author":[{"embeddable":true,"href":"http:\/\/www.ced.org.tr\/index.php?rest_route=\/wp\/v2\/users\/1"}],"replies":[{"embeddable":true,"href":"http:\/\/www.ced.org.tr\/index.php?rest_route=%2Fwp%2Fv2%2Fcomments&post=2957"}],"version-history":[{"count":0,"href":"http:\/\/www.ced.org.tr\/index.php?rest_route=\/wp\/v2\/posts\/2957\/revisions"}],"wp:attachment":[{"href":"http:\/\/www.ced.org.tr\/index.php?rest_route=%2Fwp%2Fv2%2Fmedia&parent=2957"}],"wp:term":[{"taxonomy":"category","embeddable":true,"href":"http:\/\/www.ced.org.tr\/index.php?rest_route=%2Fwp%2Fv2%2Fcategories&post=2957"},{"taxonomy":"post_tag","embeddable":true,"href":"http:\/\/www.ced.org.tr\/index.php?rest_route=%2Fwp%2Fv2%2Ftags&post=2957"}],"curies":[{"name":"wp","href":"https:\/\/api.w.org\/{rel}","templated":true}]}}