{"id":2958,"date":"2012-07-26T11:54:37","date_gmt":"2012-07-26T08:54:37","guid":{"rendered":"http:\/\/www.ced.org.tr\/?p=2958"},"modified":"2012-07-26T11:54:37","modified_gmt":"2012-07-26T08:54:37","slug":"obez-cocuklarin-kalbi-tehlikede","status":"publish","type":"post","link":"http:\/\/www.ced.org.tr\/?p=2958","title":{"rendered":"Obez \u00e7ocuklar\u0131n kalbi tehlikede"},"content":{"rendered":"<p><span style=\"font-size: 12.499999046325684px; color: #222222; font-family: arial, sans-serif;\"><strong>24 Temmuz 2012\u00a0 BBC T\u00fcrk\u00e7e<\/strong><\/span><\/p>\n<p><span style=\"font-size: 12.499999046325684px;\">Obez \u00e7ocuklar\u0131n kalplerinin ilkokul \u00e7a\u011flar\u0131ndan itibaren tehlike alt\u0131nda oldu\u011fu a\u00e7\u0131kland\u0131.<\/span><\/p>\n<p><span style=\"color: #222222; font-family: arial, sans-serif; font-size: 12.499999046325684px;\">Ne var ki Hollanda&#8217;da yap\u0131lan ara\u015ft\u0131rma, ya\u015flar\u0131 2 ile 12 aras\u0131nda de\u011fi\u015fen \u00e7ocuklar\u0131n da bu sorunu ya\u015fayabileceklerini belirledi.<\/span><\/p>\n<div style=\"color: #222222; font-family: arial, sans-serif; font-size: 12.499999046325684px;\">\n<p style=\"color: #222222; font-family: arial, sans-serif; font-size: 12.499999046325684px;\"><span style=\"font-size: 12.499999046325684px;\">Kalp hastal\u0131klar\u0131, normal ko\u015fullarda, orta ya\u015flardan sonra kendisini g\u00f6steren bir rahats\u0131zl\u0131k olarak biliniyor.<\/span><\/p>\n<p style=\"color: #222222; font-family: arial, sans-serif; font-size: 12.499999046325684px;\">307 \u00e7ocuk aras\u0131nda yap\u0131lan ara\u015ft\u0131rmada izlenen grup \u00fcyelerinin \u00fc\u00e7te ikisinde y\u00fcksek kalp bas\u0131nc\u0131 belirledi.<\/p>\n<p style=\"color: #222222; font-family: arial, sans-serif; font-size: 12.499999046325684px;\">Obezite, d\u00fcnya genelinde t\u0131rmanan bir sorun olarak beliriyor ve giderek daha \u00e7ok say\u0131da insana daha gen\u00e7 ya\u015fta obezite tan\u0131s\u0131 konuluyor.<\/p>\n<p style=\"color: #222222; font-family: arial, sans-serif; font-size: 12.499999046325684px;\">V\u00fccut K\u00fctle Endeksi 20,5&#8217;in \u00fczerinde olan iki bu\u00e7uk ya\u015f\u0131ndaki \u00e7ocuklar obez olarak kabul ediliyor.<\/p>\n<p style=\"color: #222222; font-family: arial, sans-serif; font-size: 12.499999046325684px;\">Bu oran 18 ya\u015f\u0131na gelindi\u011finde 35&#8217;e \u00e7\u0131karsa, o zaman a\u015f\u0131r\u0131 obez tan\u0131mlamas\u0131 yap\u0131l\u0131yor.<\/p>\n<p style=\"color: #222222; font-family: arial, sans-serif; font-size: 12.499999046325684px;\">VU \u00dcniversitesi T\u0131p Ara\u015ft\u0131rmalar\u0131 Merkezi&#8217;ndeki ara\u015ft\u0131rmac\u0131lar, Hollanda \u00c7ocuk Hastal\u0131klar\u0131n\u0131 \u0130zleme Birimi&#8217;nin 2005-2007 y\u0131llar\u0131 aras\u0131nda toplad\u0131\u011f\u0131 verileri inceledi.<\/p>\n<p style=\"color: #222222; font-family: arial, sans-serif; font-size: 12.499999046325684px;\">Ara\u015ft\u0131rmac\u0131lar, a\u015f\u0131r\u0131 obez kabul kabul edilen \u00e7ocuklardaki kalp hastal\u0131klar\u0131n\u0131 inceledi.<\/p>\n<p style=\"color: #222222; font-family: arial, sans-serif; font-size: 12.499999046325684px;\">\u00c7al\u0131\u015fma sonucunda haz\u0131rlanan raporda &#8220;12 ya\u015f\u0131n alt\u0131ndaki grubun, y\u00fczde 62 gibi \u00e7arp\u0131c\u0131 seviyedeki bir k\u0131sm\u0131n\u0131n hali haz\u0131rda kalp ve damar sorunlar\u0131 geli\u015ftirdikleri belirlendi&#8221; denildi.<\/p>\n<p style=\"color: #222222; font-family: arial, sans-serif; font-size: 12.499999046325684px;\">\u0130ncelenen grubun yar\u0131s\u0131ndan fazlas\u0131n\u0131n kan bas\u0131n\u00e7lar\u0131n\u0131n normalden y\u00fcksek seyretti\u011fi; iyi kolesterol d\u00fczeyinin d\u00fc\u015f\u00fck ve kan \u015fekeri seviyesinin y\u00fcksek oldu\u011fu belirlendi. Kan \u015fekeri sonu\u00e7lar\u0131 \u015feker hastal\u0131\u011f\u0131n\u0131n Tip 2 olarak bilinen a\u011f\u0131rl\u0131\u011f\u0131na i\u015faret ediyor.<\/p>\n<p style=\"color: #222222; font-family: arial, sans-serif; font-size: 12.499999046325684px;\">Ara\u015ft\u0131rmac\u0131lar, bu durumun gen\u00e7 ya\u015fta kalp ve damar sorunlar\u0131na yol a\u00e7abilece\u011fini belirtiyor.<\/p>\n<p style=\"color: #222222; font-family: arial, sans-serif; font-size: 12.499999046325684px;\">\u0130ngiltere&#8217;deki Kalp Vakf\u0131&#8217;n\u0131n bu alandaki k\u0131demli hem\u015firelerinden Dorieann Maddock &#8220;K\u00fc\u00e7\u00fck bir \u00e7al\u0131\u015fma olmakla birlikte sonu\u00e7lar k\u00f6t\u00fc bir his b\u0131rak\u0131yor&#8221; dedi.<\/p>\n<p style=\"color: #222222; font-family: arial, sans-serif; font-size: 12.499999046325684px;\">\u201cB\u00fcy\u00fck endi\u015fe kayna\u011f\u0131&#8221; diyen hem\u015fire Maddock, &#8220;Pek \u00e7ok obez \u00e7ocuk \u015fimdiden kalp hastal\u0131\u011f\u0131 riski ta\u015f\u0131yan ki\u015filer olarak belirlendi, burada sorunun di\u011fer par\u00e7alar\u0131, y\u00fcksek kan bas\u0131nc\u0131, y\u00fcksek glikoz oran\u0131 ve kolesterol seviyelerinde g\u00f6steriyor kendini&#8221; \u015feklinde konu\u015ftu.<\/p>\n<p style=\"color: #222222; font-family: arial, sans-serif; font-size: 12.499999046325684px;\">&#8220;Ne var ki bu sorun, \u00e7ocuklar\u0131n a\u015f\u0131r\u0131 kilo almas\u0131n\u0131n \u00f6n\u00fcne ge\u00e7ilmesiyle engellenebilir..&#8221; diyen Dorieann Maddock, &#8220;sa\u011fl\u0131kl\u0131 beslenmesinin ve fiziki olarak hareketli olman\u0131n erken ya\u015flardan itibaren ne kadar \u00f6nemli oldu\u011fu ne kadar vurgulansa azd\u0131r: Bu, gelecek ku\u015faklar\u0131n sa\u011fl\u0131\u011f\u0131n\u0131n korunmas\u0131 a\u00e7\u0131s\u0131ndan b\u00fcy\u00fck \u00f6nem ta\u015f\u0131yor.&#8221; \u015feklinde konu\u015ftu.<\/p>\n<p style=\"color: #222222; font-family: arial, sans-serif; font-size: 12.499999046325684px;\"><a href=\"http:\/\/www.bbc.co.uk\/turkce\/haberler\/2012\/07\/120724_obesity_children.shtml\" target=\"_blank\" style=\"color: #1155cc;\">http:\/\/www.bbc.co.uk\/turkce\/haberler\/2012\/07\/120724_obesity_children.shtml<\/a><\/p>\n<\/div>\n<p>\u00a0<\/p>\n","protected":false},"excerpt":{"rendered":"<p>24 Temmuz 2012\u00a0 BBC T\u00fcrk\u00e7e Obez \u00e7ocuklar\u0131n kalplerinin ilkokul \u00e7a\u011flar\u0131ndan itibaren tehlike alt\u0131nda oldu\u011fu a\u00e7\u0131kland\u0131. Ne var ki Hollanda&#8217;da yap\u0131lan&#46;&#46;&#46;<\/p>\n","protected":false},"author":1,"featured_media":0,"comment_status":"closed","ping_status":"closed","sticky":false,"template":"","format":"standard","meta":{"_jetpack_memberships_contains_paid_content":false,"footnotes":""},"categories":[62],"tags":[],"class_list":["post-2958","post","type-post","status-publish","format-standard","hentry","category-sagliktan-haberler"],"aioseo_notices":[],"jetpack_featured_media_url":"","jetpack_sharing_enabled":true,"jetpack-related-posts":[],"_links":{"self":[{"href":"http:\/\/www.ced.org.tr\/index.php?rest_route=\/wp\/v2\/posts\/2958","targetHints":{"allow":["GET"]}}],"collection":[{"href":"http:\/\/www.ced.org.tr\/index.php?rest_route=\/wp\/v2\/posts"}],"about":[{"href":"http:\/\/www.ced.org.tr\/index.php?rest_route=\/wp\/v2\/types\/post"}],"author":[{"embeddable":true,"href":"http:\/\/www.ced.org.tr\/index.php?rest_route=\/wp\/v2\/users\/1"}],"replies":[{"embeddable":true,"href":"http:\/\/www.ced.org.tr\/index.php?rest_route=%2Fwp%2Fv2%2Fcomments&post=2958"}],"version-history":[{"count":0,"href":"http:\/\/www.ced.org.tr\/index.php?rest_route=\/wp\/v2\/posts\/2958\/revisions"}],"wp:attachment":[{"href":"http:\/\/www.ced.org.tr\/index.php?rest_route=%2Fwp%2Fv2%2Fmedia&parent=2958"}],"wp:term":[{"taxonomy":"category","embeddable":true,"href":"http:\/\/www.ced.org.tr\/index.php?rest_route=%2Fwp%2Fv2%2Fcategories&post=2958"},{"taxonomy":"post_tag","embeddable":true,"href":"http:\/\/www.ced.org.tr\/index.php?rest_route=%2Fwp%2Fv2%2Ftags&post=2958"}],"curies":[{"name":"wp","href":"https:\/\/api.w.org\/{rel}","templated":true}]}}