{"id":2971,"date":"2012-08-02T13:47:53","date_gmt":"2012-08-02T10:47:53","guid":{"rendered":"http:\/\/www.ced.org.tr\/?p=2971"},"modified":"2012-08-02T13:47:53","modified_gmt":"2012-08-02T10:47:53","slug":"kalsitonin-iceren-tum-nazal-spreyler-piyasadan-kaldiriliyor","status":"publish","type":"post","link":"http:\/\/www.ced.org.tr\/?p=2971","title":{"rendered":"Kalsitonin i\u00e7eren  t\u00fcm nazal spreyler piyasadan kald\u0131r\u0131l\u0131yor"},"content":{"rendered":"<div style=\"color: #222222; font-family: arial, sans-serif; font-size: 12.499999046325684px; font-style: normal; font-variant: normal; font-weight: normal; letter-spacing: normal; line-height: normal; orphans: 2; text-align: -webkit-auto; text-indent: 0px; text-transform: none; white-space: normal; widows: 2; word-spacing: 0px; -webkit-text-size-adjust: auto; -webkit-text-stroke-width: 0px; background-color: #ffffff;\"><span style=\"font-family: 'Times New Roman'; font-size: 12pt;\"><strong>Kalsitonin i\u00e7eren\u00a0 t\u00fcm nazal spreyler,<span class=\"Apple-converted-space\"> <\/span><\/strong>Avrupa \u0130la\u00e7 Ajans\u0131&#8217;n\u0131n\u00a0\u00a0&#8220;Kalsitonin i\u00e7eren t\u00fcm nazal spreylerin uzun s\u00fcreli tedavi gerektiren kronik bir hastal\u0131k olan osteoporozun tedavisi i\u00e7in, bu endikasyondaki<span class=\"Apple-converted-space\"> <\/span><strong>faydalar\u0131 risklere a\u011f\u0131r basmad\u0131\u011f\u0131ndan<\/strong><span class=\"Apple-converted-space\"> <\/span>ve yine uzun s\u00fcre kullan\u0131m\u0131n\u0131n<strong><span class=\"Apple-converted-space\"> <\/span>malignite riskindeki<\/strong><span class=\"Apple-converted-space\"> <\/span>minimal art\u0131\u015f ile ili\u015fkili oldu\u011fu konusundaki g\u00f6zlemler sebebi ile piyasadan kald\u0131r\u0131lmas\u0131 &#8220;y\u00f6n\u00fcndeki karar\u0131 do\u011frultusunda<span class=\"Apple-converted-space\"> <\/span><\/span><span style=\"font-family: 'Times New Roman'; font-size: 12pt;\">piyasadan kald\u0131r\u0131l\u0131yor.<\/p>\n<p><\/span><\/div>\n<div style=\"color: #222222; font-family: arial, sans-serif; font-size: 12.499999046325684px; font-style: normal; font-variant: normal; font-weight: normal; letter-spacing: normal; line-height: normal; orphans: 2; text-align: -webkit-auto; text-indent: 0px; text-transform: none; white-space: normal; widows: 2; word-spacing: 0px; -webkit-text-size-adjust: auto; -webkit-text-stroke-width: 0px; background-color: #ffffff;\"><\/div>\n<div style=\"color: #222222; font-family: arial, sans-serif; font-size: 12.499999046325684px; font-style: normal; font-variant: normal; font-weight: normal; letter-spacing: normal; line-height: normal; orphans: 2; text-align: -webkit-auto; text-indent: 0px; text-transform: none; white-space: normal; widows: 2; word-spacing: 0px; -webkit-text-size-adjust: auto; -webkit-text-stroke-width: 0px; background-color: #ffffff;\"><span style=\"font-family: 'Times New Roman'; font-size: 12pt;\">Bu \u00fcr\u00fcnlerin t\u00fcm serilerinin sat\u0131\u015f\u0131n\u0131n acilen durdurulmas\u0131 ve geri \u00e7ekilmesi s\u00fcreci ba\u015flam\u0131\u015ft\u0131r.<\/span><\/div>\n","protected":false},"excerpt":{"rendered":"<p>Kalsitonin i\u00e7eren\u00a0 t\u00fcm nazal spreyler, Avrupa \u0130la\u00e7 Ajans\u0131&#8217;n\u0131n\u00a0\u00a0&#8220;Kalsitonin i\u00e7eren t\u00fcm nazal spreylerin uzun s\u00fcreli tedavi gerektiren kronik bir hastal\u0131k olan&#46;&#46;&#46;<\/p>\n","protected":false},"author":1,"featured_media":0,"comment_status":"closed","ping_status":"closed","sticky":false,"template":"","format":"standard","meta":{"_jetpack_memberships_contains_paid_content":false,"footnotes":""},"categories":[62],"tags":[],"class_list":["post-2971","post","type-post","status-publish","format-standard","hentry","category-sagliktan-haberler"],"aioseo_notices":[],"jetpack_featured_media_url":"","jetpack_sharing_enabled":true,"jetpack-related-posts":[],"_links":{"self":[{"href":"http:\/\/www.ced.org.tr\/index.php?rest_route=\/wp\/v2\/posts\/2971","targetHints":{"allow":["GET"]}}],"collection":[{"href":"http:\/\/www.ced.org.tr\/index.php?rest_route=\/wp\/v2\/posts"}],"about":[{"href":"http:\/\/www.ced.org.tr\/index.php?rest_route=\/wp\/v2\/types\/post"}],"author":[{"embeddable":true,"href":"http:\/\/www.ced.org.tr\/index.php?rest_route=\/wp\/v2\/users\/1"}],"replies":[{"embeddable":true,"href":"http:\/\/www.ced.org.tr\/index.php?rest_route=%2Fwp%2Fv2%2Fcomments&post=2971"}],"version-history":[{"count":0,"href":"http:\/\/www.ced.org.tr\/index.php?rest_route=\/wp\/v2\/posts\/2971\/revisions"}],"wp:attachment":[{"href":"http:\/\/www.ced.org.tr\/index.php?rest_route=%2Fwp%2Fv2%2Fmedia&parent=2971"}],"wp:term":[{"taxonomy":"category","embeddable":true,"href":"http:\/\/www.ced.org.tr\/index.php?rest_route=%2Fwp%2Fv2%2Fcategories&post=2971"},{"taxonomy":"post_tag","embeddable":true,"href":"http:\/\/www.ced.org.tr\/index.php?rest_route=%2Fwp%2Fv2%2Ftags&post=2971"}],"curies":[{"name":"wp","href":"https:\/\/api.w.org\/{rel}","templated":true}]}}