{"id":2972,"date":"2012-08-02T14:00:18","date_gmt":"2012-08-02T11:00:18","guid":{"rendered":"http:\/\/www.ced.org.tr\/?p=2972"},"modified":"2012-08-02T14:00:18","modified_gmt":"2012-08-02T11:00:18","slug":"sebeke-suyunda-aluminyum-neden-yuksek","status":"publish","type":"post","link":"http:\/\/www.ced.org.tr\/?p=2972","title":{"rendered":"&#8220;\u015eebeke Suyunda Al\u00fcminyum Neden Y\u00fcksek?&#8221;"},"content":{"rendered":"<div style=\"color: #222222; font-family: arial, sans-serif; font-size: 12.499999046325684px; font-style: normal; font-variant: normal; font-weight: normal; letter-spacing: normal; line-height: normal; orphans: 2; text-align: -webkit-auto; text-indent: 0px; text-transform: none; white-space: normal; widows: 2; word-spacing: 0px; -webkit-text-size-adjust: auto; -webkit-text-stroke-width: 0px; background-color: #ffffff;\">\n<p>&#8220;<strong>Sa\u011fl\u0131kl\u0131 ve g\u00fcvenilir i\u00e7me ve kullanma suyu herkesin hakk\u0131&#8221; diyerek bir araya gelen meslek \u00f6rg\u00fctleri, Ankara \u015febeke suyunda al\u00fcminyum de\u011ferlerinin y\u00fcksek \u00e7\u0131kmas\u0131na tepki g\u00f6stererek nedenlerini sordu.<\/strong><\/p>\n<div>\n<div><strong>Meslek \u00f6rg\u00fctleri, Ankara Tabip Odas\u0131&#8217;nda bir bas\u0131n toplant\u0131s\u0131 d\u00fczenleyerek &#8220;Sa\u011fl\u0131kl\u0131 ve g\u00fcvenilir i\u00e7me ve kullanma suyu herkesin hakk\u0131&#8221; dedi. <\/p>\n<p><\/strong><\/div>\n<\/div>\n<\/div>\n<div style=\"color: #222222; font-family: arial, sans-serif; font-size: 12.499999046325684px; font-style: normal; font-variant: normal; font-weight: normal; letter-spacing: normal; line-height: normal; orphans: 2; text-align: -webkit-auto; text-indent: 0px; text-transform: none; white-space: normal; widows: 2; word-spacing: 0px; -webkit-text-size-adjust: auto; -webkit-text-stroke-width: 0px; background-color: #ffffff;\">\n<p>Platform ad\u0131na konu\u015fan Dr<strong>. Sarp Sara\u00e7<\/strong>, Ankara&#8217;da \u015febeke sular\u0131na kar\u0131\u015fan al\u00fcminyum kirlili\u011fine ve \u0130stanbul&#8217;da damacana sular\u0131yla ilgili y\u00fcr\u00fct\u00fclen tart\u0131\u015fmalara de\u011finerek, sa\u011fl\u0131kl\u0131 ve g\u00fcvenilir i\u00e7me, kullanma suyuna ula\u015f\u0131m\u0131n \u00f6n\u00fcndeki t\u00fcm engellerin ortadan kald\u0131r\u0131lmas\u0131 gerekti\u011fini s\u00f6yledi.<span class=\"Apple-converted-space\"> <\/span><\/p>\n<p>&#8220;\u0130stemedi\u011fimiz halde halk\u0131n farkl\u0131 su kaynaklar\u0131na y\u00f6nelmi\u015f olmas\u0131 da sa\u011fl\u0131kl\u0131 su t\u00fcketildi\u011fi anlam\u0131n\u0131 ne yaz\u0131k ki ta\u015f\u0131mamakta. Damacana sular\u0131nda kirlilik saptanm\u0131\u015f olmas\u0131, bu se\u00e7ene\u011fin de asl\u0131nda yeterli \u00e7\u00f6z\u00fcm olmad\u0131\u011f\u0131n\u0131 a\u00e7\u0131k\u00e7a g\u00f6zler \u00f6n\u00fcne seriyor.&#8221;<\/p>\n<p><strong>&#8220;\u015eebek suyunda al\u00fcminyum d\u00fczeyi 4 kat y\u00fcksek&#8221;<\/strong><\/p>\n<p>Ankara \u015febeke suyunda al\u00fcminyum de\u011ferlerinin y\u00fcksek \u00e7\u0131kmas\u0131na ili\u015fkin ise Sara\u00e7 sa\u011fl\u0131k yetkililerine \u015fu sorular\u0131 y\u00f6neltti:<\/p>\n<p>* TMMOB Kimya M\u00fchendisleri Odas\u0131 taraf\u0131ndan \u015febeke suyunda al\u00fcminyum d\u00fczeyinin d\u00f6rt kata dek y\u00fcksek bulunmas\u0131n\u0131n nedeni ne?<\/p>\n<p>* Bu duruma \u0130vedik ar\u0131tma tesislerindeki \u00e7\u00f6kt\u00fcrme havuzlar\u0131nda kullan\u0131lan al\u00fcminyum s\u00fclfatta doz ayarlamas\u0131ndaki hatalar sebep olabilir mi? Bir bula\u015fma ise kayna\u011f\u0131 tespit edildi mi?<\/p>\n<p>* Kontrollerin\/analizlerin yap\u0131lmad\u0131\u011f\u0131 di\u011fer su kaynaklar\u0131nda durum nas\u0131l? \u0130\u00e7me &#8211; kullanma suyu kaynaklar\u0131, ar\u0131t\u0131m ve da\u011f\u0131t\u0131m sistemleri ayr\u0131nt\u0131l\u0131 olarak incelenip kayna\u011fa y\u00f6nelik ara\u015ft\u0131rmalar yap\u0131ld\u0131, \u00f6nlemler al\u0131nd\u0131 m\u0131?<\/p>\n<p>* Ya\u015fam alanlar\u0131m\u0131z\u0131n t\u00fcm\u00fcnde, \u015febeke suyundan uzakla\u015farak daha pahal\u0131 su se\u00e7eneklerine y\u00f6nelmenin durdurulmas\u0131 i\u00e7in, toplumun \u015febeke suyuna olan g\u00fcvenini yeniden kazanmak i\u00e7in neler planlan\u0131yor?<\/p>\n<p>* Yap\u0131lan su analizleri sonu\u00e7lar\u0131na, halk\u0131n s\u00fcrekli olarak saydam bir bi\u00e7imde ula\u015fabilmesi i\u00e7in neler planlan\u0131yor?<\/p>\n<p><strong>&#8220;S\u0131k\u0131nt\u0131 kullanma suyu i\u00e7in de ge\u00e7erli&#8221;<\/strong><\/p>\n<p>Ankara Tabip Odas\u0131 \u00fcyesi<span class=\"Apple-converted-space\"> <\/span><strong>Cavit I\u015f\u0131k<\/strong>, sa\u011fl\u0131k yetkililerinin yapt\u0131\u011f\u0131 a\u00e7\u0131klamalar\u0131 tatmin edici bulmad\u0131\u011f\u0131n\u0131 belirterek &#8220;\u0130\u00e7me suyu ar\u0131t\u0131m\u0131 yap\u0131l\u0131rken al\u00fcminyum tuzu fazla m\u0131 kat\u0131ld\u0131?&#8221; diye sordu.<\/p>\n<p>G\u0131da M\u00fchendisleri Odas\u0131 Ba\u015fkan\u0131<span class=\"Apple-converted-space\"> <\/span><strong>Petek Ataman,<span class=\"Apple-converted-space\"> <\/span><\/strong>s\u0131k\u0131nt\u0131n\u0131n yaln\u0131zca i\u00e7me suyuna y\u00f6nelik olmad\u0131\u011f\u0131na dikkat \u00e7ekerek &#8220;Yemek yedi\u011fimiz tabaklar, bardaklar da \u015febeke suyuyla y\u0131kan\u0131yor. Dolay\u0131s\u0131yla s\u0131k\u0131nt\u0131 ayn\u0131 zamanda kullanma suyu i\u00e7in de ge\u00e7erli&#8221; dedi.<\/p>\n<p>Ankara \u00dcniversitesi T\u0131p Fak\u00fcltesi&#8217;nden Prof. Dr.<span class=\"Apple-converted-space\"> <\/span><strong>Ahmet Salt\u0131k<\/strong>, &#8220;Zehirlenmeler, yaz ishalleri olabilir&#8221; diyerek uzun d\u00f6nemde b\u00f6brek yetmezli\u011fi,\u00a0 Alzheimer (unutkanl\u0131k) gibi hastal\u0131klara yol a\u00e7abilece\u011fini s\u00f6yledi.<\/p>\n<p>Kimya M\u00fchendisleri Odas\u0131&#8217;ndan<span class=\"Apple-converted-space\"> <\/span><strong>Ali Nar<\/strong><span class=\"Apple-converted-space\"> <\/span>sa\u011fl\u0131k yetkililerinin \u00e7\u00f6z\u00fcm yollar\u0131 \u00fcretmek yerine meseleleri \u00f6rt pas etmeye \u00e7al\u0131\u015ft\u0131\u011f\u0131n\u0131 s\u00f6yledi. \u00a0\u00a0\u00a0\u00a0\u00a0\u00a0\u00a0\u00a0\u00a0\u00a0<span class=\"Apple-converted-space\"> <\/span><br \/>Bas\u0131n toplant\u0131s\u0131n\u0131 d\u00fczenleyen meslek \u00f6rg\u00fctleri:<\/p>\n<p><strong>Ankara Tabip Odas\u0131<span class=\"Apple-converted-space\"> <\/span><\/strong>(ATO), \u00c7evre M\u00fchendisleri Odas\u0131,<span class=\"Apple-converted-space\"> <\/span><strong>G\u0131da M\u00fchendisleri Odas\u0131<\/strong>, Halkevleri Genel Merkezi, Kimya M\u00fchendisleri Odas\u0131,<span class=\"Apple-converted-space\"> <\/span><strong>Peyzaj Mimarlar Odas\u0131<\/strong>, Su ve Kanal \u00c7al\u0131\u015fanlar\u0131 Derne\u011fi (<strong>SUKA-DER<\/strong>),<span class=\"Apple-converted-space\"> <\/span><strong>T\u00fcketici Haklar\u0131 Derne\u011fi<span class=\"Apple-converted-space\"> <\/span><\/strong>ve Ziraat M\u00fchendisleri Odas\u0131. (SK\/NV)<\/p>\n<div>\n<div><a href=\"http:\/\/bianet.org\/yazar\/serhat-korkmaz\" target=\"_blank\" style=\"color: #1155cc;\">Serhat KORKMAZ<\/a><\/div>\n<div>Ankara &#8211; B\u0130A Haber Merkezi<\/div>\n<\/div>\n<div>\n<div>01 A\u011fustos 2012, \u00c7ar\u015famba<\/div>\n<div><a href=\"http:\/\/bianet.org\/bianet\/toplum\/140067-sebeke-suyunda-aluminyum-neden-yuksek\" target=\"_blank\" style=\"color: #1155cc;\">http:\/\/bianet.org\/bianet\/toplum\/140067-sebeke-suyunda-aluminyum-neden-yuksek<\/a><\/div>\n<\/div>\n<\/div>\n","protected":false},"excerpt":{"rendered":"<p>&#8220;Sa\u011fl\u0131kl\u0131 ve g\u00fcvenilir i\u00e7me ve kullanma suyu herkesin hakk\u0131&#8221; diyerek bir araya gelen meslek \u00f6rg\u00fctleri, Ankara \u015febeke suyunda al\u00fcminyum de\u011ferlerinin&#46;&#46;&#46;<\/p>\n","protected":false},"author":1,"featured_media":0,"comment_status":"closed","ping_status":"closed","sticky":false,"template":"","format":"standard","meta":{"_jetpack_memberships_contains_paid_content":false,"footnotes":""},"categories":[62],"tags":[],"class_list":["post-2972","post","type-post","status-publish","format-standard","hentry","category-sagliktan-haberler"],"aioseo_notices":[],"jetpack_featured_media_url":"","jetpack_sharing_enabled":true,"jetpack-related-posts":[],"_links":{"self":[{"href":"http:\/\/www.ced.org.tr\/index.php?rest_route=\/wp\/v2\/posts\/2972","targetHints":{"allow":["GET"]}}],"collection":[{"href":"http:\/\/www.ced.org.tr\/index.php?rest_route=\/wp\/v2\/posts"}],"about":[{"href":"http:\/\/www.ced.org.tr\/index.php?rest_route=\/wp\/v2\/types\/post"}],"author":[{"embeddable":true,"href":"http:\/\/www.ced.org.tr\/index.php?rest_route=\/wp\/v2\/users\/1"}],"replies":[{"embeddable":true,"href":"http:\/\/www.ced.org.tr\/index.php?rest_route=%2Fwp%2Fv2%2Fcomments&post=2972"}],"version-history":[{"count":0,"href":"http:\/\/www.ced.org.tr\/index.php?rest_route=\/wp\/v2\/posts\/2972\/revisions"}],"wp:attachment":[{"href":"http:\/\/www.ced.org.tr\/index.php?rest_route=%2Fwp%2Fv2%2Fmedia&parent=2972"}],"wp:term":[{"taxonomy":"category","embeddable":true,"href":"http:\/\/www.ced.org.tr\/index.php?rest_route=%2Fwp%2Fv2%2Fcategories&post=2972"},{"taxonomy":"post_tag","embeddable":true,"href":"http:\/\/www.ced.org.tr\/index.php?rest_route=%2Fwp%2Fv2%2Ftags&post=2972"}],"curies":[{"name":"wp","href":"https:\/\/api.w.org\/{rel}","templated":true}]}}