{"id":2976,"date":"2012-08-08T16:56:49","date_gmt":"2012-08-08T13:56:49","guid":{"rendered":"http:\/\/www.ced.org.tr\/?p=2976"},"modified":"2012-08-08T16:56:49","modified_gmt":"2012-08-08T13:56:49","slug":"sgk-ozel-muayenelerde-yapilan-dis-tedavi-masraflarini-da-karsilayacak-yeni-uygulama-2013te-baslayabilir","status":"publish","type":"post","link":"http:\/\/www.ced.org.tr\/?p=2976","title":{"rendered":"SGK, \u00f6zel muayenelerde yap\u0131lan di\u015f tedavi masraflar\u0131n\u0131 da kar\u015f\u0131layacak. Yeni uygulama 2013&#8217;te ba\u015flayabilir"},"content":{"rendered":"<p><p class=\"p1\">Di\u015f de sigorta kapsam\u0131na giriyor. SGK, \u00f6zel muayenelerde yap\u0131lan di\u015f tedavi masraflar\u0131n\u0131 da kar\u015f\u0131layacak. Gazi \u00dcniversitesi \u00d6\u011fretim \u00dcyesi Prof. Dr. Cem K\u0131l\u0131\u00e7, CNBC-e&#8217;de konuyla ilgili son durum hakk\u0131nda bilgi verdi.<\/p>\n<p class=\"p2\">K\u0131l\u0131\u00e7 \u015funlar\u0131 s\u00f6yledi: &#8220;\u00c7al\u0131\u015fma Bakan\u0131 Faruk \u00c7elik bir talimat verdi. SGK&#8217;n\u0131n di\u015fle ilgili yeni uygulamas\u0131 EKK karas\u0131ndan sonra gelecek y\u0131l uygulanabilir. Maliye Bakanl\u0131\u011f\u0131 ve Hazine&#8217;nin g\u00f6r\u00fc\u015fleri al\u0131narak karar verilecek. Olumlu bir karar \u00e7\u0131kaca\u011f\u0131n\u0131 d\u00fc\u015f\u00fcn\u00fcyorum. 14 bin muayenehane var. Bunlara di\u015f tedavi hizmeti ba\u011flam\u0131nda vatanda\u015f\u0131n ba\u015fvurmas\u0131 sa\u011flanacak. Bug\u00fcne kadar yoktu. 1 Ocak&#8217;tan itibaren herkes genel sa\u011fl\u0131k sigortas\u0131 kapsam\u0131nda. Sa\u011fl\u0131k hizmetine di\u015f tedavi hizmetlerinin de konulmas\u0131 durumunda her \u015fey devlet eliyle kar\u015f\u0131lanm\u0131\u015f olacak.&#8221; (CNBC-e)<\/p><\/p>\n","protected":false},"excerpt":{"rendered":"<p>Di\u015f de sigorta kapsam\u0131na giriyor. SGK, \u00f6zel muayenelerde yap\u0131lan di\u015f tedavi masraflar\u0131n\u0131 da kar\u015f\u0131layacak. Gazi \u00dcniversitesi \u00d6\u011fretim \u00dcyesi Prof. Dr.&#46;&#46;&#46;<\/p>\n","protected":false},"author":1,"featured_media":0,"comment_status":"closed","ping_status":"closed","sticky":false,"template":"","format":"standard","meta":{"_jetpack_memberships_contains_paid_content":false,"footnotes":""},"categories":[62],"tags":[],"class_list":["post-2976","post","type-post","status-publish","format-standard","hentry","category-sagliktan-haberler"],"aioseo_notices":[],"jetpack_featured_media_url":"","jetpack_sharing_enabled":true,"jetpack-related-posts":[],"_links":{"self":[{"href":"http:\/\/www.ced.org.tr\/index.php?rest_route=\/wp\/v2\/posts\/2976","targetHints":{"allow":["GET"]}}],"collection":[{"href":"http:\/\/www.ced.org.tr\/index.php?rest_route=\/wp\/v2\/posts"}],"about":[{"href":"http:\/\/www.ced.org.tr\/index.php?rest_route=\/wp\/v2\/types\/post"}],"author":[{"embeddable":true,"href":"http:\/\/www.ced.org.tr\/index.php?rest_route=\/wp\/v2\/users\/1"}],"replies":[{"embeddable":true,"href":"http:\/\/www.ced.org.tr\/index.php?rest_route=%2Fwp%2Fv2%2Fcomments&post=2976"}],"version-history":[{"count":0,"href":"http:\/\/www.ced.org.tr\/index.php?rest_route=\/wp\/v2\/posts\/2976\/revisions"}],"wp:attachment":[{"href":"http:\/\/www.ced.org.tr\/index.php?rest_route=%2Fwp%2Fv2%2Fmedia&parent=2976"}],"wp:term":[{"taxonomy":"category","embeddable":true,"href":"http:\/\/www.ced.org.tr\/index.php?rest_route=%2Fwp%2Fv2%2Fcategories&post=2976"},{"taxonomy":"post_tag","embeddable":true,"href":"http:\/\/www.ced.org.tr\/index.php?rest_route=%2Fwp%2Fv2%2Ftags&post=2976"}],"curies":[{"name":"wp","href":"https:\/\/api.w.org\/{rel}","templated":true}]}}