{"id":2983,"date":"2012-08-26T11:57:17","date_gmt":"2012-08-26T08:57:17","guid":{"rendered":"http:\/\/www.ced.org.tr\/?p=2983"},"modified":"2012-08-26T11:57:17","modified_gmt":"2012-08-26T08:57:17","slug":"biber-gazi-bitkisel-degil-kimyasaldir","status":"publish","type":"post","link":"http:\/\/www.ced.org.tr\/?p=2983","title":{"rendered":"&#8220;Biber Gaz\u0131 Bitkisel De\u011fil Kimyasald\u0131r&#8221;"},"content":{"rendered":"<p>\u00a0<\/p>\n<div style=\"color: #222222; font-family: arial, sans-serif; font-size: 12.666666984558105px;\">BAKAN \u015eAH\u0130N&#8217;E TTB&#8217;DEN CEVAP<\/div>\n<div style=\"color: #222222; font-family: arial, sans-serif; font-size: 12.666666984558105px;\">Bakan \u015eahin&#8217;in, &#8220;biber gaz\u0131n\u0131n bitkisel, do\u011fal ve zarars\u0131z oldu\u011fu&#8221; y\u00f6n\u00fcndeki a\u00e7\u0131klamas\u0131na TTB&#8217;den yan\u0131t geldi: &#8220;Bunun bilimsel dayana\u011f\u0131 yok, kimyasal gazlar\u0131n \u00f6ld\u00fcr\u00fcc\u00fc etkileri olabilir.&#8221;<\/div>\n<div style=\"color: #222222; font-family: arial, sans-serif; font-size: 12.666666984558105px;\">\n<div>Ankara &#8211; B\u0130A Haber Merkezi<\/div>\n<div>16 A\u011fustos 2012, Per\u015fembe<\/div>\n<\/div>\n<div style=\"color: #222222; font-family: arial, sans-serif; font-size: 12.666666984558105px;\">\n<p>T\u00fcrk Tabipleri Birli\u011fi (<strong>TTB<\/strong>) Merkez Konseyi, \u0130\u00e7i\u015fleri Bakan\u0131<strong>\u0130dris Naim \u015eahin<\/strong>&#8216;in biber gaz\u0131yla ilgili s\u00f6zleri \u00fczerine a\u00e7\u0131klama yapt\u0131. TTB&#8217;ye g\u00f6re, &#8220;Bu gazlar, insan sa\u011fl\u0131\u011f\u0131na \u00f6l\u00fcme kadar varan ciddi zararlar veriyor.&#8221;<\/p>\n<p>Bakan \u015eahin, Cumhuriyet Halk Partisi (<strong>CHP<\/strong>) K\u0131rklareli Milletvekili\u00a0<strong>Mehmet Kesimo\u011flu<\/strong>&#8216;nun gaz kullan\u0131m\u0131 ile ilgili soru \u00f6nergesine verdi\u011fi yan\u0131tta, biber gaz\u0131n\u0131n tamamen do\u011fal, bitkisel oldu\u011funu ve insan sa\u011fl\u0131\u011f\u0131 \u00fczerinde kal\u0131c\u0131 hi\u00e7bir etkisi olmad\u0131\u011f\u0131n\u0131 ileri s\u00fcrd\u00fc.<\/p>\n<p>Ayr\u0131ca, &#8220;Emniyet Te\u015fkilat\u0131 taraf\u0131ndan kullan\u0131lmakta olan gaz m\u00fchimmatlar\u0131ndan kaynaklanan bir \u00f6l\u00fcm vakas\u0131 ya\u015fanmam\u0131\u015ft\u0131r&#8221; ifadesini kulland\u0131.<\/p>\n<p>Bu a\u00e7\u0131klaman\u0131n ger\u00e7e\u011fi yans\u0131tmad\u0131\u011f\u0131 a\u00e7\u0131klayan TTB ise &#8220;Bir kimyasal\u0131n &#8216;do\u011fal&#8217; olmas\u0131n\u0131n zararl\u0131 olmad\u0131\u011f\u0131n\u0131n kan\u0131t\u0131 olarak ileri s\u00fcr\u00fclmesi gibi bir savunman\u0131n hi\u00e7bir bilimsel dayana\u011f\u0131 yoktur&#8221; dedi.<\/p>\n<p>&#8220;Bu kimyasal silahlar, insan sa\u011fl\u0131\u011f\u0131na \u00f6l\u00fcme kadar varan ciddi zararlar vermektedirler ve T\u00fcrk Tabipleri Birli\u011fi&#8217;nin 2011 y\u0131l\u0131 A\u011fustos ay\u0131nda yay\u0131nlad\u0131\u011f\u0131 &#8220;Kimyasal Silahlar\/G\u00f6steri Kontrol Ajanlar\u0131&#8221; ba\u015fl\u0131kl\u0131 bilimsel de\u011ferlendirme raporunda konuyla ilgili ayr\u0131nt\u0131l\u0131 bilgiler yer almaktad\u0131r.<\/p>\n<p>&#8220;Gaz bombas\u0131 ya da g\u00f6z ya\u015fart\u0131c\u0131 gaz, biber gaz\u0131 olarak bilinen &#8216;g\u00f6steri kontrol ajanlar\u0131&#8217; uzun y\u0131llardan beri d\u00fcnyada toplumsal g\u00f6sterilerin kontrol\u00fcnde ya da sava\u015f kimyasal\u0131 olarak kullan\u0131ld\u0131\/kullan\u0131l\u0131yor.&#8221;<\/p>\n<p>&#8220;T\u00fcrkiye&#8217;de de toplumsal olaylarda biber gaz\u0131 kullan\u0131m\u0131 neredeyse g\u00fcndelik bir uygulama oldu; ne yaz\u0131k ki sokaklardan meydanlara, tutukevlerinden hastane bah\u00e7elerine dek uzanan bir yelpazede halka, hak arayanlara kar\u015f\u0131 kullan\u0131lan bir silaha d\u00f6n\u00fc\u015ft\u00fc.&#8221;<\/p>\n<h2>&#8220;Tamamen yasaklanmal\u0131&#8221;<\/h2>\n<p>TTB, gazlar\u0131n zararl\u0131 etkilerinin ge\u00e7ici oldu\u011fu ve sonu\u00e7lar\u0131n\u0131n uzun s\u00fcrmedi\u011fi iddia edilmesine kar\u015f\u0131n; \u00f6l\u00fcmle sonu\u00e7lanan olaylar oldu\u011funu ifade etti.<\/p>\n<p>&#8220;1 May\u0131s 2007&#8217;de \u0130stanbul&#8217;da\u00a0<strong>\u0130brahim Sevindik<\/strong>&#8216;in, 31 May\u0131s 2011&#8217;de Hopa&#8217;da\u00a0<strong>Metin Lokumcu<\/strong>&#8216;nun, 30 Haziran 2011&#8217;de Batman&#8217;da\u00a0<strong>Hatice \u0130din<\/strong>&#8216;in ve 30 May\u0131s 2012&#8217;de Yalova&#8217;da<strong>\u00c7ayan Birben<\/strong>&#8216;in \u00f6l\u00fcm\u00fc gibi bir\u00e7ok olayda \u00f6l\u00fcm\u00fcn biber gazlar\u0131ndan kaynakland\u0131\u011f\u0131 konusunda ciddi iddialar g\u00fcndeme geldi.&#8221;<\/p>\n<p>Ba\u015fbakan\u00a0<strong>Recep Tayyip Erdo\u011fan<\/strong>&#8216;\u0131n se\u00e7im mitingi s\u0131ras\u0131nda \u00e7\u0131kan olaylarda hayat\u0131n\u0131 kaybeden Lokumcu&#8217;nun \u00f6l\u00fcm\u00fcn\u00fcn T\u00fcrk Tabipleri Birli\u011fi&#8217;nce olu\u015fturulan bilimsel bir heyet taraf\u0131ndan ayr\u0131nt\u0131l\u0131 olarak incelendi\u011fi hat\u0131rlat\u0131ld\u0131.<\/p>\n<p>&#8220;Haz\u0131rlanan raporda, \u00f6l\u00fcm ile kimyasal gaza maruz kalma aras\u0131nda nedensellik ili\u015fkisi oldu\u011fu sonucuna ula\u015f\u0131ld\u0131.&#8221;<\/p>\n<p>TTB, insan sa\u011fl\u0131\u011f\u0131na etkileri nedeniyle bir kimyasal silah olan g\u00f6z ya\u015fart\u0131c\u0131 gazlar\u0131n yasaklanmas\u0131 ve hi\u00e7bir durumda kullan\u0131m\u0131na izin verilmemesi gerekti\u011fini de ekledi. (AS)<\/p>\n<\/div>\n<p>\u00a0<\/p>\n","protected":false},"excerpt":{"rendered":"<p>\u00a0 BAKAN \u015eAH\u0130N&#8217;E TTB&#8217;DEN CEVAP Bakan \u015eahin&#8217;in, &#8220;biber gaz\u0131n\u0131n bitkisel, do\u011fal ve zarars\u0131z oldu\u011fu&#8221; y\u00f6n\u00fcndeki a\u00e7\u0131klamas\u0131na TTB&#8217;den yan\u0131t geldi: &#8220;Bunun&#46;&#46;&#46;<\/p>\n","protected":false},"author":1,"featured_media":0,"comment_status":"closed","ping_status":"closed","sticky":false,"template":"","format":"standard","meta":{"_jetpack_memberships_contains_paid_content":false,"footnotes":""},"categories":[62],"tags":[],"class_list":["post-2983","post","type-post","status-publish","format-standard","hentry","category-sagliktan-haberler"],"aioseo_notices":[],"jetpack_featured_media_url":"","jetpack_sharing_enabled":true,"jetpack-related-posts":[],"_links":{"self":[{"href":"http:\/\/www.ced.org.tr\/index.php?rest_route=\/wp\/v2\/posts\/2983","targetHints":{"allow":["GET"]}}],"collection":[{"href":"http:\/\/www.ced.org.tr\/index.php?rest_route=\/wp\/v2\/posts"}],"about":[{"href":"http:\/\/www.ced.org.tr\/index.php?rest_route=\/wp\/v2\/types\/post"}],"author":[{"embeddable":true,"href":"http:\/\/www.ced.org.tr\/index.php?rest_route=\/wp\/v2\/users\/1"}],"replies":[{"embeddable":true,"href":"http:\/\/www.ced.org.tr\/index.php?rest_route=%2Fwp%2Fv2%2Fcomments&post=2983"}],"version-history":[{"count":0,"href":"http:\/\/www.ced.org.tr\/index.php?rest_route=\/wp\/v2\/posts\/2983\/revisions"}],"wp:attachment":[{"href":"http:\/\/www.ced.org.tr\/index.php?rest_route=%2Fwp%2Fv2%2Fmedia&parent=2983"}],"wp:term":[{"taxonomy":"category","embeddable":true,"href":"http:\/\/www.ced.org.tr\/index.php?rest_route=%2Fwp%2Fv2%2Fcategories&post=2983"},{"taxonomy":"post_tag","embeddable":true,"href":"http:\/\/www.ced.org.tr\/index.php?rest_route=%2Fwp%2Fv2%2Ftags&post=2983"}],"curies":[{"name":"wp","href":"https:\/\/api.w.org\/{rel}","templated":true}]}}