{"id":2985,"date":"2012-09-12T20:10:51","date_gmt":"2012-09-12T17:10:51","guid":{"rendered":"http:\/\/www.ced.org.tr\/?p=2985"},"modified":"2012-09-12T20:10:51","modified_gmt":"2012-09-12T17:10:51","slug":"mardinde-sitma-alarmi","status":"publish","type":"post","link":"http:\/\/www.ced.org.tr\/?p=2985","title":{"rendered":"Mardin&#8217;de &#8220;s\u0131tma&#8221; alarm\u0131"},"content":{"rendered":"<p><strong>Mardin&#8217;de &#8220;s\u0131tma&#8221; alarm\u0131<\/strong><\/p>\n<p><strong>Mardin&#8217;in Savur il\u00e7esinde s\u0131tma belirtileri g\u00f6steren 2 bin 400 ki\u015fiden kan \u00f6rne\u011fi al\u0131nd\u0131. <\/strong><\/p>\n<p><strong> <\/strong><\/p>\n<p>\u00a0<\/p>\n<p>Mardin Valisi Turhan Ayvaz, Savur il\u00e7esinde baz\u0131 k\u00f6ylerde vatanda\u015flar\u0131n \u00e7e\u015fitli \u015fikayetler \u00fczerine hastaneye ba\u015fvurdu\u011funu belirtti.<\/p>\n<p>Rahats\u0131zlanan vatanda\u015flardan kan \u00f6rne\u011fi al\u0131nd\u0131\u011f\u0131n\u0131 aktaran Ayvaz, &#8221;Tahlil sonu\u00e7lar\u0131n\u0131 bekliyoruz. \u015eu anda net bir \u015fey yok. \u0130\u00e7tikleri sudan kaynaklanabilece\u011fini d\u00fc\u015f\u00fcn\u00fcyoruz. Ayr\u0131ca Irak ve Suriye&#8217;den gelen \u015fof\u00f6rlerin b\u0131rakt\u0131\u011f\u0131 bir mikroptan kaynaklanabilece\u011fi \u00fczerinde de duruluyor. Tahlil sonu\u00e7lar\u0131 \u00e7\u0131kt\u0131ktan sonra, net bir a\u00e7\u0131klama yapaca\u011f\u0131z&#8221; diye konu\u015ftu.<\/p>\n<p>\u00d6te yandan Mardin Halk Sa\u011fl\u0131\u011f\u0131 M\u00fcd\u00fcrl\u00fc\u011f\u00fc yetkilileri, s\u0131tma \u015f\u00fcphesi \u00fczerine 2 bin 400 ki\u015fiden kan \u00f6rne\u011fi al\u0131nd\u0131\u011f\u0131n\u0131 belirtti.<\/p>\n<p>\u00a0<\/p>\n","protected":false},"excerpt":{"rendered":"<p>Mardin&#8217;de &#8220;s\u0131tma&#8221; alarm\u0131 Mardin&#8217;in Savur il\u00e7esinde s\u0131tma belirtileri g\u00f6steren 2 bin 400 ki\u015fiden kan \u00f6rne\u011fi al\u0131nd\u0131. \u00a0 Mardin Valisi Turhan&#46;&#46;&#46;<\/p>\n","protected":false},"author":1,"featured_media":0,"comment_status":"closed","ping_status":"closed","sticky":false,"template":"","format":"standard","meta":{"_jetpack_memberships_contains_paid_content":false,"footnotes":""},"categories":[62],"tags":[],"class_list":["post-2985","post","type-post","status-publish","format-standard","hentry","category-sagliktan-haberler"],"aioseo_notices":[],"jetpack_featured_media_url":"","jetpack_sharing_enabled":true,"jetpack-related-posts":[],"_links":{"self":[{"href":"http:\/\/www.ced.org.tr\/index.php?rest_route=\/wp\/v2\/posts\/2985","targetHints":{"allow":["GET"]}}],"collection":[{"href":"http:\/\/www.ced.org.tr\/index.php?rest_route=\/wp\/v2\/posts"}],"about":[{"href":"http:\/\/www.ced.org.tr\/index.php?rest_route=\/wp\/v2\/types\/post"}],"author":[{"embeddable":true,"href":"http:\/\/www.ced.org.tr\/index.php?rest_route=\/wp\/v2\/users\/1"}],"replies":[{"embeddable":true,"href":"http:\/\/www.ced.org.tr\/index.php?rest_route=%2Fwp%2Fv2%2Fcomments&post=2985"}],"version-history":[{"count":0,"href":"http:\/\/www.ced.org.tr\/index.php?rest_route=\/wp\/v2\/posts\/2985\/revisions"}],"wp:attachment":[{"href":"http:\/\/www.ced.org.tr\/index.php?rest_route=%2Fwp%2Fv2%2Fmedia&parent=2985"}],"wp:term":[{"taxonomy":"category","embeddable":true,"href":"http:\/\/www.ced.org.tr\/index.php?rest_route=%2Fwp%2Fv2%2Fcategories&post=2985"},{"taxonomy":"post_tag","embeddable":true,"href":"http:\/\/www.ced.org.tr\/index.php?rest_route=%2Fwp%2Fv2%2Ftags&post=2985"}],"curies":[{"name":"wp","href":"https:\/\/api.w.org\/{rel}","templated":true}]}}