{"id":2987,"date":"2012-09-21T21:59:22","date_gmt":"2012-09-21T18:59:22","guid":{"rendered":"http:\/\/www.ced.org.tr\/?p=2987"},"modified":"2012-09-21T21:59:22","modified_gmt":"2012-09-21T18:59:22","slug":"ilac-firmalari-pes-etti","status":"publish","type":"post","link":"http:\/\/www.ced.org.tr\/?p=2987","title":{"rendered":"\u0130la\u00e7 firmalar\u0131 pes etti"},"content":{"rendered":"<p><strong>\u0130la\u00e7 \u00fcreticileri Alzheimer ila\u00e7lar\u0131yla ilgili ara\u015ft\u0131rmalar\u0131n \u00e7ok zor ve maliyetli oldu\u011funu belirterek \u00e7al\u0131\u015fmalar\u0131n sona erdirilece\u011fini a\u00e7\u0131klad\u0131.<\/strong><\/p>\n<p><p>Firmalar ar-ge \u00e7al\u0131\u015fmalar\u0131 i\u00e7in b\u00fcy\u00fck paralar yat\u0131rmalar\u0131na ra\u011fmen bug\u00fcne dek yap\u0131lan ara\u015ft\u0131rmalarda hayal k\u0131r\u0131kl\u0131\u011f\u0131 ya\u015fad\u0131klar\u0131n\u0131 ve istedikleri sonu\u00e7lar\u0131 elde edemediklerini a\u00e7\u0131klad\u0131. Hastal\u0131\u011f\u0131n seyrini bile yava\u015flatmay\u0131 ba\u015faramad\u0131klar\u0131n\u0131 belirten firmalar ge\u00e7ti\u011fimiz be\u015f y\u0131lda, en az be\u015f farkl\u0131 tedavide istedikleri verimi alamad\u0131klar\u0131n\u0131 belirtti.<\/p>\n<p>Alzheimer yaln\u0131zca \u00a0\u0130ngiltere &#8216;de 500 bin ki\u015fiyi etkisi alt\u0131na alm\u0131\u015f durumda, 300 bin ki\u015fi ise ba\u015fka t\u00fcrde bunama ya\u015f\u0131yor. Amnezi, konu\u015fma yetene\u011fini kaybetme, ani duygu durum de\u011fi\u015fikli\u011fi, ilgisizlik, ruhsal denge bozuklu\u011fu ve sald\u0131rganl\u0131k alzheimer\u0131n neden oldu\u011fu etkenler aras\u0131nda.<\/p>\n<p>Bilim D\u00fcnyas\u0131 Medya Merkezi&#8217;nin s\u00f6zc\u00fcs\u00fc Eric Karran bir bas\u0131n toplant\u0131s\u0131 d\u00fczenleyerek; bir ila\u00e7 firmas\u0131nda 300 bilim adam\u0131n\u0131n n\u00f6ro-bilim \u00fczerinde \u00e7al\u0131\u015ft\u0131\u011f\u0131n\u0131 belirtti. Karren ila\u00e7 firmalar\u0131n\u0131n yol almak istediklerini ama hissedarlar\u0131n buna kar\u015f\u0131 \u00e7\u0131kt\u0131\u011f\u0131n\u0131 s\u00f6yl\u00fcyor. Karren; &#8220;Kapitalizm b\u00f6yle bir \u015fey. Yapabilece\u011fimiz hi\u00e7bir \u015fey yok. Ancak toplumda buna b\u00fcy\u00fck bir ihtiya\u00e7 var.&#8221; dedi.<\/p>\n<p>(H\u00fcrriyet)<\/p>\n<\/p>\n<p>\u00a0<\/p>\n","protected":false},"excerpt":{"rendered":"<p>\u0130la\u00e7 \u00fcreticileri Alzheimer ila\u00e7lar\u0131yla ilgili ara\u015ft\u0131rmalar\u0131n \u00e7ok zor ve maliyetli oldu\u011funu belirterek \u00e7al\u0131\u015fmalar\u0131n sona erdirilece\u011fini a\u00e7\u0131klad\u0131. Firmalar ar-ge \u00e7al\u0131\u015fmalar\u0131 i\u00e7in&#46;&#46;&#46;<\/p>\n","protected":false},"author":1,"featured_media":0,"comment_status":"closed","ping_status":"closed","sticky":false,"template":"","format":"standard","meta":{"_jetpack_memberships_contains_paid_content":false,"footnotes":""},"categories":[62],"tags":[],"class_list":["post-2987","post","type-post","status-publish","format-standard","hentry","category-sagliktan-haberler"],"aioseo_notices":[],"jetpack_featured_media_url":"","jetpack_sharing_enabled":true,"jetpack-related-posts":[],"_links":{"self":[{"href":"http:\/\/www.ced.org.tr\/index.php?rest_route=\/wp\/v2\/posts\/2987","targetHints":{"allow":["GET"]}}],"collection":[{"href":"http:\/\/www.ced.org.tr\/index.php?rest_route=\/wp\/v2\/posts"}],"about":[{"href":"http:\/\/www.ced.org.tr\/index.php?rest_route=\/wp\/v2\/types\/post"}],"author":[{"embeddable":true,"href":"http:\/\/www.ced.org.tr\/index.php?rest_route=\/wp\/v2\/users\/1"}],"replies":[{"embeddable":true,"href":"http:\/\/www.ced.org.tr\/index.php?rest_route=%2Fwp%2Fv2%2Fcomments&post=2987"}],"version-history":[{"count":0,"href":"http:\/\/www.ced.org.tr\/index.php?rest_route=\/wp\/v2\/posts\/2987\/revisions"}],"wp:attachment":[{"href":"http:\/\/www.ced.org.tr\/index.php?rest_route=%2Fwp%2Fv2%2Fmedia&parent=2987"}],"wp:term":[{"taxonomy":"category","embeddable":true,"href":"http:\/\/www.ced.org.tr\/index.php?rest_route=%2Fwp%2Fv2%2Fcategories&post=2987"},{"taxonomy":"post_tag","embeddable":true,"href":"http:\/\/www.ced.org.tr\/index.php?rest_route=%2Fwp%2Fv2%2Ftags&post=2987"}],"curies":[{"name":"wp","href":"https:\/\/api.w.org\/{rel}","templated":true}]}}