{"id":2990,"date":"2012-10-23T16:39:48","date_gmt":"2012-10-23T13:39:48","guid":{"rendered":"http:\/\/www.ced.org.tr\/?p=2990"},"modified":"2012-10-23T16:39:48","modified_gmt":"2012-10-23T13:39:48","slug":"saglikta-esitsizlik","status":"publish","type":"post","link":"http:\/\/www.ced.org.tr\/?p=2990","title":{"rendered":"Sa\u011fl\u0131kta E\u015fitsizlik"},"content":{"rendered":"<p>\u00a0<\/p>\n<p>D\u00fcnya Sa\u011fl\u0131k \u00d6rg\u00fct\u00fc&#8217;n\u00fcn yay\u0131mlad\u0131\u011f\u0131 \u201cSa\u011fl\u0131kta E\u015fitsizlik Raporu\u201dna g\u00f6re, geli\u015fmi\u015f ve geli\u015fmekte olan \u00fclkeler aras\u0131nda sa\u011fl\u0131k hizmetlerinde u\u00e7urum var.<\/p>\n<p>Sa\u011fl\u0131k alan\u0131ndaki farkl\u0131l\u0131klar\u0131n ve e\u015fitsizli\u011fin h\u00fck\u00fcmetler taraf\u0131ndan uygulanacak programlarla azalt\u0131lmas\u0131 \u00e7a\u011fr\u0131s\u0131nda bulunan DS\u00d6, e\u015fitsizli\u011fin sadece b\u00f6lgeler aras\u0131nda de\u011fil, ayn\u0131 \u00fclke i\u00e7inde, hatta b\u00fcy\u00fck metropollerde farkl\u0131 gelir gruplar\u0131 aras\u0131nda bile \u00fcrk\u00fct\u00fcc\u00fc boyutlara ula\u015fabildi\u011fi uyar\u0131s\u0131nda bulunuyor.<\/p>\n<p>\u00a0<\/p>\n<p>\u0130nsanlar\u0131n sa\u011fl\u0131k hizmetlerine ula\u015fmas\u0131, en zor hastal\u0131klarla uzun s\u00fcre m\u00fccadele edebilmesi ya da tedavisi m\u00fcmk\u00fcn en kolay hastal\u0131klar nedeniyle hayat\u0131n\u0131 kaybetmesi, d\u00fcnyan\u0131n hangi b\u00f6lgesinde ya\u015fad\u0131klar\u0131na, kendi \u00fclkeleri i\u00e7indeki ekonomik durumlar\u0131na g\u00f6re b\u00fcy\u00fck farkl\u0131l\u0131klar g\u00f6sterebiliyor.<\/p>\n<p>Raporda yer alan istatistikler aras\u0131nda kad\u0131n ve \u00e7ocuk sa\u011fl\u0131\u011f\u0131 rakamlar\u0131 dikkati \u00e7ekiyor. Zengin ve yoksul aras\u0131ndaki ayr\u0131m\u0131n en \u00e7arp\u0131c\u0131 g\u00f6stergeleri aras\u0131nda yer alan anne \u00f6l\u00fcmlerine bak\u0131ld\u0131\u011f\u0131nda, \u00f6l\u00fcmlerin y\u00fczde 99&#8217;unun geli\u015fmekte olan ve az geli\u015fmi\u015f \u00fclkelerde oldu\u011fu g\u00f6r\u00fcl\u00fcyor. Rapora g\u00f6re, Afganistan&#8217;da ya\u015fayan bir kad\u0131n\u0131n do\u011fumda hayat\u0131n\u0131 kaybetme riski 11&#8217;de 1 iken \u0130rlanda&#8217;da bu rakam 17 bin 800&#8217;de 1.<\/p>\n<p>Gelir d\u00fczeyi iyi bir \u00fclkede d\u00fcnyaya gelen bebe\u011fin 5 ya\u015f\u0131n\u0131 g\u00f6rme \u015fans\u0131, az geli\u015fmi\u015f \u00fclkelerdeki \u00e7ocuklar\u0131n iki kat\u0131 olarak belirtilen raporda, ishal, sar\u0131l\u0131k, zat\u00fcrre gibi tedavi edilebilir hastal\u0131klar\u0131n az geli\u015fmi\u015f b\u00f6lgelerde her y\u0131l milyonlarca \u00e7ocu\u011fun hayat\u0131n\u0131 kaybetmesine neden oldu\u011fu kaydediliyor.<\/p>\n<p><strong>YA\u015eAM S\u00dcRES\u0130 FARKI 36 YIL<\/strong><\/p>\n<p>DS\u00d6 istatistikleri, gelir d\u00fczeyi en y\u00fcksek grup ile en d\u00fc\u015f\u00fck grup aras\u0131ndaki ya\u015fam s\u00fcresi fark\u0131n\u0131n 36 y\u0131la ula\u015ft\u0131\u011f\u0131 bilgisini veriyor. D\u00fc\u015f\u00fck gelirli \u00fclkelerde ortalama \u00f6m\u00fcr 57, y\u00fcksek gelir grubunda 80 olarak belirtiliyor. \u00d6rne\u011fin Malavi&#8217;de do\u011fanlar ortalama 47 y\u0131l ya\u015farken, bir Japonun \u00f6mr\u00fc 83 y\u0131la \u00e7\u0131kabiliyor.<\/p>\n<p>Sa\u011fl\u0131k alan\u0131ndaki farkl\u0131l\u0131klar\u0131n ve e\u015fitsizli\u011fin h\u00fck\u00fcmetler taraf\u0131ndan uygulanacak programlarla azalt\u0131lmas\u0131 \u00e7a\u011fr\u0131s\u0131nda bulunan DS\u00d6, e\u015fitsizli\u011fin sadece b\u00f6lgeler aras\u0131nda de\u011fil, ayn\u0131 \u00fclke i\u00e7inde, hatta b\u00fcy\u00fck metropollerde farkl\u0131 gelir gruplar\u0131 aras\u0131nda bile \u00fcrk\u00fct\u00fcc\u00fc boyutlara ula\u015fabildi\u011fi uyar\u0131s\u0131nda bulunuyor<\/p>\n<p>\u00a0<\/p>\n","protected":false},"excerpt":{"rendered":"<p>\u00a0 D\u00fcnya Sa\u011fl\u0131k \u00d6rg\u00fct\u00fc&#8217;n\u00fcn yay\u0131mlad\u0131\u011f\u0131 \u201cSa\u011fl\u0131kta E\u015fitsizlik Raporu\u201dna g\u00f6re, geli\u015fmi\u015f ve geli\u015fmekte olan \u00fclkeler aras\u0131nda sa\u011fl\u0131k hizmetlerinde u\u00e7urum var. Sa\u011fl\u0131k&#46;&#46;&#46;<\/p>\n","protected":false},"author":1,"featured_media":0,"comment_status":"closed","ping_status":"closed","sticky":false,"template":"","format":"standard","meta":{"_jetpack_memberships_contains_paid_content":false,"footnotes":""},"categories":[62],"tags":[],"class_list":["post-2990","post","type-post","status-publish","format-standard","hentry","category-sagliktan-haberler"],"aioseo_notices":[],"jetpack_featured_media_url":"","jetpack_sharing_enabled":true,"jetpack-related-posts":[],"_links":{"self":[{"href":"http:\/\/www.ced.org.tr\/index.php?rest_route=\/wp\/v2\/posts\/2990","targetHints":{"allow":["GET"]}}],"collection":[{"href":"http:\/\/www.ced.org.tr\/index.php?rest_route=\/wp\/v2\/posts"}],"about":[{"href":"http:\/\/www.ced.org.tr\/index.php?rest_route=\/wp\/v2\/types\/post"}],"author":[{"embeddable":true,"href":"http:\/\/www.ced.org.tr\/index.php?rest_route=\/wp\/v2\/users\/1"}],"replies":[{"embeddable":true,"href":"http:\/\/www.ced.org.tr\/index.php?rest_route=%2Fwp%2Fv2%2Fcomments&post=2990"}],"version-history":[{"count":0,"href":"http:\/\/www.ced.org.tr\/index.php?rest_route=\/wp\/v2\/posts\/2990\/revisions"}],"wp:attachment":[{"href":"http:\/\/www.ced.org.tr\/index.php?rest_route=%2Fwp%2Fv2%2Fmedia&parent=2990"}],"wp:term":[{"taxonomy":"category","embeddable":true,"href":"http:\/\/www.ced.org.tr\/index.php?rest_route=%2Fwp%2Fv2%2Fcategories&post=2990"},{"taxonomy":"post_tag","embeddable":true,"href":"http:\/\/www.ced.org.tr\/index.php?rest_route=%2Fwp%2Fv2%2Ftags&post=2990"}],"curies":[{"name":"wp","href":"https:\/\/api.w.org\/{rel}","templated":true}]}}