{"id":2992,"date":"2012-11-12T15:48:27","date_gmt":"2012-11-12T13:48:27","guid":{"rendered":"http:\/\/www.ced.org.tr\/?p=2992"},"modified":"2012-11-12T15:48:27","modified_gmt":"2012-11-12T13:48:27","slug":"butun-halkimizi-devlet-hastanelerinin-ticarethaneye-donusturulmesine-karsi-mucadeleye-cagiriyoruz","status":"publish","type":"post","link":"http:\/\/www.ced.org.tr\/?p=2992","title":{"rendered":"B\u00fct\u00fcn Halk\u0131m\u0131z\u0131 Devlet Hastanelerinin Ticarethaneye D\u00f6n\u00fc\u015ft\u00fcr\u00fclmesine Kar\u015f\u0131 M\u00fccadeleye \u00c7a\u011f\u0131r\u0131yoruz!"},"content":{"rendered":"<p><strong>15 sa\u011fl\u0131k meslek \u00f6rg\u00fct\u00fc &#8220;Kamu Hastane Birlikleri&#8221;ne kar\u015f\u0131 ortak deklarasyon yay\u0131mlad\u0131.<\/strong><\/p>\n<p><strong> <\/strong><\/p>\n<p>\u00a0<\/p>\n<p>06 Kas\u0131m 2012<\/p>\n<p>Sa\u011fl\u0131k alan\u0131nda g\u00f6rev yapan 15 emek-meslek \u00f6rg\u00fct\u00fc ve sendika, 2 Kas\u0131m 2011 tarihinde Resmi Gazete&#8217;de yay\u0131mlanan 663 Say\u0131l\u0131 KHK&#8217;nin i\u00e7inde y\u00fcr\u00fcrl\u00fc\u011fe girdikten sonra, bir y\u0131ll\u0131k ge\u00e7i\u015f s\u00fcreci 2 Kas\u0131m 2012 tarihinde sona eren ve resmen uygulamaya ge\u00e7en &#8220;Kamu Hastane Birlikleri&#8221;ne kar\u015f\u0131 ortak bir deklarasyon yay\u0131mlad\u0131. Ortak deklarasyon, bug\u00fcn (06.11.2012) TTB&#8217;de d\u00fczenlenen bir bas\u0131n toplant\u0131s\u0131 ile kamuoyuna duyuruldu.<\/p>\n<p>Bas\u0131n toplant\u0131s\u0131na TTB Genel Sekreteri Dr. Bayaz\u0131t \u0130lhan, SES Ba\u015fkan\u0131 Dr. \u00c7etin Erdolu, T\u00fcrk Hem\u015fireler Derne\u011fi Ba\u015fkan\u0131 Prof. Dr. Saadet \u00dclker, Sosyal Hizmet Uzmanlar\u0131 Derne\u011fi Ba\u015fkan\u0131 Murat Altu\u011fgil, Sa\u011fl\u0131k Hizmetleri S\u0131n\u0131f\u0131 \u00c7al\u0131\u015fanlar\u0131 Derne\u011fi Ba\u015fkan\u0131 H\u00fcseyin Ayhan, Ankara Tabip Odas\u0131 Ba\u015fkan\u0131 Prof. Dr. \u00d6zden \u015eener ve SES Ankara \u015eube Ba\u015fkan\u0131 \u0130brahim Kara kat\u0131ld\u0131lar. Bas\u0131n a\u00e7\u0131klamas\u0131n\u0131 SES Ba\u015fkan\u0131 Dr. \u00c7etin Erdolu okudu.<\/p>\n<p>TTB Genel Sekreteri Dr. Bayaz\u0131t \u0130lhan toplant\u0131da yapt\u0131\u011f\u0131 konu\u015fmada, &#8220;Kamu Hastane Birlikleri&#8221;nin devlet hastanesi sisteminin tasfiyesi anlam\u0131na geldi\u011fini s\u00f6yledi. \u0130lgili y\u00f6netmeliklerde &#8220;devlet hastanesi&#8221; kavram\u0131n\u0131n yerine &#8220;sa\u011fl\u0131k tesisi&#8221; ifadesinin ge\u00e7ti\u011fine dikkat \u00e7eken \u0130lhan, sa\u011fl\u0131k alan\u0131n\u0131n art\u0131k kamu taraf\u0131ndan finanse edilen bir sistem olmayaca\u011f\u0131n\u0131 kaydetti. \u0130lhan, bunun vatanda\u015flar i\u00e7in daha \u00e7ok cepten \u00f6deme ve daha s\u0131n\u0131rl\u0131 sa\u011fl\u0131k hizmeti, sa\u011fl\u0131k \u00e7al\u0131\u015fanlar\u0131 i\u00e7in ise daha \u00e7ok g\u00fcvencesizlik anlam\u0131na geldi\u011fini s\u00f6yledi. Bayaz\u0131t \u0130lhan, Sa\u011fl\u0131k Bakanl\u0131\u011f\u0131 ile baz\u0131 \u00fcniversiteler aras\u0131nda imzalanan &#8220;ortak kullan\u0131m&#8221; protokol\u00fc nedeniyle sadece devlet hastanelerinin de\u011fil, pek \u00e7ok ilde \u00fcniversite hastanelerinin de bu uygulama kapsam\u0131 i\u00e7ine girece\u011finin de alt\u0131n\u0131 \u00e7izdi. Sa\u011fl\u0131k alan\u0131ndaki emek ve meslek \u00f6rg\u00fctlerinin KHB&#8217;ye kar\u015f\u0131 ortak m\u00fccadele ba\u015flatt\u0131klar\u0131n\u0131 belirten \u0130lhan, program\u0131n ayr\u0131nt\u0131l\u0131 eylem ve etkinliklerinin de \u00f6n\u00fcm\u00fczdeki g\u00fcnlerde duyurulaca\u011f\u0131n\u0131 bildirdi.<\/p>\n<p>\u00a0<\/p>\n<p>Ankara&#8217;da yap\u0131lan bas\u0131n toplant\u0131s\u0131 ile e\u015f zamanl\u0131 olarak illerde de tabip odalar\u0131 ve sa\u011fl\u0131k \u00f6rg\u00fctlerinin \u00f6nc\u00fcl\u00fc\u011f\u00fcnde bas\u0131n a\u00e7\u0131klamalar\u0131 ger\u00e7ekle\u015ftirildi.<\/p>\n<p>\u00a0<\/p>\n<p>06.11.2012<\/p>\n<p>\u00a0<\/p>\n<p>Bas\u0131n A\u00e7\u0131klamas\u0131<\/p>\n<p>\u00a0<\/p>\n<p>CEO\u2019lar\u0131n\u0131za \u201cHo\u015fgeldiniz\u201d Demiyoruz<\/p>\n<p>\u00a0<\/p>\n<p>\u0130\u015e\u0130M\u0130ZE, \u0130\u015e G\u00dcVENCEM\u0130ZE, HASTANELER\u0130M\u0130ZE SAH\u0130P \u00c7IKIYORUZ<\/p>\n<p>\u00a0<\/p>\n<p>B\u00dcT\u00dcN HALKIMIZI DEVLET HASTANELER\u0130N\u0130N T\u0130CARETHANEYE D\u00d6N\u00dc\u015eT\u00dcR\u00dcLMES\u0130NE KAR\u015eI M\u00dcCADELEYE \u00c7A\u011eIRIYORUZ<\/p>\n<p>\u00a0<\/p>\n<p>02 Kas\u0131m 2011 g\u00fcnk\u00fc Resmi Gazete&#8217;de yay\u0131mlanarak y\u00fcr\u00fcrl\u00fc\u011fe giren \u201cSa\u011fl\u0131k Bakanl\u0131\u011f\u0131 Te\u015fkilat Yap\u0131s\u0131n\u0131 D\u00fczenleyen 663 Say\u0131l\u0131 Kanun H\u00fckm\u00fcnde Kararname (KHK)\u201d ile Sa\u011fl\u0131k Bakanl\u0131\u011f\u0131 icrac\u0131 olmaktan \u00e7\u0131kar\u0131l\u0131p, d\u00fczenleyici ve denetleyici bakanl\u0131k haline getirilirken; Sa\u011fl\u0131kta D\u00f6n\u00fc\u015f\u00fcm Program\u0131\u2019n\u0131n yasal alt yap\u0131s\u0131 da tamamlanm\u0131\u015ft\u0131r. \u015eimdi s\u0131ra uygulaman\u0131n d\u00fczenlemesinin yap\u0131lmas\u0131na, istihdam edilecek kadrolar\u0131n atanmas\u0131na ve uygulaman\u0131n ba\u015flat\u0131lmas\u0131na gelmi\u015ftir ve h\u0131zla da gereken yerine getirilmektedir.<\/p>\n<p>\u00a0<\/p>\n<p>H\u00fck\u00fcmet, Sa\u011fl\u0131k Bakanl\u0131\u011f\u0131\u2019n\u0131n yap\u0131s\u0131n\u0131 tamamen de\u011fi\u015ftiren, devlet hastanelerini ticarethane haline getiren, ticarile\u015ftiren Kamu Hastane Birlikleri d\u00fczenlemesini de i\u00e7eren bu KHK\u2019y\u0131, TBMM a\u00e7\u0131k olmas\u0131na, KHK \u00e7\u0131karma yetkisinin nerede, nas\u0131l ve ne zaman kullan\u0131labilece\u011fi Anayasa\u2019da a\u00e7\u0131k\u00e7a belirtilmi\u015f olmas\u0131na ra\u011fmen, yasama organ\u0131n\u0131 devre d\u0131\u015f\u0131 b\u0131rakarak, bir gece yar\u0131s\u0131 operasyonu ile ve yang\u0131ndan mal ka\u00e7\u0131r\u0131rcas\u0131na \u00e7\u0131karm\u0131\u015ft\u0131r.<\/p>\n<p>\u00a0<\/p>\n<p>\u015eimdi de, 663 Say\u0131l\u0131 KHK ile ilgili Anayasa Mahkemesi\u2019nde iptal davas\u0131 a\u00e7\u0131lm\u0131\u015f ve s\u00fcrmekte iken, Hastane Birlikleri\u2019nin illerdeki CEO\u2019su anlam\u0131na gelen \u201cGenel Sekreter\u201d ve 10.300 s\u00f6zle\u015fmeli y\u00f6netici kadrolar\u0131n atamalar\u0131n\u0131 yap\u0131p uygulamay\u0131 ba\u015flatarak yarg\u0131y\u0131 devre d\u0131\u015f\u0131 b\u0131rakmaya \u00e7al\u0131\u015fmaktad\u0131r.<\/p>\n<p>\u00a0<\/p>\n<p>Yak\u0131n zamanda Dan\u0131\u015ftay, Ba\u015fbakan\u2019\u0131n s\u0131k\u00e7a \u00f6v\u00fcnd\u00fc\u011f\u00fc \u201cSa\u011fl\u0131k Kamp\u00fcsleri\u201d anlam\u0131na gelen Kamu \u00d6zel Ortakl\u0131\u011f\u0131 ihalelerinden \u00fc\u00e7\u00fcn\u00fcn (Ankara Etlik ve Bilkent, Elaz\u0131\u011f) \u00a0y\u00fcr\u00fctmesini, \u201ckamu yarar\u0131na olmad\u0131\u011f\u0131\u201d gerek\u00e7esiyle iptal etmi\u015ftir. Ancak demokrasi\u2019nin \u201cileri\u201dsini a\u011fz\u0131ndan d\u00fc\u015f\u00fcrmeyen H\u00fck\u00fcmet, bu yarg\u0131 karar\u0131na ra\u011fmen Etlik Kamp\u00fcs\u00fc i\u00e7in Etlik \u0130htisas E\u011fitim Ara\u015ft\u0131rma Hastanesi\u2019ni bo\u015faltm\u0131\u015f, \u00e7al\u0131\u015fanlar\u0131n\u0131 Ankara\u2019n\u0131n \u00e7e\u015fitli hastanelerine adeta \u00e7il yavrusu gibi da\u011f\u0131tm\u0131\u015ft\u0131r.<\/p>\n<p>\u00a0<\/p>\n<p>Yasama organ\u0131n\u0131 hi\u00e7e sayan, yarg\u0131y\u0131 devre d\u0131\u015f\u0131na iten bu uygulamalar bir yana, Kamu Hastane Birlikleri uygulamas\u0131n\u0131n ba\u015flat\u0131lmas\u0131 amac\u0131yla atanan nitelikleri ba\u015fl\u0131 ba\u015f\u0131na tart\u0131\u015f\u0131l\u0131r CEO\u2019lar (Birlik Genel Sekreterleri) ve s\u00f6zle\u015fmeli y\u00f6neticiler incelendi\u011finde bir\u00e7o\u011funun iktidar partisi ile adayl\u0131k, y\u00f6neticilik gibi siyasi ba\u011flar\u0131n\u0131n, neredeyse t\u00fcm\u00fcn\u00fcn belli bir sendikan\u0131n \u00fcye ve\/veya y\u00f6neticileri oldu\u011fu g\u00f6r\u00fclmektedir.<\/p>\n<p>\u00a0<\/p>\n<p>Kamu yarar\u0131na olmad\u0131\u011f\u0131, sa\u011fl\u0131k hizmeti i\u00e7in prim, her kademede katk\u0131-kat\u0131l\u0131m pay\u0131 ve ilave \u00fccret \u00f6deme zorunlulu\u011fu getirdi\u011fi i\u00e7in sa\u011fl\u0131\u011f\u0131 hak olmaktan \u00e7\u0131kard\u0131\u011f\u0131, kamu sa\u011fl\u0131k kurulu\u015flar\u0131n\u0131 ticarile\u015ftirdi\u011fi g\u00fcn gibi a\u00e7\u0131k olan Kamu Hastane Birlikleri uygulamas\u0131 yaln\u0131z \u00f6zelle\u015ftirme de\u011fil ayn\u0131 zamanda partizanca kadrola\u015fma anlam\u0131na da gelmektedir.<\/p>\n<p>\u00a0<\/p>\n<p>Kamu Hastane Birlikleri uygulamas\u0131, hastanelerin tamamen \u201ci\u015fletme\u201d olarak y\u00f6netilece\u011fi, \u00e7al\u0131\u015fanlar\u0131n ise g\u00fcvencelerine bak\u0131lmaks\u0131z\u0131n, \u00e7al\u0131\u015ft\u0131klar\u0131 birli\u011fin verimlili\u011fi-k\u00e2rl\u0131l\u0131\u011f\u0131 \u00fczerinden birli\u011fe ba\u011fl\u0131 hastaneler aras\u0131nda dola\u015fmas\u0131, gerekti\u011finde birli\u011fin d\u0131\u015f\u0131na \u00e7\u0131kar\u0131lmas\u0131, s\u00fcrg\u00fcn\u00fc anlam\u0131na gelmektedir.<\/p>\n<p>\u00a0<\/p>\n<p>Kamu Hastane Birlikleri, A B C D E diye s\u0131n\u0131fland\u0131r\u0131lm\u0131\u015f hastanelerin, t\u0131pk\u0131 \u00f6zel hastanelerde oldu\u011fu gibi, katk\u0131, kat\u0131l\u0131m pay\u0131 ve ilave \u00fccretlerinin fark\u0131 nedeniyle, herkesin paras\u0131na uygun olan hastaneye ba\u015fvurmas\u0131 demektir.<\/p>\n<p>\u00a0<\/p>\n<p>Kamu Hastane Birlikleri, birlik i\u00e7indeki hastanelerin, hatta i\u00e7indeki birimlerin performans\u0131 \u00fczerinden i\u015fletme hakk\u0131n\u0131n devredilmesi, kiralanmas\u0131 ya da pervas\u0131zca ta\u015feronla\u015ft\u0131r\u0131lmas\u0131 demektir. S\u00f6zle\u015fmeli y\u00f6neticinin \u201cCEO\u201dnun buna yetkili olmas\u0131 demektir.<\/p>\n<p>\u00a0<\/p>\n<p>Art\u0131k;<\/p>\n<p>\u00a0<\/p>\n<p>\u00b7 \u00a0 \u00a0 \u00a0 \u00a0 Hastaneler i\u015fletme,<\/p>\n<p>\u00a0<\/p>\n<p>\u00b7 \u00a0 \u00a0 \u00a0 \u00a0 Hastalar m\u00fc\u015fteri,<\/p>\n<p>\u00a0<\/p>\n<p>\u00b7 \u00a0 \u00a0 \u00a0 \u00a0 \u00c7al\u0131\u015fanlar s\u00f6zle\u015fmeli d\u00f6nemi ba\u015flam\u0131\u015ft\u0131r.<\/p>\n<p>\u00a0<\/p>\n<p>Anayasa Mahkemesi\u2019ne, bu \u015fekilde yarg\u0131y\u0131 saf d\u0131\u015f\u0131 b\u0131rakan tarzda uygulamaya kar\u015f\u0131, kamu yarar\u0131na olmayan, herkesin paras\u0131 kadar sa\u011fl\u0131k hizmeti anlam\u0131na gelen bu uygulamaya \u201cDUR\u201d demesi i\u00e7in \u00e7a\u011fr\u0131da bulunuyoruz.<\/p>\n<p>\u00a0<\/p>\n<p>Bir \u00e7a\u011fr\u0131m\u0131z da Meclis\u2019teki vekillere. Yasama organ\u0131 olarak sizleri devre d\u0131\u015f\u0131 b\u0131rakan, yarg\u0131 s\u00fcreci devam etmesine ra\u011fmen uygulaman\u0131n bu \u015fekilde ba\u015flat\u0131lmas\u0131na kar\u015f\u0131 bizlerle birlikte olmak ve halk\u0131n sa\u011fl\u0131k hakk\u0131n\u0131 savunmak i\u00e7in yapt\u0131\u011f\u0131m\u0131z bir \u00e7a\u011fr\u0131 bu.<\/p>\n<p>\u00a0<\/p>\n<p>Bizler, sa\u011fl\u0131k alan\u0131ndaki emek ve meslek \u00f6rg\u00fctleri olarak;<\/p>\n<p>\u00a0<\/p>\n<p>Devlet hastanelerini ticarethaneye d\u00f6n\u00fc\u015ft\u00fcren bu d\u00fczenleme iptal edilene dek T\u00fcrkiye\u2019nin b\u00fct\u00fcn illerinin, il\u00e7elerinin t\u00fcm hastanelerinde, sokaklar\u0131nda, meydanlar\u0131nda m\u00fccadele etmeye kararl\u0131y\u0131z.<\/p>\n<p>\u00a0<\/p>\n<p>Bu m\u00fccadelede toplumun her kesimini bizlerle birlikte olmaya \u00e7a\u011f\u0131r\u0131yoruz.<\/p>\n<p>\u00a0<\/p>\n<p>T\u00dcRK TAB\u0130PLER\u0130 B\u0130RL\u0130\u011e\u0130 (TTB)<\/p>\n<p>SA\u011eLIK VE SOSYAL H\u0130ZMET EMEK\u00c7\u0130LER\u0130 SEND\u0130KASI (SES)<\/p>\n<p>DEVR\u0130MC\u0130 SA\u011eLIK \u0130\u015e SEND\u0130KASI (DEV-SA\u011eLIK \u0130\u015e)<\/p>\n<p>T\u00dcRK D\u0130\u015eHEK\u0130MLER\u0130 B\u0130RL\u0130\u011e\u0130 (TDB)<\/p>\n<p>EBELER DERNE\u011e\u0130<\/p>\n<p>SA\u011eLIK H\u0130ZMETLER\u0130 SINIFI \u00c7ALI\u015eANLARI DERNE\u011e\u0130<\/p>\n<p>SA\u011eLIK MEMURLARI DERNE\u011e\u0130 (SMD)<\/p>\n<p>SA\u011eLIK TEKN\u0130SYEN VE TEKN\u0130KERLER\u0130 DERNE\u011e\u0130<\/p>\n<p>SA\u011eLIK VE SOSYAL H\u0130ZMET \u00c7ALI\u015eANLARININ S\u00d6Z\u00dc SEND\u0130KASI (S\u00d6Z SEN)<\/p>\n<p>SOSYAL H\u0130ZMET UZMANLARI DERNE\u011e\u0130 (SHUDER)<\/p>\n<p>T\u00dcM RADYOLOJ\u0130 TEKN\u0130SYENLER\u0130 VE TEKN\u0130KERLER\u0130 DERNE\u011e\u0130 (T\u00dcMRAD-DER)<\/p>\n<p>T\u00dcRK HEM\u015e\u0130RELER DERNE\u011e\u0130 (THD)<\/p>\n<p>T\u00dcRK PS\u0130KOLOGLAR DERNE\u011e\u0130 (TPD)<\/p>\n<p>T\u00dcRK MED\u0130KAL RADYOTEKNOLOJ\u0130 DERNE\u011e\u0130 (TMRT-DER)<\/p>\n<p>T\u00dcRK\u0130YE D\u0130YET\u0130SYENLER DERNE\u011e\u0130 (TDD)<\/p>\n<p>\u00a0<\/p>\n","protected":false},"excerpt":{"rendered":"<p>15 sa\u011fl\u0131k meslek \u00f6rg\u00fct\u00fc &#8220;Kamu Hastane Birlikleri&#8221;ne kar\u015f\u0131 ortak deklarasyon yay\u0131mlad\u0131. \u00a0 06 Kas\u0131m 2012 Sa\u011fl\u0131k alan\u0131nda g\u00f6rev yapan 15&#46;&#46;&#46;<\/p>\n","protected":false},"author":1,"featured_media":0,"comment_status":"closed","ping_status":"closed","sticky":false,"template":"","format":"standard","meta":{"_jetpack_memberships_contains_paid_content":false,"footnotes":""},"categories":[62],"tags":[],"class_list":["post-2992","post","type-post","status-publish","format-standard","hentry","category-sagliktan-haberler"],"aioseo_notices":[],"jetpack_featured_media_url":"","jetpack_sharing_enabled":true,"jetpack-related-posts":[],"_links":{"self":[{"href":"http:\/\/www.ced.org.tr\/index.php?rest_route=\/wp\/v2\/posts\/2992","targetHints":{"allow":["GET"]}}],"collection":[{"href":"http:\/\/www.ced.org.tr\/index.php?rest_route=\/wp\/v2\/posts"}],"about":[{"href":"http:\/\/www.ced.org.tr\/index.php?rest_route=\/wp\/v2\/types\/post"}],"author":[{"embeddable":true,"href":"http:\/\/www.ced.org.tr\/index.php?rest_route=\/wp\/v2\/users\/1"}],"replies":[{"embeddable":true,"href":"http:\/\/www.ced.org.tr\/index.php?rest_route=%2Fwp%2Fv2%2Fcomments&post=2992"}],"version-history":[{"count":0,"href":"http:\/\/www.ced.org.tr\/index.php?rest_route=\/wp\/v2\/posts\/2992\/revisions"}],"wp:attachment":[{"href":"http:\/\/www.ced.org.tr\/index.php?rest_route=%2Fwp%2Fv2%2Fmedia&parent=2992"}],"wp:term":[{"taxonomy":"category","embeddable":true,"href":"http:\/\/www.ced.org.tr\/index.php?rest_route=%2Fwp%2Fv2%2Fcategories&post=2992"},{"taxonomy":"post_tag","embeddable":true,"href":"http:\/\/www.ced.org.tr\/index.php?rest_route=%2Fwp%2Fv2%2Ftags&post=2992"}],"curies":[{"name":"wp","href":"https:\/\/api.w.org\/{rel}","templated":true}]}}