{"id":2993,"date":"2012-11-13T17:22:59","date_gmt":"2012-11-13T15:22:59","guid":{"rendered":"http:\/\/www.ced.org.tr\/?p=2993"},"modified":"2012-11-13T17:22:59","modified_gmt":"2012-11-13T15:22:59","slug":"idam-ceza-degil-cinayettir","status":"publish","type":"post","link":"http:\/\/www.ced.org.tr\/?p=2993","title":{"rendered":"&#8220;\u0130dam Ceza De\u011fil Cinayettir&#8221;"},"content":{"rendered":"<p>\u00a0<\/p>\n<div>\n<div>\n<div>F\u00fcsun \u00c7\u0130\u00c7EKO\u011eLU<\/div>\n<p>Ankara &#8211; B\u0130A Haber Merkezi<\/p><\/div>\n<div>13 Kas\u0131m 2012, Sal\u0131<\/div>\n<\/div>\n<p>Faruk Erem&#8217;in Mithatpa\u015fa Caddesi&#8217;ndeki avukatl\u0131k b\u00fcrosuna gittik. S\u00f6ze, &#8220;\u0130dam ceza de\u011fil, cinayettir! \u00c7\u00fcnk\u00fc cezan\u0131n tan\u0131m\u0131nda su\u00e7lunun devlet taraf\u0131ndan \u0131slah\u0131, topluma kazand\u0131r\u0131lmas\u0131 vard\u0131r. \u0130dam, \u0131slah\u0131n devlet eliyle imk\u00e2ns\u0131z hale getirilmesidir.&#8221; diyerek ba\u015flad\u0131 o b\u00fcy\u00fck hukuk\u00e7u&#8230;<\/p>\n<div><em>&#8220;Her \u015fey haz\u0131rd\u0131, adam\u0131 sehpa \u00fczerine \u00e7\u0131kartt\u0131lar. Son iste\u011fi olarak sigara verildi, yar\u0131s\u0131na kadar i\u00e7ti, att\u0131. Bana d\u00f6nd\u00fc. &#8220;Tut Elimi&#8221; dedi. Adam\u0131n elini tuttum. Adam as\u0131ld\u0131. Ama adam\u0131n nas\u0131l so\u011fudu\u011funu ben duydum. Bir adam\u0131n nas\u0131l so\u011fudu\u011funu e\u011fer duymam\u0131\u015fsan\u0131z, \u00f6l\u00fcm cezas\u0131n\u0131 m\u00fcdafaa edebilirsiniz.&#8221; (Barolar Birli\u011fi eski ba\u015fkanlar\u0131ndan, Prof. Faruk Erem)<\/em><\/div>\n<div>\n<p style=\"color: #222222; font-family: arial, sans-serif; font-size: 12.800000190734863px;\"><img loading=\"lazy\" decoding=\"async\" src=\"http:\/\/www.bianet.org\/resim\/olcekle\/42491\/150\/183\" border=\"0\" width=\"150\" height=\"183\" style=\"float: right;\" \/><\/p>\n<p>Babam, Cumhuriyet savc\u0131s\u0131 oldu\u011fu d\u00f6nemde, Ulucanlar Cezaevi&#8217;nde adli su\u00e7lu bir idam mahk\u00fbmunun infaz\u0131nda haz\u0131r bulunmu\u015f ve nezaret etmek zorunda kald\u0131\u011f\u0131 bu infaz\u0131n etkisini \u00f6mr\u00fc boyunca \u00fczerinden atamam\u0131\u015ft\u0131.<\/p>\n<p style=\"color: #222222; font-family: arial, sans-serif; font-size: 12.800000190734863px;\">O infaz\u0131 anlat\u0131rken s\u0131k s\u0131k duralar; \u015fafak vakti ayazda h\u00fck\u00fcml\u00fcn\u00fcn korkudan ve so\u011fuktan titreyerek cezaevi avlusuna getirili\u015fi akl\u0131na geldi\u011finde g\u00f6zleri dolar, sesi titrerdi. &#8220;En k\u00f6t\u00fc insan bile \u00f6ld\u00fcr\u00fclmeyi hak etmez!&#8221; der; c\u00fcmlelerini o g\u00fcn\u00fcn \u015fafaktan sonras\u0131na hi\u00e7 vard\u0131ramaz, an\u0131s\u0131n\u0131 hep yar\u0131m b\u0131rak\u0131rd\u0131.\u00a0<\/p>\n<p>Siyasal&#8217;da \u00f6\u011frenciyken idam cezas\u0131 ile ilgili bir \u00f6dev haz\u0131rlamam gerekmi\u015fti. Babamdan yard\u0131m istedim. &#8220;Benim sana anlatacaklar\u0131m\u0131 zaten biliyorsun,&#8221; dedi ve yak\u0131n dostu olan Profes\u00f6r\u00a0<strong>Faruk Erem<\/strong>&#8216;in bu konuda dan\u0131\u015fabilece\u011fim en iyi hukuk\u00e7u oldu\u011funu s\u00f6yledi.<\/p>\n<p style=\"color: #222222; font-family: arial, sans-serif; font-size: 12.800000190734863px;\">Babamla beraber Faruk Erem&#8217;in, Mithatpa\u015fa Caddesi&#8217;ndeki avukatl\u0131k b\u00fcrosuna gittik. S\u00f6ze, &#8220;\u0130dam ceza de\u011fil, cinayettir! \u00c7\u00fcnk\u00fc cezan\u0131n tan\u0131m\u0131nda su\u00e7lunun devlet taraf\u0131ndan \u0131slah\u0131, topluma kazand\u0131r\u0131lmas\u0131 vard\u0131r. \u0130dam, \u0131slah\u0131n devlet eliyle imk\u00e2ns\u0131z hale getirilmesidir.&#8221; diyerek ba\u015flad\u0131 o b\u00fcy\u00fck hukuk\u00e7u&#8230;<\/p>\n<p>Rahmetli Faruk Erem&#8217;in o g\u00fcn anlatt\u0131klar\u0131ndan ve ba\u015fta &#8220;<strong>Bir Ceza Avukat\u0131n\u0131n An\u0131lar\u0131<\/strong>&#8221; kitab\u0131 olmak \u00fczere, bana verdi\u011fi kaynaklardan yararlanarak haz\u0131rlad\u0131\u011f\u0131m \u00f6devi ar\u015fivlemi\u015ftim. Bu aralar, o zalimin a\u011fz\u0131ndan kolayca, ard arda d\u00f6k\u00fcl\u00fcveren &#8220;idam&#8221; kelimesiyle \u00fcrperince evde arad\u0131m ama bulamad\u0131m \u00f6dev dosyas\u0131n\u0131. Ta\u015f\u0131nmalarda m\u0131 kayboldu, ablam g\u00f6zalt\u0131na al\u0131nd\u0131\u011f\u0131nda kitaplar\u0131m\u0131, evraklar\u0131m\u0131 banyo k\u00fcvetine bas\u0131p hamur haline getirirken mi kazayla yok oldu bilmiyorum&#8230;\u00a0<\/p>\n<p>O \u00f6devden akl\u0131mda kalanlarla internette ara\u015ft\u0131rma yap\u0131nca, Faruk Erem&#8217;in biyografisini haz\u0131rlamak amac\u0131yla yap\u0131lm\u0131\u015f bir s\u00f6yle\u015fiye rastlad\u0131m.<\/p>\n<p>Barolar Birli\u011fi Ba\u015fkanl\u0131\u011f\u0131 da yapm\u0131\u015f olan h\u00fcmanist hukuk\u00e7u, de\u011ferli insan Faruk Erem&#8217;in idama ili\u015fkin d\u00fc\u015f\u00fcncelerini, 1992 Y\u0131l\u0131nda Ankara Barosu Dergi Kurulu&#8217;nun yapt\u0131\u011f\u0131 bu s\u00f6yle\u015fiden al\u0131nt\u0131l\u0131yorum: &#8220;Ben \u00f6\u011frenci iken Adliye&#8217;de A\u011f\u0131r Cezada k\u00e2tip idim. Ya\u015fl\u0131 bir ba\u015fk\u00e2tibimiz vard\u0131. Emeklili\u011fini d\u00fc\u015f\u00fcn\u00fcyordu. Bir sabah geldim. Bir dosyan\u0131n ba\u015f\u0131nda d\u00fc\u015f\u00fcn\u00fcyordu ve g\u00f6z\u00fcnden iki damla g\u00f6zya\u015f\u0131 d\u00f6k\u00fcld\u00fc. Birden \u015fa\u015f\u0131rd\u0131m. Ne oldu Ba\u015f Efendi diye sordum.\u00a0<br \/>&#8211; Bir \u015fey yok. Ben hep \u00f6l\u00fcm cezas\u0131 Yarg\u0131tay&#8217;dan tasdik gelince b\u00f6yle a\u011flar\u0131m. Haydi, git izinlisin, evinde ders \u00e7al\u0131\u015f, belki ileride bir \u015feyler yapabilirsin, dedi.\u00a0<\/p>\n<p>Ba\u015fka bir olayda bir \u00f6l\u00fcm cezas\u0131nda san\u0131\u011f\u0131n su\u00e7suz oldu\u011funa inan\u0131yordum. Ama bu yeterli olmad\u0131. H\u00fck\u00fcm kesinle\u015fti. Malum bizim usul hukukumuzda infaz s\u0131ras\u0131nda bulunmas\u0131 i\u00e7in san\u0131k Avukat\u0131na tebligat yap\u0131l\u0131r. O zamanlar \u00e7ok gen\u00e7 ve tecr\u00fcbesiz bir avukatt\u0131m. \u00c7a\u011fr\u0131l\u0131nca gitmemek olmaz gibi geldi bana ve gittim. Her \u015fey haz\u0131rd\u0131, adam\u0131 sehpa \u00fczerine \u00e7\u0131kartt\u0131lar. Son iste\u011fi olarak sigara verildi, yar\u0131s\u0131na kadar i\u00e7ti, att\u0131. Bana d\u00f6nd\u00fc. &#8220;Tut elimi&#8221; dedi. Adam\u0131n elini tuttum. Adam as\u0131ld\u0131. Ama adam\u0131n nas\u0131l so\u011fudu\u011funu ben duydum. Bir adam\u0131n nas\u0131l so\u011fudu\u011funu e\u011fer duymam\u0131\u015fsan\u0131z, \u00f6l\u00fcm cezas\u0131n\u0131 m\u00fcdafaa edebilirsiniz.&#8221;\u00a0<\/p>\n<p>Faruk Erem&#8217;i sayg\u0131yla, rahmetle yeniden anman\u0131n, bu h\u00fcmanist hukuk\u00e7unun idama ili\u015fkin d\u00fc\u015f\u00fcncelerini payla\u015fman\u0131n; rahmetli babac\u0131\u011f\u0131m\u0131n, o \u015fafa\u011f\u0131 her and\u0131\u011f\u0131ndaki g\u00f6zya\u015flar\u0131n\u0131 sevgiyle, sayg\u0131yla y\u00e2d etmenin zaman\u0131d\u0131r&#8230; &#8216;F\u00c7\/HK)<\/p>\n<\/div>\n<p>\u00a0<\/p>\n","protected":false},"excerpt":{"rendered":"<p>\u00a0 F\u00fcsun \u00c7\u0130\u00c7EKO\u011eLU Ankara &#8211; B\u0130A Haber Merkezi 13 Kas\u0131m 2012, Sal\u0131 Faruk Erem&#8217;in Mithatpa\u015fa Caddesi&#8217;ndeki avukatl\u0131k b\u00fcrosuna gittik. S\u00f6ze,&#46;&#46;&#46;<\/p>\n","protected":false},"author":1,"featured_media":0,"comment_status":"closed","ping_status":"closed","sticky":false,"template":"","format":"standard","meta":{"_jetpack_memberships_contains_paid_content":false,"footnotes":""},"categories":[62],"tags":[],"class_list":["post-2993","post","type-post","status-publish","format-standard","hentry","category-sagliktan-haberler"],"aioseo_notices":[],"jetpack_featured_media_url":"","jetpack_sharing_enabled":true,"jetpack-related-posts":[],"_links":{"self":[{"href":"http:\/\/www.ced.org.tr\/index.php?rest_route=\/wp\/v2\/posts\/2993","targetHints":{"allow":["GET"]}}],"collection":[{"href":"http:\/\/www.ced.org.tr\/index.php?rest_route=\/wp\/v2\/posts"}],"about":[{"href":"http:\/\/www.ced.org.tr\/index.php?rest_route=\/wp\/v2\/types\/post"}],"author":[{"embeddable":true,"href":"http:\/\/www.ced.org.tr\/index.php?rest_route=\/wp\/v2\/users\/1"}],"replies":[{"embeddable":true,"href":"http:\/\/www.ced.org.tr\/index.php?rest_route=%2Fwp%2Fv2%2Fcomments&post=2993"}],"version-history":[{"count":0,"href":"http:\/\/www.ced.org.tr\/index.php?rest_route=\/wp\/v2\/posts\/2993\/revisions"}],"wp:attachment":[{"href":"http:\/\/www.ced.org.tr\/index.php?rest_route=%2Fwp%2Fv2%2Fmedia&parent=2993"}],"wp:term":[{"taxonomy":"category","embeddable":true,"href":"http:\/\/www.ced.org.tr\/index.php?rest_route=%2Fwp%2Fv2%2Fcategories&post=2993"},{"taxonomy":"post_tag","embeddable":true,"href":"http:\/\/www.ced.org.tr\/index.php?rest_route=%2Fwp%2Fv2%2Ftags&post=2993"}],"curies":[{"name":"wp","href":"https:\/\/api.w.org\/{rel}","templated":true}]}}