{"id":2995,"date":"2012-11-23T22:24:15","date_gmt":"2012-11-23T20:24:15","guid":{"rendered":"http:\/\/www.ced.org.tr\/?p=2995"},"modified":"2012-11-23T22:24:15","modified_gmt":"2012-11-23T20:24:15","slug":"saglikta-kesintiler-ispanyada-protesto-edildi","status":"publish","type":"post","link":"http:\/\/www.ced.org.tr\/?p=2995","title":{"rendered":"Sa\u011fl\u0131kta kesintiler \u0130spanya&#8217;da protesto edildi"},"content":{"rendered":"<p><strong>Avrupa&#8217;da sa\u011fl\u0131k harcamalar\u0131 1975&#8217;ten bu yana ilk kez d\u00fc\u015ft\u00fc<\/strong><\/p>\n<p>2.11.2012 http:\/\/www.euractiv.com.tr<\/p>\n<p>AB&#8217;nin yay\u0131mlad\u0131\u011f\u0131 bir rapor, Avrupa&#8217;da kamu sa\u011fl\u0131k harcamalar\u0131n\u0131n 1970&#8217;lerden bu yana ilk kez d\u00fc\u015ft\u00fc\u011f\u00fcn\u00fc g\u00f6sterdi. Uzmanlar, sa\u011fl\u0131k alan\u0131nda yap\u0131lan harcamalar\u0131n etkilerinin hen\u00fcz g\u00f6r\u00fcn\u00fcr hale gelmedi\u011fi g\u00f6r\u00fc\u015f\u00fcnde.<\/p>\n<p>\u00a0<\/p>\n<p>Avrupa Komisyonu ve OECD&#8217;nin yay\u0131mlad\u0131\u011f\u0131 rapor, 2000-2009 y\u0131llar\u0131 aras\u0131nda ger\u00e7ekle\u015fen y\u0131lda ortalama y\u00fczde 4.6&#8217;l\u0131k b\u00fcy\u00fcme oran\u0131na kart\u015f\u0131n Avrupa&#8217;da ki\u015fi ba\u015f\u0131na yap\u0131lan sa\u011fl\u0131k harcamalar\u0131, 2010 y\u0131l\u0131nda 1975&#8217;ten bu yana ilk kez, y\u00fczde 0.6 d\u00fc\u015ft\u00fc.<\/p>\n<p>Rapora g\u00f6re ayn\u0131 zamanda Avrupa Birli\u011fi&#8217;nde ya\u015fayan yeti\u015fkinlerin yar\u0131s\u0131 a\u015f\u0131r\u0131 kilolu, y\u00fczde 17&#8217;si ise obezite hastas\u0131. Bu ve di\u011fer problemler, gelecekteki sa\u011fl\u0131k sorunlar\u0131na da zemin haz\u0131rl\u0131yor.<\/p>\n<p>Rapora g\u00f6re obezite oranlar\u0131 1990&#8217;dan bu yana pek \u00e7ok Avrupa \u00fclkesinde ikiye katland\u0131. \u015eu anda obezite oranlar\u0131 Romanya ve \u0130svi\u00e7re&#8217;deki y\u00fczde 8 seviyesinden, Macaristan ve \u0130ngiltere&#8217;deki y\u00fczde 25&#8217;e kadar geni\u015f bir yelpazeye yay\u0131l\u0131yor.<\/p>\n<p>Avrupa Kamu Sa\u011fl\u0131\u011f\u0131 Birli\u011fi (EPHA) Genel Sekreteri Monika Kosinska, &#8216;Temel hizmetlerdeki harcamalarda kesintiye gitmek a\u00e7\u0131k\u00e7a delilik. Bu sadece ekonominin canland\u0131r\u0131lmas\u0131na y\u00f6nelik bask\u0131 alt\u0131nda bulunan halk\u0131n direncini zay\u0131flatmakla kalm\u0131yor, ayn\u0131 zaamanda birincil tedaviye eri\u015fimi azalan halk\u0131n, hastal\u0131klar\u0131n\u0131n tedavisi daha pahal\u0131 a\u015famaya geldi\u011fi bir d\u00f6nemde tedaviye ba\u015fvurmas\u0131na yol a\u00e7\u0131yor&#8217; dedi.<\/p>\n<p><strong>Sa\u011fl\u0131kta kesintiler \u0130spanya&#8217;da protesto edildi<\/strong><\/p>\n<p>Rapora g\u00f6re 2010 y\u0131l\u0131nda sa\u011fl\u0131k harcamalar\u0131n\u0131n GSY\u0130H&#8217;ya oran\u0131 y\u00fczde 12 ile en y\u00fcksek Hollanda&#8217;da, ard\u0131ndan y\u00fczde 11.6 ile Fransa ve Almanya&#8217;da kaydedildi. AB ortalamas\u0131, 2009&#8217;daki y\u00fczde 9.2 seviyesinden y\u00fczde 9&#8217;a d\u00fc\u015ft\u00fc.<\/p>\n<p>\u00d6te yandan sa\u011fl\u0131k harcamalar\u0131ndaki kesintiler, \u0130spanya dahil olmak \u00fczere pek \u00e7ok \u00fclkede protestolarla kar\u015f\u0131lan\u0131yor.<\/p>\n<p>Cumartesi g\u00fcn\u00fc b\u00fct\u00e7e kesintileri ve \u00f6zelle\u015ftirmelere tepkili binlerce \u0130spanyol doktor, hem\u015fire ve hastane \u00e7al\u0131\u015fan\u0131, ba\u015fkent Madrid sokaklar\u0131n\u0131 doldurdu ve &#8216;Sa\u011fl\u0131k hakt\u0131r. M\u00fccadele edece\u011fiz&#8217; sloganlar\u0131 att\u0131. Pek \u00e7ok g\u00f6sterici \u00f6nl\u00fcklerine &#8216;Sat\u0131l\u0131k&#8217; yaz\u0131lar\u0131 ast\u0131.<\/p>\n<p>\u00a0<\/p>\n<p>http:\/\/www.euractiv.com.tr\/gida-ve-saglik\/article\/avrupada-saglik-harcamalari-1975ten-bu-yana-ilk-kez-dustu-026547<\/p>\n<p>\u00a0<\/p>\n","protected":false},"excerpt":{"rendered":"<p>Avrupa&#8217;da sa\u011fl\u0131k harcamalar\u0131 1975&#8217;ten bu yana ilk kez d\u00fc\u015ft\u00fc 2.11.2012 http:\/\/www.euractiv.com.tr AB&#8217;nin yay\u0131mlad\u0131\u011f\u0131 bir rapor, Avrupa&#8217;da kamu sa\u011fl\u0131k harcamalar\u0131n\u0131n 1970&#8217;lerden&#46;&#46;&#46;<\/p>\n","protected":false},"author":1,"featured_media":0,"comment_status":"closed","ping_status":"closed","sticky":false,"template":"","format":"standard","meta":{"_jetpack_memberships_contains_paid_content":false,"footnotes":""},"categories":[62],"tags":[],"class_list":["post-2995","post","type-post","status-publish","format-standard","hentry","category-sagliktan-haberler"],"aioseo_notices":[],"jetpack_featured_media_url":"","jetpack_sharing_enabled":true,"jetpack-related-posts":[],"_links":{"self":[{"href":"http:\/\/www.ced.org.tr\/index.php?rest_route=\/wp\/v2\/posts\/2995","targetHints":{"allow":["GET"]}}],"collection":[{"href":"http:\/\/www.ced.org.tr\/index.php?rest_route=\/wp\/v2\/posts"}],"about":[{"href":"http:\/\/www.ced.org.tr\/index.php?rest_route=\/wp\/v2\/types\/post"}],"author":[{"embeddable":true,"href":"http:\/\/www.ced.org.tr\/index.php?rest_route=\/wp\/v2\/users\/1"}],"replies":[{"embeddable":true,"href":"http:\/\/www.ced.org.tr\/index.php?rest_route=%2Fwp%2Fv2%2Fcomments&post=2995"}],"version-history":[{"count":0,"href":"http:\/\/www.ced.org.tr\/index.php?rest_route=\/wp\/v2\/posts\/2995\/revisions"}],"wp:attachment":[{"href":"http:\/\/www.ced.org.tr\/index.php?rest_route=%2Fwp%2Fv2%2Fmedia&parent=2995"}],"wp:term":[{"taxonomy":"category","embeddable":true,"href":"http:\/\/www.ced.org.tr\/index.php?rest_route=%2Fwp%2Fv2%2Fcategories&post=2995"},{"taxonomy":"post_tag","embeddable":true,"href":"http:\/\/www.ced.org.tr\/index.php?rest_route=%2Fwp%2Fv2%2Ftags&post=2995"}],"curies":[{"name":"wp","href":"https:\/\/api.w.org\/{rel}","templated":true}]}}