{"id":2999,"date":"2012-12-04T19:56:35","date_gmt":"2012-12-04T17:56:35","guid":{"rendered":"http:\/\/www.ced.org.tr\/?p=2999"},"modified":"2012-12-04T19:56:35","modified_gmt":"2012-12-04T17:56:35","slug":"hukumetlerin-ve-sermayenin-rant-saglayamadigi-bir-sosyal-guvenlik-sistemi-ve-kurumunun-olusturulmasini-talep-ediyoruz","status":"publish","type":"post","link":"http:\/\/www.ced.org.tr\/?p=2999","title":{"rendered":"&#8220;H\u00fck\u00fcmetlerin Ve Sermayenin Rant Sa\u011flayamad\u0131\u011f\u0131 Bir Sosyal G\u00fcvenlik Sistemi Ve Kurumunun Olu\u015fturulmas\u0131n\u0131 Talep Ediyoruz!&#8221;"},"content":{"rendered":"<p>4 Aral\u0131k 2012 tarihinde yap\u0131lacak olan SGK Genel Kurulu 2. Ola\u011fan Toplant\u0131s\u0131 \u00f6ncesinde D\u0130SK, KESK, TMMOB ve TTB, bug\u00fcn \u0130stanbul Tabip Odas\u0131\u2019nda bas\u0131n toplant\u0131s\u0131 d\u00fczenledi.<\/p>\n<p>\u00a0<\/p>\n<p>03 Aral\u0131k 2012 \u00a0http:\/\/www.ttb.org.tr\/index.php\/Haberler\/talep-3473.html<\/p>\n<p>Toplant\u0131ya, D\u0130SK Genel Ba\u015fkan\u0131 Erol Ekici, TTB Merkez Konseyi \u00dcyesi Dr. Osman \u00d6zt\u00fcrk, KESK Genel Ba\u015fkan\u0131 Lami \u00d6zgen ve TMMOB Genel Ba\u015fkan\u0131 Mehmet So\u011fanc\u0131 kat\u0131ld\u0131.<\/p>\n<p>A\u00e7\u0131l\u0131\u015f konu\u015fmas\u0131 TTB Merkez Konseyi \u00dcyesi Dr. Osman \u00d6zt\u00fcrk taraf\u0131ndan yap\u0131ld\u0131. \u00a0Dr. \u00d6zt\u00fcrk Sosyal G\u00fcvenlik Kurumu\u2019nun gerek emeklilik, \u00a0gerekse sa\u011fl\u0131k a\u00e7\u0131s\u0131ndan hepimizin hayat\u0131na de\u011fen bir kurum oldu\u011funu belirterek 4 Aral\u0131k 2012 tarihinde yap\u0131lacak Genel Kurul\u2019a da emek meslek \u00f6rg\u00fctleri olarak kat\u0131lacaklar\u0131n\u0131 s\u00f6yledi. \u00a0Bu nedenle D\u0130SK, KESK, TMMOB ve TTB olarak yap\u0131lacak bu kurul \u00f6ncesinde ortak bir g\u00f6r\u00fc\u015f olu\u015fturduklar\u0131n\u0131 ve bu g\u00f6r\u00fc\u015fleri Genel Kurul\u2019da taraflarla da payla\u015f\u0131lacak oldu\u011funu belirtti. \u00a0Bas\u0131n toplant\u0131s\u0131n\u0131 da bu sebepten yapt\u0131klar\u0131n\u0131 ifade ederek ortak metni okumak \u00fczere s\u00f6z\u00fc D\u0130SK Genel Ba\u015fkan\u0131 Erol Ekici\u2019ye verdi.<\/p>\n<p><strong>AKP t\u00fcm sigortal\u0131lar\u0131 \u201cen az\u201d da e\u015fitledi<\/strong><\/p>\n<p>A\u00e7\u0131klama metninde sa\u011fl\u0131k, emeklilik ve \u00e7al\u0131\u015fma hayat\u0131na ili\u015fkin t\u00fcm alanlara de\u011finilerek AKP H\u00fck\u00fcmeti\u2019nin \u201ce\u015fitlik\u201d ad\u0131 alt\u0131nda sundu\u011fu bu yap\u0131lanman\u0131n 5 y\u0131l i\u00e7inde s\u00f6z konusu e\u015fitli\u011fin sosyal devlet ilkesine uygunluk temelinde daha \u00fcst norm ve standartta e\u015fitlemeyi de\u011fil, t\u00fcm sigortal\u0131lar\u0131 en az da e\u015fitleyen bir uygulama oldu\u011fu belirtildi.<\/p>\n<p>Bu \u00e7er\u00e7evede Emekli Sand\u0131\u011f\u0131, SSK ve Ba\u011f-Kur \u00e7at\u0131lar\u0131n\u0131n Sosyal G\u00fcvenlik Kurumu ad\u0131 alt\u0131nda birle\u015ftirilirken IMF ve D\u00fcnya Bankas\u0131 direktifleri ve sermayenin ihtiya\u00e7lar\u0131 g\u00f6zetilerek yap\u0131ld\u0131\u011f\u0131n\u0131 ve kazan\u0131lm\u0131\u015f haklar\u0131n bir bir gasp edildi\u011fi belirtildi.<\/p>\n<p>Sa\u011fl\u0131kta D\u00f6n\u00fc\u015f\u00fcm Program\u0131 ad\u0131 alt\u0131nda IMF talimat\u0131yla yap\u0131land\u0131r\u0131lan Sosyal G\u00fcvenlik Kurumu\u2019nun emek\u00e7ilerin haklar\u0131n\u0131 koruyup, \u00e7\u0131karlar\u0131n\u0131 g\u00f6zeten bir kurum olarak i\u015flev g\u00f6rmedi\u011fini H\u00fck\u00fcmet\u2019in talimatlar\u0131n\u0131 yerine getiren bir i\u015fleyi\u015fe sahip oldu\u011fu ifade edildi.<\/p>\n<p>Dolay\u0131s\u0131yla 2006 y\u0131l\u0131ndan g\u00fcn\u00fcm\u00fcze kadar Sosyal G\u00fcvenlik Reformu g\u00f6lgesinde ge\u00e7en s\u00fcrecin halk\u0131n artan gelir kay\u0131plar\u0131 ve yoksun kald\u0131\u011f\u0131 kaliteli sa\u011fl\u0131k hizmeti ile tam bir y\u0131k\u0131m alt\u0131nda ge\u00e7ti\u011finin alt\u0131n\u0131 \u00e7izilirken \u201cBizler s\u00fcrd\u00fcrd\u00fc\u011f\u00fcm\u00fcz m\u00fccadelede, emek\u00e7ilerin \u00f6zy\u00f6netimine b\u0131rak\u0131lan, emek\u00e7ilerin birikimi ve eme\u011fi \u00fczerinde h\u00fck\u00fcmetlerin, sermayenin rant sa\u011flayamad\u0131\u011f\u0131 bir sosyal g\u00fcvenlik sistemi ve kurumunun olu\u015fturulmas\u0131 talebimizin Genel Kurul vesilesiyle bir kez daha alt\u0131n\u0131 \u00e7izmek isteriz\u201d denildi<\/p>\n<p>\u00a0<\/p>\n<p>Bas\u0131n a\u00e7\u0131klamas\u0131 i\u00e7in <a href=\"http:\/\/www.ttb.org.tr\/images\/stories\/file\/ortak.pdf\" target=\"_blank\">t\u0131klay\u0131n\u0131z.<\/a><\/p>\n<p>\u00a0<\/p>\n","protected":false},"excerpt":{"rendered":"<p>4 Aral\u0131k 2012 tarihinde yap\u0131lacak olan SGK Genel Kurulu 2. Ola\u011fan Toplant\u0131s\u0131 \u00f6ncesinde D\u0130SK, KESK, TMMOB ve TTB, bug\u00fcn \u0130stanbul&#46;&#46;&#46;<\/p>\n","protected":false},"author":1,"featured_media":0,"comment_status":"closed","ping_status":"closed","sticky":false,"template":"","format":"standard","meta":{"_jetpack_memberships_contains_paid_content":false,"footnotes":""},"categories":[62],"tags":[],"class_list":["post-2999","post","type-post","status-publish","format-standard","hentry","category-sagliktan-haberler"],"aioseo_notices":[],"jetpack_featured_media_url":"","jetpack_sharing_enabled":true,"jetpack-related-posts":[],"_links":{"self":[{"href":"http:\/\/www.ced.org.tr\/index.php?rest_route=\/wp\/v2\/posts\/2999","targetHints":{"allow":["GET"]}}],"collection":[{"href":"http:\/\/www.ced.org.tr\/index.php?rest_route=\/wp\/v2\/posts"}],"about":[{"href":"http:\/\/www.ced.org.tr\/index.php?rest_route=\/wp\/v2\/types\/post"}],"author":[{"embeddable":true,"href":"http:\/\/www.ced.org.tr\/index.php?rest_route=\/wp\/v2\/users\/1"}],"replies":[{"embeddable":true,"href":"http:\/\/www.ced.org.tr\/index.php?rest_route=%2Fwp%2Fv2%2Fcomments&post=2999"}],"version-history":[{"count":0,"href":"http:\/\/www.ced.org.tr\/index.php?rest_route=\/wp\/v2\/posts\/2999\/revisions"}],"wp:attachment":[{"href":"http:\/\/www.ced.org.tr\/index.php?rest_route=%2Fwp%2Fv2%2Fmedia&parent=2999"}],"wp:term":[{"taxonomy":"category","embeddable":true,"href":"http:\/\/www.ced.org.tr\/index.php?rest_route=%2Fwp%2Fv2%2Fcategories&post=2999"},{"taxonomy":"post_tag","embeddable":true,"href":"http:\/\/www.ced.org.tr\/index.php?rest_route=%2Fwp%2Fv2%2Ftags&post=2999"}],"curies":[{"name":"wp","href":"https:\/\/api.w.org\/{rel}","templated":true}]}}