{"id":3001,"date":"2012-12-11T20:28:52","date_gmt":"2012-12-11T18:28:52","guid":{"rendered":"http:\/\/www.ced.org.tr\/?p=3001"},"modified":"2012-12-11T20:28:52","modified_gmt":"2012-12-11T18:28:52","slug":"ispanyol-saglik-calisanlari-kesintilere-karsi-baskent-sokaklarini-doldurdu","status":"publish","type":"post","link":"http:\/\/www.ced.org.tr\/?p=3001","title":{"rendered":"\u0130spanyol sa\u011fl\u0131k \u00e7al\u0131\u015fanlar\u0131 kesintilere kar\u015f\u0131 ba\u015fkent sokaklar\u0131n\u0131 doldurdu"},"content":{"rendered":"<p><span style=\"color: #222222; font-family: arial, sans-serif; font-size: 13px;\">10.12.2012 <\/span><a href=\"http:\/\/www.euractiv.com.tr\/\" target=\"_blank\" style=\"color: #1155cc;\">http:\/\/www.euractiv.com.tr\/<\/a><\/p>\n<div style=\"color: #222222; font-family: arial, sans-serif; font-size: 13px;\">\n<p>\u0130spanya&#8217;da ge\u00e7ti\u011fimiz aydan bu yana grevde olan binlerce sa\u011fl\u0131k \u00e7al\u0131\u015fan\u0131, b\u00fct\u00e7e kesintilerine ve b\u00f6lgesel y\u00f6netimlerin devlet hastanelerinin ve sa\u011fl\u0131k merkezlerinin y\u00f6netimini \u00f6zelle\u015ftirme planlar\u0131na kar\u015f\u0131 protesto amac\u0131yla Pazar g\u00fcn\u00fc Madrid sokaklar\u0131n\u0131 doldurdu.<\/p>\n<p>\u00a0<\/p>\n<\/div>\n<div style=\"color: #222222; font-family: arial, sans-serif; font-size: 13px;\">\n<div>\n<p>Yerel y\u00f6netimlerin Ekim ay\u0131nda alt\u0131 hastane ve onlarca medikal kurulu\u015fu \u00f6zel y\u00f6netime sokma plan\u0131n\u0131 sunmas\u0131ndan bu yana doktorlar, hem\u015fireler ve sa\u011fl\u0131k \u00e7al\u0131\u015fanlar\u0131 \u00fc\u00e7\u00fcnc\u00fc kez y\u00fcr\u00fcy\u00fc\u015f yapt\u0131. Plan \u00e7er\u00e7evesinde ayn\u0131 zamanda hastalar\u0131n 1 Euro re\u00e7ete \u00fccreti \u00f6demesi \u00f6ng\u00f6r\u00fcl\u00fcyor.<\/p>\n<p>\u00c7al\u0131\u015fanlar ge\u00e7ti\u011fimiz ay, Ba\u015fbakan Mariano Rajoy&#8217;un merkez sa\u011f h\u00fck\u00fcmetinin destekledi\u011fi plana kar\u015f\u0131 s\u00fcresiz olarak grev ilan etmi\u015fti. Ba\u015fkentteki sa\u011fl\u0131k \u00e7al\u0131\u015fanlar\u0131 her hafta Pazartesi&#8217;den Per\u015fembe&#8217;ye kadar grev ilan etti ve acil vakalar haricinde yaln\u0131zca Cuma g\u00fcnleri hasta kabul ediyor.<\/p>\n<p>\u0130spanya&#8217;daki 17 \u00f6zerk b\u00f6lge sa\u011fl\u0131k ve e\u011fitim politikalar\u0131yla harcamalar\u0131na kendisi karar veriyor. Bir yandan \u00fclke AB d\u00fczeyinde anla\u015fmaya var\u0131lan b\u00fct\u00e7e a\u00e7\u0131\u011f\u0131 hedeflerini yakalamaya \u00e7al\u0131\u015f\u0131rken \u00f6zerk b\u00f6lgeler bu y\u0131l derin kesintiler yapmay\u0131 kabul etti.<\/p>\n<p>Beyaz \u00f6nl\u00fck giyen protestocular &#8216;Sa\u011fl\u0131k sat\u0131lamaz&#8217; ve &#8216;Sa\u011fl\u0131k tamamen kamusald\u0131r, \u00f6zelle\u015ftirmelere hay\u0131r&#8217; sloganlar\u0131 att\u0131.<\/p>\n<p>G\u00f6steriye kat\u0131lan Madridli bir i\u015fsiz, Luis Alvarez, &#8216;\u00d6zelle\u015ftirmeler elbette geri \u00e7evrilebilir. Esas sorun geri \u00e7evrilip \u00e7evrilemeyece\u011fi de\u011fil, \u00e7\u00fcnk\u00fc \u00f6zelle\u015ftirmelerin gelecekte yeri olmamas\u0131 gerekir&#8217; dedi.<\/p>\n<p>Madrid&#8217;deki Gregorio Maranon hastanesinde g\u00f6revli doktor Belen Padilla, plana kar\u015f\u0131 \u00e7\u0131kan bir milyon vatanda\u015f\u0131n imzas\u0131n\u0131n al\u0131nd\u0131\u011f\u0131n\u0131 s\u00f6yledi.<\/p>\n<p><a href=\"http:\/\/www.euractiv.com.tr\/gida-ve-saglik\/article\/ispanyol-saglik-calisanlari-kesintilere-karsi-baskent-sokaklarini-doldurdu-026658\" target=\"_blank\" style=\"color: #1155cc;\">http:\/\/www.euractiv.com.tr\/gida-ve-saglik\/article\/ispanyol-saglik-calisanlari-kesintilere-karsi-baskent-sokaklarini-doldurdu-026658<\/a><\/p>\n<\/div>\n<\/div>\n<p>\u00a0<\/p>\n","protected":false},"excerpt":{"rendered":"<p>10.12.2012 http:\/\/www.euractiv.com.tr\/ \u0130spanya&#8217;da ge\u00e7ti\u011fimiz aydan bu yana grevde olan binlerce sa\u011fl\u0131k \u00e7al\u0131\u015fan\u0131, b\u00fct\u00e7e kesintilerine ve b\u00f6lgesel y\u00f6netimlerin devlet hastanelerinin ve&#46;&#46;&#46;<\/p>\n","protected":false},"author":1,"featured_media":0,"comment_status":"closed","ping_status":"closed","sticky":false,"template":"","format":"standard","meta":{"_jetpack_memberships_contains_paid_content":false,"footnotes":""},"categories":[62],"tags":[],"class_list":["post-3001","post","type-post","status-publish","format-standard","hentry","category-sagliktan-haberler"],"aioseo_notices":[],"jetpack_featured_media_url":"","jetpack_sharing_enabled":true,"jetpack-related-posts":[],"_links":{"self":[{"href":"http:\/\/www.ced.org.tr\/index.php?rest_route=\/wp\/v2\/posts\/3001","targetHints":{"allow":["GET"]}}],"collection":[{"href":"http:\/\/www.ced.org.tr\/index.php?rest_route=\/wp\/v2\/posts"}],"about":[{"href":"http:\/\/www.ced.org.tr\/index.php?rest_route=\/wp\/v2\/types\/post"}],"author":[{"embeddable":true,"href":"http:\/\/www.ced.org.tr\/index.php?rest_route=\/wp\/v2\/users\/1"}],"replies":[{"embeddable":true,"href":"http:\/\/www.ced.org.tr\/index.php?rest_route=%2Fwp%2Fv2%2Fcomments&post=3001"}],"version-history":[{"count":0,"href":"http:\/\/www.ced.org.tr\/index.php?rest_route=\/wp\/v2\/posts\/3001\/revisions"}],"wp:attachment":[{"href":"http:\/\/www.ced.org.tr\/index.php?rest_route=%2Fwp%2Fv2%2Fmedia&parent=3001"}],"wp:term":[{"taxonomy":"category","embeddable":true,"href":"http:\/\/www.ced.org.tr\/index.php?rest_route=%2Fwp%2Fv2%2Fcategories&post=3001"},{"taxonomy":"post_tag","embeddable":true,"href":"http:\/\/www.ced.org.tr\/index.php?rest_route=%2Fwp%2Fv2%2Ftags&post=3001"}],"curies":[{"name":"wp","href":"https:\/\/api.w.org\/{rel}","templated":true}]}}