{"id":3003,"date":"2012-12-11T20:46:59","date_gmt":"2012-12-11T18:46:59","guid":{"rendered":"http:\/\/www.ced.org.tr\/?p=3003"},"modified":"2012-12-11T20:46:59","modified_gmt":"2012-12-11T18:46:59","slug":"greenpeacein-kampanyasi-etiketsizse-yemezler","status":"publish","type":"post","link":"http:\/\/www.ced.org.tr\/?p=3003","title":{"rendered":"Greenpeace&#8217;in kampanyas\u0131: Etiketsizse Yemezler"},"content":{"rendered":"<p><span style=\"color: #222222; font-family: arial, sans-serif; font-size: 13px;\">Greenpeace GDO&#8217;lu yemlerle beslenen hayvanlar\u0131n \u00fcr\u00fcnlerinin t\u00fcketiciye bu bilgiyi verecek bi\u00e7imde etiketlenmesi i\u00e7in bir kampanya ba\u015flatt\u0131.<\/span><\/p>\n<div style=\"color: #222222; font-family: arial, sans-serif; font-size: 13px;\">\n<div>\n<div>\u0130stanbul &#8211; B\u0130A Haber Merkezi<\/div>\n<div>10 Aral\u0131k 2012, Pazartesi  <\/p>\n<\/div>\n<\/div>\n<\/div>\n<div style=\"color: #222222; font-family: arial, sans-serif; font-size: 13px;\">\n<p>Greenpeace GDO&#8217;lu (Geneti\u011fi De\u011fi\u015ftirilmi\u015f Organizmalar) yemle beslenen hayvanlardan elde edilen temel g\u0131da maddelerinin etiketlenmesi i\u00e7in &#8220;Etiketsizse Yemezler&#8221; ba\u015fl\u0131kl\u0131 bir\u00a0<a href=\"http:\/\/www.greenpeace.org\/turkey\/tr\/harekete-gec\/yemezler\/\" target=\"_blank\" style=\"color: #1155cc;\">kampanya <\/a>ba\u015flatt\u0131.<\/p>\n<p>Kampanyaya kat\u0131lanlar GDO&#8217;lu yemle beslenen hayvanlar\u0131n \u00fcr\u00fcnlerinin etiketlenmesini talep eden metne imza at\u0131yor.<\/p>\n<p>GDO&#8217;lu yemle beslenen hayvanlardan elde edilen s\u00fct, peynir, yumurta, et gibi temel besinlerin do\u011frudan sofralara geldi\u011finin hat\u0131rlat\u0131ld\u0131\u011f\u0131 kampanyada, bu \u00fcr\u00fcnlerin etiketlerinde hi\u00e7bir uyar\u0131 olmad\u0131\u011f\u0131 i\u00e7in hayvanlar\u0131n GDO&#8217;lu yem ile beslenip beslenmedi\u011finin anla\u015f\u0131lamad\u0131\u011f\u0131 vurgulan\u0131yor.<\/p>\n<p>Greenpeace bu durumun yasalara ayk\u0131r\u0131 oldu\u011funu da belirtiyor.<\/p>\n<p>&#8220;Yasa, t\u00fcketicilerin tercih hakk\u0131n\u0131n ortadan kalkt\u0131\u011f\u0131 durumlarda GDO&#8217;lar\u0131n ithalat\u0131na izin verilmeyece\u011fini s\u00f6yler.<\/p>\n<p>&#8220;Halk\u0131m\u0131z\u0131n tercih hakk\u0131 da, g\u00fcvenle beslenme hakk\u0131 da elinden al\u0131n\u0131yor.&#8221;<\/p>\n<p><strong>\u0130lk Kampanyan\u0131n Ba\u015far\u0131s\u0131<\/strong><\/p>\n<p>GDO&#8217;nun &#8220;canl\u0131lar \u00fczerinde yap\u0131lan tehlikeli bir deney&#8221; olarak nitelendi\u011fi kampanyan\u0131n benzeri daha \u00f6nce g\u0131da ama\u00e7l\u0131 GDO ithalat\u0131yla ilgili olarak yap\u0131lm\u0131\u015f ve ba\u015far\u0131ya ula\u015fm\u0131\u015ft\u0131.<\/p>\n<p>&#8220;Yemezler&#8221; ba\u015fl\u0131\u011f\u0131yla ger\u00e7ekle\u015fen o kampanyada, 325 binden fazla ki\u015finin imzas\u0131yla T\u00fcrkiye G\u0131da Dernekleri Federasyonu&#8217;nun 29 tane g\u0131da ama\u00e7l\u0131 GDO i\u00e7in ithalat ba\u015fvurusunu geri \u00e7ekmesi sa\u011flanm\u0131\u015ft\u0131.<\/p>\n<\/div>\n<p>\u00a0<\/p>\n","protected":false},"excerpt":{"rendered":"<p>Greenpeace GDO&#8217;lu yemlerle beslenen hayvanlar\u0131n \u00fcr\u00fcnlerinin t\u00fcketiciye bu bilgiyi verecek bi\u00e7imde etiketlenmesi i\u00e7in bir kampanya ba\u015flatt\u0131. \u0130stanbul &#8211; B\u0130A Haber&#46;&#46;&#46;<\/p>\n","protected":false},"author":1,"featured_media":0,"comment_status":"closed","ping_status":"closed","sticky":false,"template":"","format":"standard","meta":{"_jetpack_memberships_contains_paid_content":false,"footnotes":""},"categories":[62],"tags":[],"class_list":["post-3003","post","type-post","status-publish","format-standard","hentry","category-sagliktan-haberler"],"aioseo_notices":[],"jetpack_featured_media_url":"","jetpack_sharing_enabled":true,"jetpack-related-posts":[],"_links":{"self":[{"href":"http:\/\/www.ced.org.tr\/index.php?rest_route=\/wp\/v2\/posts\/3003","targetHints":{"allow":["GET"]}}],"collection":[{"href":"http:\/\/www.ced.org.tr\/index.php?rest_route=\/wp\/v2\/posts"}],"about":[{"href":"http:\/\/www.ced.org.tr\/index.php?rest_route=\/wp\/v2\/types\/post"}],"author":[{"embeddable":true,"href":"http:\/\/www.ced.org.tr\/index.php?rest_route=\/wp\/v2\/users\/1"}],"replies":[{"embeddable":true,"href":"http:\/\/www.ced.org.tr\/index.php?rest_route=%2Fwp%2Fv2%2Fcomments&post=3003"}],"version-history":[{"count":0,"href":"http:\/\/www.ced.org.tr\/index.php?rest_route=\/wp\/v2\/posts\/3003\/revisions"}],"wp:attachment":[{"href":"http:\/\/www.ced.org.tr\/index.php?rest_route=%2Fwp%2Fv2%2Fmedia&parent=3003"}],"wp:term":[{"taxonomy":"category","embeddable":true,"href":"http:\/\/www.ced.org.tr\/index.php?rest_route=%2Fwp%2Fv2%2Fcategories&post=3003"},{"taxonomy":"post_tag","embeddable":true,"href":"http:\/\/www.ced.org.tr\/index.php?rest_route=%2Fwp%2Fv2%2Ftags&post=3003"}],"curies":[{"name":"wp","href":"https:\/\/api.w.org\/{rel}","templated":true}]}}