{"id":3011,"date":"2013-01-15T20:29:59","date_gmt":"2013-01-15T18:29:59","guid":{"rendered":"http:\/\/www.ced.org.tr\/?p=3011"},"modified":"2013-01-15T20:29:59","modified_gmt":"2013-01-15T18:29:59","slug":"e-recete-donemi-basladi","status":"publish","type":"post","link":"http:\/\/www.ced.org.tr\/?p=3011","title":{"rendered":"E-re\u00e7ete d\u00f6nemi ba\u015flad\u0131"},"content":{"rendered":"<p>Sosyal G\u00fcvenlik Kurumu 15 Ocak 2013 tarihinden itibaren zorunlu E-re\u00e7ete uygulamas\u0131na ge\u00e7ti. SGK&#8217;n\u0131n uygulama detaylar\u0131 ile ilgili duyurusunu a\u015fa\u011f\u0131da bilgilerinize sunar\u0131z.<\/p>\n<p>\u00a0<\/p>\n<p><p style=\"margin: 0px; padding: 0px; font-family: 'Segoe UI'; font-size: 13px;\" align=\"center\"><strong>T.C.<br \/>SOSYAL G\u00dcVENL\u0130K KURUMU BA\u015eKANLI\u011eI<br \/>Genel Sa\u011fl\u0131k Sigortas\u0131 Genel M\u00fcd\u00fcrl\u00fc\u011f\u00fc<br \/>DUYURU<\/strong><\/p>\n<p style=\"margin: 0px; padding: 0px; font-family: 'Segoe UI'; font-size: 13px;\">\u00a0<\/p>\n<p style=\"margin: 0px; padding: 0px; font-family: 'Segoe UI'; font-size: 13px;\" align=\"right\">07\/01\/2013<\/p>\n<p style=\"margin: 0px; padding: 0px; font-family: 'Segoe UI'; font-size: 13px;\" align=\"center\">E-RE\u00c7ETE HAKKINDA DUYURU<\/p>\n<p style=\"margin: 0px; padding: 0px; font-family: 'Segoe UI'; font-size: 13px;\">\u00a0<\/p>\n<p style=\"margin: 0px; padding: 0px; font-family: 'Segoe UI'; font-size: 13px;\">E-re\u00e7ete uygulamas\u0131na 01.07.2012 tarihinde ba\u015flan\u0131lm\u0131\u015f olup hekimlerimiz taraf\u0131ndan t\u00fcm re\u00e7etelerin %65&#8217;i e-re\u00e7ete olarak yaz\u0131lmaktad\u0131r. 105.200 hekim SGK KURUMSAL HEK\u0130M \u015e\u0130RES\u0130N\u0130 alm\u0131\u015ft\u0131r. E-re\u00e7ete uygulamas\u0131n\u0131n ba\u015flad\u0131\u011f\u0131 tarihten bug\u00fcne kadar 6 ayl\u0131k d\u00f6nem i\u00e7erisinde sa\u011fl\u0131k hizmet sunucular\u0131, eczaneler ve hekimler; duyurularla, s\u0131k sorulan sorular dok\u00fcmanlar\u0131yla, \u00f6zel ve resmi kurum ve kurulu\u015flara g\u00f6nderilen yaz\u0131larla, sa\u011fl\u0131k hizmet sunucular\u0131n\u0131n bilgi i\u015flem ekranlar\u0131na ve hekimlerin mail adreslerine g\u00f6nderilen uyar\u0131larla bilgilendirilmi\u015ftir.<\/p>\n<p style=\"margin: 0px; padding: 0px; font-family: 'Segoe UI'; font-size: 13px;\">\u00a0<\/p>\n<p style=\"margin: 0px; padding: 0px; font-family: 'Segoe UI'; font-size: 13px;\">15.01.2013 tarihi itibariyle e-re\u00e7ete uygulamas\u0131 zorunlu olacakt\u0131r. E-re\u00e7ete uygulamas\u0131na ge\u00e7i\u015fte s\u0131k\u0131nt\u0131 ya\u015fanmamas\u0131 i\u00e7in sa\u011fl\u0131k hizmet sunucular\u0131n\u0131n a\u015fa\u011f\u0131da belirtilen hususlara dikkat etmeleri gerekmektedir.<\/p>\n<p style=\"margin: 0px; padding: 0px; font-family: 'Segoe UI'; font-size: 13px;\">\u00a0<\/p>\n<p style=\"margin: 0px; padding: 0px; font-family: 'Segoe UI'; font-size: 13px;\">1) Re\u00e7ete tarihi 15.01.2013 ve sonras\u0131 olan e-re\u00e7eteler eczaneler taraf\u0131ndan manuel giri\u015f yap\u0131larak kar\u015f\u0131lanamayacakt\u0131r. \u00dczerinde e-re\u00e7ete numaras\u0131 bulunan manuel re\u00e7eteler ise yaln\u0131zca e-re\u00e7ete olarak kar\u015f\u0131lanacakt\u0131r.<\/p>\n<p style=\"margin: 0px; padding: 0px; font-family: 'Segoe UI'; font-size: 13px;\">\u00a0<\/p>\n<p style=\"margin: 0px; padding: 0px; font-family: 'Segoe UI'; font-size: 13px;\">2) 15.01.2013 tarihi itibariyle SGK KURUMSAL HEK\u0130M \u015e\u0130FRES\u0130&#8217;ni almam\u0131\u015f (Aile hekimli\u011fi hari\u00e7 Sa\u011fl\u0131k Bakanl\u0131\u011f\u0131 1.Basamak Sa\u011fl\u0131k Tesislerinde, K\u0130T-Belediye-Bakanl\u0131k 1. Basamak Sa\u011fl\u0131k Tesislerinde, \u00d6zel 1.Basamak Sa\u011fl\u0131k Tesislerinde, \u0130\u015fyeri Hekimliklerinde, Kurum Hekimliklerinde, \u00dcniversite 1. Basamak Sa\u011fl\u0131k Tesislerinde, T\u00fcrk silahl\u0131 Kuvvetleri 1.2.3. basamak tesislerinde g\u00f6rev yapan hekimler hari\u00e7) hekimlerin manuel re\u00e7eteleri (Bu duyurunun be\u015finci maddesinde belirtilen istisnai durumlar hari\u00e7) eczanelerden kar\u015f\u0131lanmayacakt\u0131r. SGK KURUMSAL HEK\u0130M \u015e\u0130FRES\u0130 ile ilgili sorunlar hekimin g\u00f6rev yapt\u0131\u011f\u0131 sa\u011fl\u0131k hizmet sunucusuna en yak\u0131n Sa\u011fl\u0131k Sosyal G\u00fcvenlik Merkezine iletilecektir.<\/p>\n<p style=\"margin: 0px; padding: 0px; font-family: 'Segoe UI'; font-size: 13px;\">\u00a0<\/p>\n<p style=\"margin: 0px; padding: 0px; font-family: 'Segoe UI'; font-size: 13px;\">3) 15.01.2013 tarihi itibariyle (bu duyurunun be\u015finci maddesinde belirtilen istisnai durumlar hari\u00e7) manuel re\u00e7eteler kar\u015f\u0131lanmayacakt\u0131r.<\/p>\n<p style=\"margin: 0px; padding: 0px; font-family: 'Segoe UI'; font-size: 13px;\">\u00a0<\/p>\n<p style=\"margin: 0px; padding: 0px; font-family: 'Segoe UI'; font-size: 13px;\">4) Sa\u011fl\u0131k Bakanl\u0131\u011f\u0131n\u0131n e-re\u00e7ete konusunda yapm\u0131\u015f oldu\u011fu duyuru ve genelgelerde de belirtildi\u011fi \u015fekilde e-re\u00e7etenin manuel \u00e7\u0131kt\u0131s\u0131n\u0131n hekim taraf\u0131ndan hastaya verilmesine, Sa\u011fl\u0131k Bakanl\u0131\u011f\u0131n\u0131n konu hakk\u0131nda yapaca\u011f\u0131 d\u00fczenlemeler \u00e7er\u00e7evesinde devam edilecektir. Ancak d\u00fczenlenen manuel \u00e7\u0131kt\u0131lar hastada kalacak olup Kurumumuz taraf\u0131ndan talep edilmeyecektir.<\/p>\n<p style=\"margin: 0px; padding: 0px; font-family: 'Segoe UI'; font-size: 13px;\">\u00a0<\/p>\n<p style=\"margin: 0px; padding: 0px; font-family: 'Segoe UI'; font-size: 13px;\">5) Manuel re\u00e7ete yaz\u0131lacak istisnalar;<\/p>\n<p style=\"margin: 0px; padding: 0px; font-family: 'Segoe UI'; font-size: 13px;\">\u00a0<\/p>\n<p style=\"margin: 0px; padding: 0px; font-family: 'Segoe UI'; font-size: 13px;\">a) Kamu idareleri b\u00fcnyesindeki kurum hekimliklerinde, i\u015fyeri hekimliklerinde, verem sava\u015f dispanserlerinde, ana-\u00e7ocuk sa\u011fl\u0131\u011f\u0131 ve aile planlamas\u0131 merkezlerinde, sa\u011fl\u0131k merkezi ve toplum sa\u011fl\u0131\u011f\u0131 merkezlerinde, 112 acil sa\u011fl\u0131k hizmeti birimlerinde, \u00fcniversitelerin mediko-sosyal birimlerinde, T\u00fcrk Silahl\u0131 Kuvvetlerinin 1., 2., ve 3. basamak sa\u011fl\u0131k hizmet sunucular\u0131nda d\u00fczenlenen re\u00e7eteler,<\/p>\n<p style=\"margin: 0px; padding: 0px; font-family: 'Segoe UI'; font-size: 13px;\">\u00a0<\/p>\n<p style=\"margin: 0px; padding: 0px; font-family: 'Segoe UI'; font-size: 13px;\">b) Majistral ila\u00e7 i\u00e7eren re\u00e7eteler,<\/p>\n<p style=\"margin: 0px; padding: 0px; font-family: 'Segoe UI'; font-size: 13px;\">\u00a0<\/p>\n<p style=\"margin: 0px; padding: 0px; font-family: 'Segoe UI'; font-size: 13px;\">c) Ki\u015fiye \u00f6zel yurt d\u0131\u015f\u0131ndan getirtilen ila\u00e7lar\u0131 i\u00e7eren re\u00e7eteler,<\/p>\n<p style=\"margin: 0px; padding: 0px; font-family: 'Segoe UI'; font-size: 13px;\">\u00a0<\/p>\n<p style=\"margin: 0px; padding: 0px; font-family: 'Segoe UI'; font-size: 13px;\">d) Yabanc\u0131 \u00fclkelerle yap\u0131lan &#8220;Sosyal G\u00fcvenlik S\u00f6zle\u015fmeleri&#8221; kapsam\u0131nda Kurum taraf\u0131ndan sa\u011fl\u0131k hizmeti verilen ki\u015filere d\u00fczenlenen re\u00e7eteler,<\/p>\n<p style=\"margin: 0px; padding: 0px; font-family: 'Segoe UI'; font-size: 13px;\">\u00a0<\/p>\n<p style=\"margin: 0px; padding: 0px; font-family: 'Segoe UI'; font-size: 13px;\">e) Sa\u011fl\u0131k Uygulama Talimat\u0131n\u0131n 3.1.3. maddesinin 2. f\u0131kras\u0131n\u0131n b maddesinde tan\u0131mlanan ve MEDULA hastane sisteminden provizyon al\u0131namamas\u0131na ra\u011fmen sa\u011fl\u0131k hizmeti sunulmas\u0131 durumunda d\u00fczenlenen re\u00e7eteler,<\/p>\n<p style=\"margin: 0px; padding: 0px; font-family: 'Segoe UI'; font-size: 13px;\">\u00a0<\/p>\n<p style=\"margin: 0px; padding: 0px; font-family: 'Segoe UI'; font-size: 13px;\">f) Acil hal kapsam\u0131nda d\u00fczenlenen re\u00e7eteler,<\/p>\n<p style=\"margin: 0px; padding: 0px; font-family: 'Segoe UI'; font-size: 13px;\">\u00a0<\/p>\n<p style=\"margin: 0px; padding: 0px; font-family: 'Segoe UI'; font-size: 13px;\">g) Aile hekimlerinin &#8220;gezici sa\u011fl\u0131k hizmeti&#8221; kapsam\u0131nda d\u00fczenledikleri re\u00e7eteler,<\/p>\n<p style=\"margin: 0px; padding: 0px; font-family: 'Segoe UI'; font-size: 13px;\">\u00a0<\/p>\n<p style=\"margin: 0px; padding: 0px; font-family: 'Segoe UI'; font-size: 13px;\">h) Evde bak\u0131m hizmeti kapsam\u0131nda d\u00fczenlenen re\u00e7eteler,<\/p>\n<p style=\"margin: 0px; padding: 0px; font-family: 'Segoe UI'; font-size: 13px;\">\u00a0<\/p>\n<p style=\"margin: 0px; padding: 0px; font-family: 'Segoe UI'; font-size: 13px;\">i) MEDULA sisteminin ve\/veya sa\u011fl\u0131k hizmet sunucusuna ait sistemin \u00e7al\u0131\u015fmamas\u0131 nedeniyle e-re\u00e7etenin d\u00fczenlenememesi halinde manuel olarak d\u00fczenlenen, \u00fczerinde e-re\u00e7ete olarak d\u00fczenlenememesine ili\u015fkin\u00a0<strong>&#8220;Sistemlerin \u00e7al\u0131\u015fmamas\u0131 nedeniyle e-re\u00e7ete d\u00fczenlenememi\u015ftir&#8221;<\/strong> ibaresi ka\u015fe ya da el yaz\u0131s\u0131 \u015feklinde bulunan ve bu ibarenin re\u00e7eteyi d\u00fczenleyen hekim taraf\u0131ndan onayland\u0131\u011f\u0131 re\u00e7eteler, (Bu duyurunun 3 \u00fcnc\u00fc maddesinde belirtilen di\u011fer durumlarda d\u00fczenlenen manuel re\u00e7etelerde bu ibare aranmayacakt\u0131r)<\/p>\n<p style=\"margin: 0px; padding: 0px; font-family: 'Segoe UI'; font-size: 13px;\">\u00a0<\/p>\n<p style=\"margin: 0px; padding: 0px; font-family: 'Segoe UI'; font-size: 13px;\">Vatanda\u015flar\u0131m\u0131z\u0131n 15.01.2013 tarihinden itibaren sorun ya\u015famamas\u0131 i\u00e7in sa\u011fl\u0131k hizmeti sunucular\u0131, eczac\u0131lar ve hekimlerimiz taraf\u0131ndan gerekli t\u00fcm \u00f6nlemlerin al\u0131nmas\u0131 b\u00fcy\u00fck \u00f6nem arz etmektedir.<\/p>\n<p style=\"margin: 0px; padding: 0px; font-family: 'Segoe UI'; font-size: 13px;\">\u00a0<\/p>\n<p style=\"margin: 0px; padding: 0px; font-family: 'Segoe UI'; font-size: 13px;\">\u0130lgililere \u00f6nemle duyurulur.<\/p><\/p>\n","protected":false},"excerpt":{"rendered":"<p>Sosyal G\u00fcvenlik Kurumu 15 Ocak 2013 tarihinden itibaren zorunlu E-re\u00e7ete uygulamas\u0131na ge\u00e7ti. SGK&#8217;n\u0131n uygulama detaylar\u0131 ile ilgili duyurusunu a\u015fa\u011f\u0131da bilgilerinize&#46;&#46;&#46;<\/p>\n","protected":false},"author":1,"featured_media":0,"comment_status":"closed","ping_status":"closed","sticky":false,"template":"","format":"standard","meta":{"_jetpack_memberships_contains_paid_content":false,"footnotes":""},"categories":[62],"tags":[],"class_list":["post-3011","post","type-post","status-publish","format-standard","hentry","category-sagliktan-haberler"],"aioseo_notices":[],"jetpack_featured_media_url":"","jetpack_sharing_enabled":true,"jetpack-related-posts":[],"_links":{"self":[{"href":"http:\/\/www.ced.org.tr\/index.php?rest_route=\/wp\/v2\/posts\/3011","targetHints":{"allow":["GET"]}}],"collection":[{"href":"http:\/\/www.ced.org.tr\/index.php?rest_route=\/wp\/v2\/posts"}],"about":[{"href":"http:\/\/www.ced.org.tr\/index.php?rest_route=\/wp\/v2\/types\/post"}],"author":[{"embeddable":true,"href":"http:\/\/www.ced.org.tr\/index.php?rest_route=\/wp\/v2\/users\/1"}],"replies":[{"embeddable":true,"href":"http:\/\/www.ced.org.tr\/index.php?rest_route=%2Fwp%2Fv2%2Fcomments&post=3011"}],"version-history":[{"count":0,"href":"http:\/\/www.ced.org.tr\/index.php?rest_route=\/wp\/v2\/posts\/3011\/revisions"}],"wp:attachment":[{"href":"http:\/\/www.ced.org.tr\/index.php?rest_route=%2Fwp%2Fv2%2Fmedia&parent=3011"}],"wp:term":[{"taxonomy":"category","embeddable":true,"href":"http:\/\/www.ced.org.tr\/index.php?rest_route=%2Fwp%2Fv2%2Fcategories&post=3011"},{"taxonomy":"post_tag","embeddable":true,"href":"http:\/\/www.ced.org.tr\/index.php?rest_route=%2Fwp%2Fv2%2Ftags&post=3011"}],"curies":[{"name":"wp","href":"https:\/\/api.w.org\/{rel}","templated":true}]}}