{"id":3013,"date":"2013-01-17T17:00:05","date_gmt":"2013-01-17T15:00:05","guid":{"rendered":"http:\/\/www.ced.org.tr\/?p=3013"},"modified":"2013-01-17T17:00:05","modified_gmt":"2013-01-17T15:00:05","slug":"fransadaki-arastirma-gdolu-misir-ve-kanser-arasinda-baglanti-kurdu","status":"publish","type":"post","link":"http:\/\/www.ced.org.tr\/?p=3013","title":{"rendered":"Fransa&#8217;daki ara\u015ft\u0131rma GDO&#8217;lu m\u0131s\u0131r ve kanser aras\u0131nda ba\u011flant\u0131 kurdu"},"content":{"rendered":"<div style=\"color: #222222; font-family: arial, sans-serif; font-size: 12.800000190734863px;\">\n<p>20.09.2012<br \/>Fransa&#8217;da y\u00fcr\u00fct\u00fclen bir ara\u015ft\u0131rma, uzun s\u00fcre GDO&#8217;lu m\u0131s\u0131r t\u00fcketen ve bir \u00e7e\u015fit zararl\u0131 otlar\u0131 yok eden ilaca maruz kalan farelerde t\u00fcm\u00f6r ve organ yetmezli\u011fine rastland\u0131\u011f\u0131n\u0131 ortaya koydu. Fransa Ba\u015fbakan\u0131 Jean-Marc Ayrault, ara\u015ft\u0131rma sonu\u00e7lar\u0131n\u0131n do\u011frulanmas\u0131 halinde bu GDO&#8217;lu \u00fcr\u00fcnlerin Avrupa&#8217;da yasaklanmas\u0131 i\u00e7in giri\u015fimde bulunabileceklerini s\u00f6yledi.<\/p>\n<p><a href=\"http:\/\/www.euractiv.com.tr\/gida-ve-saglik\/article\/fransadaki-arastirma-gdolu-misir-ve-kanser-arasinda-baglanti-kurdu-026118\" target=\"_blank\" style=\"color: #1155cc;\">http:\/\/www.euractiv.com.tr\/gida-ve-saglik\/article\/fransadaki-arastirma-gdolu-misir-ve-kanser-arasinda-baglanti-kurdu-026118<\/a><\/p>\n<\/div>\n<div style=\"color: #222222; font-family: arial, sans-serif; font-size: 12.800000190734863px;\">\n<div><img loading=\"lazy\" decoding=\"async\" src=\"http:\/\/ads.monogram.sk\/www\/delivery\/lg.php?bannerid=2046&amp;campaignid=1177&amp;zoneid=378&amp;loc=1&amp;referer=http%3A%2F%2Fwww.euractiv.com.tr%2Fgida-ve-saglik%2Farticle%2Ffransadaki-arastirma-gdolu-misir-ve-kanser-arasinda-baglanti-kurdu-026118&amp;cb=d9aab7ddb4\" border=\"0\" width=\"0\" height=\"0\" style=\"width: 0px; min-height: 0px;\" \/><\/div>\n<div>\n<div>\n<div><a href=\"http:\/\/www.euractiv.com.tr\/gida-ve-saglik\/article\/fransadaki-arastirma-gdolu-misir-ve-kanser-arasinda-baglanti-kurdu-026118#\" target=\"_blank\" title=\"Fonu b\u00fcy\u00fct\" style=\"color: #1155cc;\"><\/a><\/div>\n<div><\/div>\n<\/div>\n<div>\n<div><a href=\"http:\/\/www.euractiv.com.tr\/gida-ve-saglik\/article\/email-ile-gonder\/article\/fransadaki-arastirma-gdolu-misir-ve-kanser-arasinda-baglanti-kurdu-026118\" target=\"_blank\" style=\"color: #1155cc;\"><\/a><\/div>\n<div>Ara\u015ft\u0131rma sonu\u00e7lar\u0131n\u0131n kamuoyuyla payla\u015f\u0131lmas\u0131n\u0131n ard\u0131ndan Fransa h\u00fck\u00fcmeti derhal ara\u015ft\u0131rmalar\u0131n yo\u011funla\u015ft\u0131r\u0131lmas\u0131 ve insan sa\u011fl\u0131\u011f\u0131n\u0131 korumak i\u00e7in, gerekirse bu t\u00fcr m\u0131s\u0131r\u0131n ithalat\u0131n\u0131 ask\u0131ya almak da dahil olmak \u00fczere \u00f6nlemler al\u0131nmas\u0131 talimat\u0131 verdi.<\/div>\n<\/div>\n<\/div>\n<div>\n<p>Avrupa Komisyonu&#8217;nun sa\u011fl\u0131k s\u00f6zc\u00fcs\u00fc Frederic Vincent, Avrupa G\u0131da G\u00fcvenli\u011fi Otoritesi&#8217;nin (EFSA) konuyu detayl\u0131 bir \u015fekilde inceleyece\u011fini s\u00f6yledi.<\/p>\n<p>Caen \u00dcniversitesi&#8217;nden biyolog Gilles-Eric Seralini&#8217;nin ekibi, Monsanto \u00fcretimi Roundup ilac\u0131na tolerans\u0131 art\u0131r\u0131lm\u0131\u015f NK603 tipi m\u0131s\u0131rla beslenen, ya da ABD&#8217;de t\u00fcketilmesine izin veirlen seviyede Roundup i\u00e7eren su verilen farelerin, normal beslenen farelerden daha erken \u00f6ld\u00fc\u011f\u00fcn\u00fc s\u00f6yledi.<\/p>\n<p>Food and Chemical Toxicology dergisinde yay\u0131mlanan ve sonu\u00e7lar\u0131 Londra&#8217;da d\u00fczenlenen bas\u0131n toplant\u0131s\u0131nda sunulan a\u015fart\u0131rmaya g\u00f6re GDO&#8217;lu \u00fcr\u00fcnle beslenen farelerin memelerinde t\u00fcm\u00f6re, karaci\u011fer ve b\u00f6breklerinde ciddi hasara rastland\u0131.<\/p>\n<p>Ara\u015ft\u0131rmac\u0131lar, kontrol grubundaki y\u00fczde 30 ve 20&#8217;lik orana kar\u015f\u0131l\u0131k bu farelerde erken \u00f6l\u00fcm oran\u0131n\u0131n erkeklerde y\u00fczde 50, di\u015filerde y\u00fczde 70 oldu\u011funu a\u00e7\u0131klad\u0131.<\/p>\n<p>Ancak ara\u015ft\u0131rman\u0131n y\u00f6ntemini standard\u0131n alt\u0131nda bulan ve sonu\u00e7lar\u0131na \u015f\u00fcpheyle yakla\u015fanlar da var.<\/p>\n<p>Monsanto s\u00f6zc\u00fcs\u00fc Thomas Helscher, ara\u015ft\u0131rmay\u0131 derinlemesine inceleyeceklerini belirterek, &#8216;\u015eu ana kadar biyoteknolojik \u00fcr\u00fcnler \u00fczerine yap\u0131lan pek \u00e7ok bilimsel ara\u015ft\u0131rma, ki bunlar\u0131n aras\u0131nda y\u00fcz\u00fcn \u00fczerinde beslenme ara\u015ft\u0131rmas\u0131 da bulunuyor, her seferinde bunlar\u0131n g\u00fcvenli oldu\u011funu teyit etti. Bu, d\u00fcnya \u00e7ap\u0131nda denetim kurumlar\u0131n\u0131n de\u011ferlendirmelerine de yans\u0131d\u0131&#8217; dedi.<\/p>\n<p>GDO&#8217;lu \u00fcr\u00fcnlere kar\u015f\u0131 Avrupa&#8217;da b\u00fcy\u00fck bir diren\u00e7 bulunuyor, ancak bunlar ABD&#8217;de yayg\u0131n olarak kullan\u0131l\u0131yor.<\/p>\n<p>King&#8217;s College London&#8217;\u0131n beslenme bilimleri ara\u015ft\u0131rma biriminin ba\u015fkan\u0131 Tom Sanders, Seralini&#8217;nin ekibinin farelere ne kadar besin verildi\u011fi, ya da b\u00fcy\u00fcme oranlar\u0131na ili\u015fkin veri sunmad\u0131\u011f\u0131na dikkat \u00e7ekiyor. Sanders, &#8216;G\u0131da al\u0131m\u0131 k\u0131s\u0131tlanmad\u0131\u011f\u0131nda fareler, meme t\u00fcm\u00f6r\u00fc riskine \u00e7ok a\u00e7\u0131k oluyor. \u0130statistik y\u00f6ntemleri de al\u0131\u015f\u0131lageldik de\u011fil&#8217; dedi.<\/p>\n<p>Cambridge \u00dcniversitesi&#8217;nden David Spiegelhalter ise ara\u015ft\u0131rman\u0131n metodu, istatistikleri ve sonu\u00e7lar\u0131n sunumunun standard\u0131n alt\u0131nda oldu\u011funu s\u00f6yledi. Spiegelhalter, ara\u015ft\u0131rmadaki kontrol grubunda yaln\u0131zca iki cinsiyetten de 20 fare bulundu\u011fun, bunlar\u0131n da pek \u00e7o\u011funun kansere yakaland\u0131\u011f\u0131n\u0131n alt\u0131n\u0131 \u00e7izdi.<\/p>\n<p>GDO&#8217;lu \u00fcr\u00fcnlere destek verenler ara\u015ft\u0131rmalar\u0131n, bu \u00fcr\u00fcnlerin g\u00fcvenli oldu\u011funa i\u015faret etti\u011fini s\u00f6ylese de, k\u0131sa bir s\u00fcredir piyasada olan bu \u00fcr\u00fcnlerin uzun vadedeki etkileriyle ilgili halen az bilgi oldu\u011fu yorumlar\u0131 yap\u0131l\u0131yor<\/p>\n<\/div>\n<\/div>\n","protected":false},"excerpt":{"rendered":"<p>20.09.2012Fransa&#8217;da y\u00fcr\u00fct\u00fclen bir ara\u015ft\u0131rma, uzun s\u00fcre GDO&#8217;lu m\u0131s\u0131r t\u00fcketen ve bir \u00e7e\u015fit zararl\u0131 otlar\u0131 yok eden ilaca maruz kalan farelerde&#46;&#46;&#46;<\/p>\n","protected":false},"author":1,"featured_media":0,"comment_status":"closed","ping_status":"closed","sticky":false,"template":"","format":"standard","meta":{"_jetpack_memberships_contains_paid_content":false,"footnotes":""},"categories":[62],"tags":[],"class_list":["post-3013","post","type-post","status-publish","format-standard","hentry","category-sagliktan-haberler"],"aioseo_notices":[],"jetpack_featured_media_url":"","jetpack_sharing_enabled":true,"jetpack-related-posts":[],"_links":{"self":[{"href":"http:\/\/www.ced.org.tr\/index.php?rest_route=\/wp\/v2\/posts\/3013","targetHints":{"allow":["GET"]}}],"collection":[{"href":"http:\/\/www.ced.org.tr\/index.php?rest_route=\/wp\/v2\/posts"}],"about":[{"href":"http:\/\/www.ced.org.tr\/index.php?rest_route=\/wp\/v2\/types\/post"}],"author":[{"embeddable":true,"href":"http:\/\/www.ced.org.tr\/index.php?rest_route=\/wp\/v2\/users\/1"}],"replies":[{"embeddable":true,"href":"http:\/\/www.ced.org.tr\/index.php?rest_route=%2Fwp%2Fv2%2Fcomments&post=3013"}],"version-history":[{"count":0,"href":"http:\/\/www.ced.org.tr\/index.php?rest_route=\/wp\/v2\/posts\/3013\/revisions"}],"wp:attachment":[{"href":"http:\/\/www.ced.org.tr\/index.php?rest_route=%2Fwp%2Fv2%2Fmedia&parent=3013"}],"wp:term":[{"taxonomy":"category","embeddable":true,"href":"http:\/\/www.ced.org.tr\/index.php?rest_route=%2Fwp%2Fv2%2Fcategories&post=3013"},{"taxonomy":"post_tag","embeddable":true,"href":"http:\/\/www.ced.org.tr\/index.php?rest_route=%2Fwp%2Fv2%2Ftags&post=3013"}],"curies":[{"name":"wp","href":"https:\/\/api.w.org\/{rel}","templated":true}]}}