{"id":3015,"date":"2013-01-17T17:56:17","date_gmt":"2013-01-17T15:56:17","guid":{"rendered":"http:\/\/www.ced.org.tr\/?p=3015"},"modified":"2013-01-17T17:56:17","modified_gmt":"2013-01-17T15:56:17","slug":"saglik-net-hasta-haklarini-ihlal-ediyor","status":"publish","type":"post","link":"http:\/\/www.ced.org.tr\/?p=3015","title":{"rendered":"Sa\u011fl\u0131k.NET Hasta Haklar\u0131n\u0131 \u0130hlal Ediyor"},"content":{"rendered":"<p><p style=\"color: #222222; font-family: arial, sans-serif; font-size: 12.800000190734863px;\">Yeni y\u0131l ile beraber art\u0131k t\u00fcm sa\u011fl\u0131k kurulu\u015flar\u0131 hasta verilerini Sa\u011fl\u0131k.NET 2 sistemi \u00fczerinden payla\u015fmak zorunda olacak. Uygulamay\u0131 de\u011ferlendiren Dr. Bayaz\u0131t \u0130lhan&#8217;\u0131n yorumu: \u201cBakanl\u0131k doktorlar\u0131 su\u00e7a zorluyor.\u201d<\/p>\n<div style=\"color: #222222; font-family: arial, sans-serif; font-size: 12.800000190734863px;\"><a href=\"http:\/\/www.bianet.org\/yazar\/elif-akgul\" target=\"_blank\" style=\"color: #1155cc;\">Elif AKG\u00dcL<\/a> Bia haber ajans\u0131 13 Aral\u0131k 2012<\/p>\n<\/div>\n<div>\n<p class=\"MsoNormal\" style=\"color: #222222; font-family: arial, sans-serif; font-size: 12.800000190734863px; margin: 0px;\">\u00a0<\/p>\n<p class=\"MsoNormal\" style=\"color: #222222; font-family: arial, sans-serif; font-size: 12.800000190734863px; margin: 0px;\">Sa\u011fl\u0131k Bakanl\u0131\u011f\u0131, 11 kas\u0131m 2012 tarihinde yay\u0131nlad\u0131\u011f\u0131\u00a0<a href=\"http:\/\/www.ttb.org.tr\/images\/stories\/file\/snet2.pdf\" target=\"_blank\" style=\"color: #1155cc;\">genelge <\/a>ile Sosyal G\u00fcvenlik Kurumu\u2019na SGK) ba\u011fl\u0131 olan ya da olmayan t\u00fcm muayenehane ve sa\u011fl\u0131k kurulu\u015flar\u0131n\u0131n hastalara ait kay\u0131tlar\u0131n\u0131 Sa\u011fl\u0131k.NET 2 uygulamas\u0131 kapsam\u0131nda payla\u015fmalar\u0131\u00a0 zorunlulu\u011funu getirdi.<\/p>\n<p class=\"MsoNormal\" style=\"color: #222222; font-family: arial, sans-serif; font-size: 12.800000190734863px; margin: 0px;\">bianet\u2019e konu\u015fan T\u00fcrk Tabipleri Birli\u011fi (TTB) Merkez Konseyi Genel Sekreteri Dr.\u00a0<strong>Bayaz\u0131t \u0130lhan<\/strong>, uygulaman\u0131n evrensel hasta haklar\u0131n\u0131 ihlal etti\u011fini s\u00f6yledi.<\/p>\n<p class=\"MsoNormal\" style=\"color: #222222; font-family: arial, sans-serif; font-size: 12.800000190734863px; margin: 0px;\">\u0130lhan, \u201cBir ki\u015finin o an sadece hekimiyle payla\u015fmak isteyece\u011fi ba\u015fkalar\u0131n\u0131n duymas\u0131n\u0131 istemeyece\u011fi pek \u00e7ok bilgiyi Sa\u011fl\u0131k Bakanl\u0131\u011f\u0131 toplamak gibi bir zorunluluk koyuyor hekimlere\u201d diyerek uygulaman\u0131n yarataca\u011f\u0131 s\u0131k\u0131nt\u0131lara dikkat \u00e7ekti:<\/p>\n<p class=\"MsoNormal\" style=\"color: #222222; font-family: arial, sans-serif; font-size: 12.800000190734863px; margin: 0px;\">\u201cMesela bir kad\u0131n gebelik testi yapt\u0131r\u0131yor, k\u00fcrtaj yapt\u0131r\u0131yor ve bunun bilinmesini istemiyor. Ama bu bilgiler bir sistemde toplan\u0131yor.\u201d<\/p>\n<p class=\"MsoNormal\" style=\"color: #222222; font-family: arial, sans-serif; font-size: 12.800000190734863px; margin: 0px;\">\u201cBir y\u00f6netmelik daha yapt\u0131lar ve buna g\u00f6re SGK bu bilgileri belli anla\u015fmalarla \u00f6zel ki\u015filere ve kurumlara satabilecek.\u201d<\/p>\n<p class=\"MsoNormal\" style=\"color: #222222; font-family: arial, sans-serif; font-size: 12.800000190734863px; margin: 0px;\">\u201cB\u00fcy\u00fck ihtimalle, ki\u015filerin \u00f6deyece\u011fi primler de buna g\u00f6re belirlenecek. Diyelim ki herhangi bir kronik hastal\u0131\u011f\u0131n\u0131z varsa daha \u00e7ok prim \u00f6deyeceksiniz. O ki\u015finin hayat\u0131n\u0131 etkileyebilecek pek \u00e7ok olumsuz sonu\u00e7 olabilir bu durumda.\u201d<\/p>\n<p class=\"MsoNormal\" style=\"color: #222222; font-family: arial, sans-serif; font-size: 12.800000190734863px; margin: 0px;\">&#8220;Genelgede t\u00fcm sa\u011fl\u0131k \u00e7al\u0131\u015fanlar\u0131n\u0131n gerekli yaz\u0131l\u0131m\u0131 edinmesi gerekti\u011fi belirtiliyor. Bu yaz\u0131l\u0131m \u00f6zel \u015fisrketler taraf\u0131ndan y\u00fcksek bir mebla\u011faya sat\u0131l\u0131yor.\u201d<\/p>\n<p class=\"MsoNormal\" style=\"color: #222222; font-family: arial, sans-serif; font-size: 12.800000190734863px; margin: 0px;\">\u00a0<\/p>\n<p class=\"MsoNormal\" style=\"margin: 0px;\"><span style=\"font-family: arial, sans-serif; color: #222222;\"><span style=\"font-size: 12.800000190734863px;\"><strong>Uygulama anayasaya ayk\u0131r\u0131<\/strong><\/span><\/span><\/p>\n<p class=\"MsoNormal\" style=\"color: #222222; font-family: arial, sans-serif; font-size: 12.800000190734863px; margin: 0px;\">\u00a0<\/p>\n<p class=\"MsoNormal\" style=\"color: #222222; font-family: arial, sans-serif; font-size: 12.800000190734863px; margin: 0px;\">Uygulamaya g\u00fcndeme getiren CHP \u0130zmir Milletvekili\u00a0<strong>Aytun \u00c7\u0131ray<\/strong>, Sa\u011fl\u0131k Bakan\u0131\u00a0<strong>Recep Akda\u011f\u2019<\/strong>\u0131n bakanl\u0131\u011f\u0131n eskiden beri bu verileri toplad\u0131\u011f\u0131 a\u00e7\u0131klamas\u0131na \u015fu cevab\u0131 verdi:<\/p>\n<p class=\"MsoNormal\" style=\"color: #222222; font-family: arial, sans-serif; font-size: 12.800000190734863px; margin: 0px;\">\u201cHasta verileri toplan\u0131r ama kimlik bilgileri toplanmaz. Bildirilmesi zorunlu hastal\u0131klar vard\u0131r. Di\u011fer hastal\u0131klar ise istatistik verisi olarak toplan\u0131r.\u201d<\/p>\n<p class=\"MsoNormal\" style=\"color: #222222; font-family: arial, sans-serif; font-size: 12.800000190734863px; margin: 0px;\">\u201cZaten yeni bir yetki ihiya\u00e7lar\u0131 olmas\u0131yd\u0131 663 say\u0131l\u0131 kanun h\u00fckm\u00fcndeki kararnameye yeni bir madde koyarak hasta bilgilerinin toplanmas\u0131n\u0131 istemezlerdi. Y\u00f6ntem yanl\u0131\u015f. Bu y\u00f6ntemle insanlar\u0131m\u0131z\u0131n s\u0131rlar\u0131n\u0131 bir yere depolarsan\u0131z bunlar\u0131n g\u00fcvenli\u011fini, sa\u011flayamazs\u0131n\u0131z. \u0130nsanlar\u0131n ismiyle hi\u00e7bir \u015feyi toplayamazs\u0131n\u0131z. Bu durum anayasaya ayk\u0131r\u0131.\u201d<\/p>\n<p class=\"MsoNormal\" style=\"color: #222222; font-family: arial, sans-serif; font-size: 12.800000190734863px; margin: 0px;\">Avukat\u00a0<strong>Ziynet \u00d6z\u00e7elik<\/strong> d\u00fczenlemedeki eksikliklere dikkat \u00e7ekti. D\u00fcnyadaki \u00f6rneklerinde devletin hangi bilgileri ne ko\u015fullarda payla\u015faca\u011f\u0131n\u0131n \u00e7ok a\u00e7\u0131k bir \u015fekilde yasalarla d\u00fczenlendi\u011fini s\u00f6yleyen \u00d6z\u00e7elik, T\u00fcrkiye\u2019de bu durumun mu\u011flak oldu\u011funu belirtti.<\/p>\n<p class=\"MsoNormal\" style=\"color: #222222; font-family: arial, sans-serif; font-size: 12.800000190734863px; margin: 0px;\">Uygulama ile ilgili\u00a0<a href=\"http:\/\/www.ttb.org.tr\/index.php\/Haberler\/sagliknet-3472.html\" target=\"_blank\" style=\"color: #1155cc;\">bas\u0131n a\u00e7\u0131klamas\u0131 <\/a>yapan TTB, \u00fcyelerinden kesinlikle hastan\u0131n yaz\u0131l\u0131 onay\u0131 olmadan verilerini payla\u015fmamalar\u0131n\u0131 istedi. (EA)<\/p>\n<\/div>\n","protected":false},"excerpt":{"rendered":"<p>Yeni y\u0131l ile beraber art\u0131k t\u00fcm sa\u011fl\u0131k kurulu\u015flar\u0131 hasta verilerini Sa\u011fl\u0131k.NET 2 sistemi \u00fczerinden payla\u015fmak zorunda olacak. Uygulamay\u0131 de\u011ferlendiren Dr.&#46;&#46;&#46;<\/p>\n","protected":false},"author":1,"featured_media":0,"comment_status":"closed","ping_status":"closed","sticky":false,"template":"","format":"standard","meta":{"_jetpack_memberships_contains_paid_content":false,"footnotes":""},"categories":[62],"tags":[],"class_list":["post-3015","post","type-post","status-publish","format-standard","hentry","category-sagliktan-haberler"],"aioseo_notices":[],"jetpack_featured_media_url":"","jetpack_sharing_enabled":true,"jetpack-related-posts":[],"_links":{"self":[{"href":"http:\/\/www.ced.org.tr\/index.php?rest_route=\/wp\/v2\/posts\/3015","targetHints":{"allow":["GET"]}}],"collection":[{"href":"http:\/\/www.ced.org.tr\/index.php?rest_route=\/wp\/v2\/posts"}],"about":[{"href":"http:\/\/www.ced.org.tr\/index.php?rest_route=\/wp\/v2\/types\/post"}],"author":[{"embeddable":true,"href":"http:\/\/www.ced.org.tr\/index.php?rest_route=\/wp\/v2\/users\/1"}],"replies":[{"embeddable":true,"href":"http:\/\/www.ced.org.tr\/index.php?rest_route=%2Fwp%2Fv2%2Fcomments&post=3015"}],"version-history":[{"count":0,"href":"http:\/\/www.ced.org.tr\/index.php?rest_route=\/wp\/v2\/posts\/3015\/revisions"}],"wp:attachment":[{"href":"http:\/\/www.ced.org.tr\/index.php?rest_route=%2Fwp%2Fv2%2Fmedia&parent=3015"}],"wp:term":[{"taxonomy":"category","embeddable":true,"href":"http:\/\/www.ced.org.tr\/index.php?rest_route=%2Fwp%2Fv2%2Fcategories&post=3015"},{"taxonomy":"post_tag","embeddable":true,"href":"http:\/\/www.ced.org.tr\/index.php?rest_route=%2Fwp%2Fv2%2Ftags&post=3015"}],"curies":[{"name":"wp","href":"https:\/\/api.w.org\/{rel}","templated":true}]}}