{"id":3016,"date":"2013-01-17T17:58:14","date_gmt":"2013-01-17T15:58:14","guid":{"rendered":"http:\/\/www.ced.org.tr\/?p=3016"},"modified":"2013-01-17T17:58:14","modified_gmt":"2013-01-17T15:58:14","slug":"ab-aspartam-maddesini-mercek-altina-aldi","status":"publish","type":"post","link":"http:\/\/www.ced.org.tr\/?p=3016","title":{"rendered":"AB, aspartam maddesini mercek alt\u0131na ald\u0131"},"content":{"rendered":"<div style=\"color: #222222; font-family: arial, sans-serif; font-size: 12.800000190734863px;\">\n<p>09.01.2013 EurActiv<\/p>\n<p>Avrupa G\u0131da Sa\u011fl\u0131\u011f\u0131 Otoritesi (EFSA), 2010 tarihli ara\u015ft\u0131rmalar\u0131n aspartam adl\u0131 tatland\u0131r\u0131c\u0131yla baz\u0131 sa\u011fl\u0131k sorunlar\u0131 aras\u0131nda ba\u011flant\u0131 kurmas\u0131n\u0131n ard\u0131ndan, maddenin g\u00fcvenli\u011fiyle ilgili kamuya dan\u0131\u015fma s\u00fcreci ba\u015flatt\u0131.<\/p>\n<\/div>\n<div style=\"color: #222222; font-family: arial, sans-serif; font-size: 12.800000190734863px;\">\n<div><img loading=\"lazy\" decoding=\"async\" src=\"http:\/\/ads.monogram.sk\/www\/delivery\/lg.php?bannerid=2046&amp;campaignid=1177&amp;zoneid=378&amp;loc=1&amp;referer=http%3A%2F%2Fwww.euractiv.com.tr%2Fgida-ve-saglik%2Farticle%2Fab-aspartam-maddesini-mercek-altina-aldi-026851&amp;cb=79123c5a80\" border=\"0\" width=\"0\" height=\"0\" style=\"width: 0px; min-height: 0px;\" \/><\/div>\n<div>\n<div><span style=\"text-decoration: underline;\"><span style=\"color: #0000ff;\"><a href=\"http:\/\/www.euractiv.com.tr\/gida-ve-saglik\/article\/ab-aspartam-maddesini-mercek-altina-aldi-026851\" target=\"_blank\" style=\"color: #1155cc;\">http:\/\/www.euractiv.com.tr\/gida-ve-saglik\/article\/ab-aspartam-maddesini-mercek-altina-aldi-026851<\/a><\/span><\/span><a href=\"http:\/\/www.euractiv.com.tr\/gida-ve-saglik\/article\/ab-aspartam-maddesini-mercek-altina-aldi-026851#\" target=\"_blank\" title=\"Fonu b\u00fcy\u00fct\" style=\"color: #1155cc;\"><\/a><\/div>\n<div>Avrupa Komisyonu, maddenin hamileler \u00fczerinde potansiyel olumsuz etkileri ve kanser riskini art\u0131rmas\u0131na y\u00f6nelik bulgular elde eden yeni bilimsel ara\u015ft\u0131rmalar\u0131n yay\u0131mlanmas\u0131n\u0131n ard\u0131ndan May\u0131s 2011&#8217;de, AB&#8217;nin g\u0131da g\u00fcvenli\u011fi kurumu EFSA&#8217;dan, aspartam\u0131n yeniden de\u011ferlendirilmesini istemi\u015fti.<\/div>\n<\/div>\n<div>\n<p>\u0130talyan onkolog Morando Soffritti&#8217;nin 2010 y\u0131l\u0131nda yay\u0131mlanan ara\u015ft\u0131rmas\u0131, hayatlar\u0131 boyunca bu yapay tatland\u0131r\u0131ca maruz kalan farelerin karaci\u011fer ve akci\u011fer kanserine yakalanma risklerinin artt\u0131\u011f\u0131na i\u015faret ediyordu.<\/p>\n<p>Ayn\u0131 y\u0131l \u0130zlandal\u0131 ara\u015ft\u0131rmac\u0131 Thorallur Halldorsson&#8217;un, 60 bin kad\u0131n\u0131n kat\u0131l\u0131m\u0131yla ger\u00e7ekle\u015ftirdi\u011fi ara\u015ft\u0131rma ise yapay olarak tatland\u0131r\u0131lm\u0131\u015f me\u015frubatlar\u0131n t\u00fcketimi ve premat\u00fcr do\u011fumlar aras\u0131nda bir ba\u011flant\u0131 kurmu\u015ftu.<\/p>\n<p>\u0130ki ara\u015ft\u0131rma, Avrupa Parlamentosu&#8217;ndan, \u00fcr\u00fcn\u00fcn g\u00fcvenli\u011finin yeniden de\u011ferlendirilmeye tabi tutulmas\u0131 \u00e7a\u011fr\u0131lar\u0131 gelmesine yol a\u00e7m\u0131\u015ft\u0131.<\/p>\n<p>Aspartam, 1994 y\u0131l\u0131nda AB&#8217;den izin almas\u0131ndan bu yana be\u015f kez g\u00f6zden ge\u00e7irildi. Tatland\u0131r\u0131c\u0131 i\u00e7in bir sonraki de\u011ferlendirmenin, AB&#8217;de izin verilen katk\u0131 maddelerinin sistematik olarak yeniden de\u011ferlendirilece\u011fi 2020 y\u0131l\u0131nda ger\u00e7ekle\u015fmesi bekleniyor.<\/p>\n<p>EFSA&#8217;daki uzmanlar, aspartam hakk\u0131ndaki g\u00f6r\u00fc\u015f taslaklar\u0131nda maddenin, normal seviyelerde t\u00fcketiciler a\u00e7\u0131s\u0131ndan bir risk olu\u015fturmad\u0131\u011f\u0131 g\u00f6r\u00fc\u015f\u00fcn\u00fc sundu.<\/p>\n<p>\u015eu anda aspartam\u0131n kabul edilebilir g\u00fcnl\u00fck al\u0131m miktar\u0131 genel halk i\u00e7in g\u00fcvenli olarak de\u011ferlendiriliyor ve halk\u0131n aspartam al\u0131m\u0131 da bu seviyenin alt\u0131nda bulunuyor. Ancak fenilketon\u00fcri hastal\u0131\u011f\u0131 bulunanlar\u0131n tatland\u0131r\u0131c\u0131y\u0131 daha d\u00fc\u015f\u00fck miktarda kullanmas\u0131 tavsiye ediliyor.<\/p>\n<p>Konuyla ilgili t\u00fcm taraflar EFSA&#8217;n\u0131n g\u00f6r\u00fc\u015f tasla\u011f\u0131 \u00fczerinde 15 \u015eubat 2013&#8217;e kadar fikirlerini belirtebiliyor.Dan\u0131\u015fma s\u00fcrecinin ard\u0131ndan EFSA, ilgili taraflarla bu fikirler hakk\u0131nda g\u00f6r\u00fc\u015fme ger\u00e7ekle\u015ftirecek<\/p>\n<\/div>\n<\/div>\n","protected":false},"excerpt":{"rendered":"<p>09.01.2013 EurActiv Avrupa G\u0131da Sa\u011fl\u0131\u011f\u0131 Otoritesi (EFSA), 2010 tarihli ara\u015ft\u0131rmalar\u0131n aspartam adl\u0131 tatland\u0131r\u0131c\u0131yla baz\u0131 sa\u011fl\u0131k sorunlar\u0131 aras\u0131nda ba\u011flant\u0131 kurmas\u0131n\u0131n ard\u0131ndan,&#46;&#46;&#46;<\/p>\n","protected":false},"author":1,"featured_media":0,"comment_status":"closed","ping_status":"closed","sticky":false,"template":"","format":"standard","meta":{"_jetpack_memberships_contains_paid_content":false,"footnotes":""},"categories":[62],"tags":[],"class_list":["post-3016","post","type-post","status-publish","format-standard","hentry","category-sagliktan-haberler"],"aioseo_notices":[],"jetpack_featured_media_url":"","jetpack_sharing_enabled":true,"jetpack-related-posts":[],"_links":{"self":[{"href":"http:\/\/www.ced.org.tr\/index.php?rest_route=\/wp\/v2\/posts\/3016","targetHints":{"allow":["GET"]}}],"collection":[{"href":"http:\/\/www.ced.org.tr\/index.php?rest_route=\/wp\/v2\/posts"}],"about":[{"href":"http:\/\/www.ced.org.tr\/index.php?rest_route=\/wp\/v2\/types\/post"}],"author":[{"embeddable":true,"href":"http:\/\/www.ced.org.tr\/index.php?rest_route=\/wp\/v2\/users\/1"}],"replies":[{"embeddable":true,"href":"http:\/\/www.ced.org.tr\/index.php?rest_route=%2Fwp%2Fv2%2Fcomments&post=3016"}],"version-history":[{"count":0,"href":"http:\/\/www.ced.org.tr\/index.php?rest_route=\/wp\/v2\/posts\/3016\/revisions"}],"wp:attachment":[{"href":"http:\/\/www.ced.org.tr\/index.php?rest_route=%2Fwp%2Fv2%2Fmedia&parent=3016"}],"wp:term":[{"taxonomy":"category","embeddable":true,"href":"http:\/\/www.ced.org.tr\/index.php?rest_route=%2Fwp%2Fv2%2Fcategories&post=3016"},{"taxonomy":"post_tag","embeddable":true,"href":"http:\/\/www.ced.org.tr\/index.php?rest_route=%2Fwp%2Fv2%2Ftags&post=3016"}],"curies":[{"name":"wp","href":"https:\/\/api.w.org\/{rel}","templated":true}]}}