{"id":3019,"date":"2013-01-28T20:53:08","date_gmt":"2013-01-28T18:53:08","guid":{"rendered":"http:\/\/www.ced.org.tr\/?p=3019"},"modified":"2013-01-28T20:53:08","modified_gmt":"2013-01-28T18:53:08","slug":"ab-yeni-gdolu-tarim-urunu-izinlerini-askiya-aldi","status":"publish","type":"post","link":"http:\/\/www.ced.org.tr\/?p=3019","title":{"rendered":"AB, yeni GDO&#8217;lu tar\u0131m \u00fcr\u00fcn\u00fc izinlerini ask\u0131ya ald\u0131"},"content":{"rendered":"<p><span style=\"font-size: 10px;\"><strong>Avrupa Komisyonu, s\u0131rada bekleyen yedi geneti\u011fi de\u011fi\u015ftirilmi\u015f tar\u0131m \u00fcr\u00fcn\u00fcne yak\u0131n gelecekte onay vermeyi d\u00fc\u015f\u00fcnm\u00fcyor.<\/strong><\/span><\/p>\n<div>\n<div>\n<div>\n<div>24.01.2013\u00a0\u00a0\u00a0<a href=\"http:\/\/www.euractiv.com.tr\/gida-ve-saglik\/\" target=\"_blank\" style=\"color: #1155cc;\">http:\/\/www.euractiv.com.tr\/gida-ve-saglik\/<\/a> <\/p>\n<\/div>\n<div>\u015eu anda Avrupa&#8217;da yeti\u015ftirilmesine izin verilen iki geneti\u011fi de\u011fi\u015ftirilmi\u015f tar\u0131m \u00fcr\u00fcn\u00fc bulunuyor. Ancak bu \u00fcr\u00fcnler de t\u00fcketici ve \u00e7evre \u00f6rg\u00fctlerinden muhalefetle kar\u015f\u0131la\u015f\u0131yor.<\/div>\n<\/div>\n<div>\n<p>Buna kar\u015f\u0131n ABD&#8217;de 90, Brezilya&#8217;da ise 30 GDO&#8217;lu tar\u0131m \u00fcr\u00fcn\u00fcn yeti\u015ftirilmesine izin verilmi\u015f durumda.<\/p>\n<p>Alt\u0131s\u0131 m\u0131s\u0131r, biri de soya fas\u00fclyesi olmak \u00fczere yedi GDO&#8217;lu \u00fcr\u00fcn Komisyon&#8217;un onay\u0131n\u0131 bekliyor.<\/p>\n<\/div>\n<\/div>\n<p><a href=\"http:\/\/www.euractiv.com.tr\/gida-ve-saglik\/article\/ab-yeni-gdolu-tarim-urunu-izinlerini-askiya-aldi-026932\" target=\"_blank\" style=\"color: #1155cc;\">http:\/\/www.euractiv.com.tr\/gida-ve-saglik\/article\/ab-yeni-gdolu-tarim-urunu-izinlerini-askiya-aldi-026932<\/a><\/p>\n<\/div>\n<div>\n<div>\n<p>Avrupa Komisyonu&#8217;nun 2010&#8217;da getirdi\u011fi yasa tasar\u0131s\u0131, baz\u0131 \u00fclkelerin GDO teknolojisini kullan\u0131rken, baz\u0131lar\u0131n\u0131n yasak getirmesine izin verilmesini ve b\u00f6ylece AB d\u00fczeyinde karar al\u0131nmas\u0131n\u0131n \u00f6n\u00fcn\u00fcn a\u00e7\u0131lmas\u0131n\u0131 hedefliyordu. Ancak teklifler \u00fczerinde, Fransa, Almanya ve \u0130ngiltere&#8217;den gelen itirazlar sebebiyle anla\u015fmaya var\u0131lamad\u0131.<\/p>\n<p><p>Avrupa Komisyonu&#8217;nun sa\u011fl\u0131ktan sorumlu \u00fcyesi Tonio Borg&#8217;un s\u00f6zc\u00fcs\u00fc Frederic Vincent, &#8216;Teklifler \u00fczerinde m\u00fczakereleri tekrar a\u00e7mak i\u00e7in \u00fc\u00e7 \u00fclkeyle konuyu g\u00f6r\u00fc\u015fece\u011fiz&#8217; dedi.<\/p>\n<p>Mevcut AB kurallar\u0131 \u00e7er\u00e7evesinde, yeti\u015ftirilmesine izin verilen bir \u00fcr\u00fcn 27 AB \u00fcyesinin tamam\u0131nda yeti\u015ftirebiliyor. Ancak \u00dclkeler, bilimsel gerek\u00e7eler do\u011frultusunda bu \u00fcr\u00fcnlerin yeti\u015ftirilmesine yasak getirebiliyor.<\/p>\n<p>\u015eu anda Avrupa&#8217;da yeti\u015ftirilmesine izin verilen iki geneti\u011fi de\u011fi\u015ftirilmi\u015f tar\u0131m \u00fcr\u00fcn\u00fc bulunuyor. Ancak bu \u00fcr\u00fcnler de t\u00fcketici ve \u00e7evre \u00f6rg\u00fctlerinden muhalefetle kar\u015f\u0131la\u015f\u0131yor.<\/p>\n<p>Buna kar\u015f\u0131n ABD&#8217;de 90, Brezilya&#8217;da ise 30 GDO&#8217;lu tar\u0131m \u00fcr\u00fcn\u00fcn yeti\u015ftirilmesine izin verilmi\u015f durumda.<\/p>\n<p>Alt\u0131s\u0131 m\u0131s\u0131r, biri de soya fas\u00fclyesi olmak \u00fczere yedi GDO&#8217;lu \u00fcr\u00fcn Komisyon&#8217;un onay\u0131n\u0131 bekliyor. Bu \u00fcr\u00fcnler Avrupa G\u0131da G\u00fcvenli\u011fi Otoritesi&#8217;nden (EFSA) olumlu de\u011ferlendirme alm\u0131\u015f durumda.<\/p>\n<p>Vincent, Komisyon&#8217;un bu \u00fcr\u00fcnlere \u00f6n\u00fcm\u00fczdeki haftalarda onay vermesinin beklenmedi\u011fini s\u00f6yledi, ancak bunun GDO&#8217;lu \u00fcr\u00fcnlerle ilgili al\u0131nacak kararlar\u0131n ask\u0131ya al\u0131nmas\u0131 anlam\u0131na geldi\u011fini de kabul etmedi.<\/p>\n<p>Greenpeace AB tar\u0131m politikalar\u0131 direkt\u00f6r\u00fc Marco Contiero, AB&#8217;deki testlerin \u015fu anda GDO&#8217;lu tar\u0131m \u00fcr\u00fcnlerinin \u00e7evre ve sa\u011fl\u0131k a\u00e7\u0131s\u0131ndan g\u00fcvenli\u011fi konusunda de\u011ferlendirme sunmakta ba\u015far\u0131s\u0131z oldu\u011funu s\u00f6yledi.<\/p>\n<p>Contiero, &#8216;Bu sebeple Avrupa \u00fclkeleri, 2008 y\u0131l\u0131nda oybirli\u011fiyle Komisyon&#8217;dan lisans sisteminin de\u011fi\u015ftirilmesini istedi. Bundan sonra mant\u0131ken, GDO&#8217;lu tar\u0131m \u00fcr\u00fcnlerinin onaylanmas\u0131n\u0131n ask\u0131ya al\u0131nmas\u0131 ve risk de\u011ferlendirmelerinde reform gerekir. Ancak \u015fu ana kadar Komisyon&#8217;un reform giri\u015fimleri \u00e7ok zay\u0131f kald\u0131 ve yeni onaylar\u0131 a\u00e7\u0131k\u00e7a dondurmay\u0131 kabul etmemesi de biyoteknoloji sekt\u00f6r\u00fcnden korkmas\u0131 sebebiyle&#8217; dedi.<\/p>\n<\/p>\n<\/div>\n<\/div>\n","protected":false},"excerpt":{"rendered":"<p>Avrupa Komisyonu, s\u0131rada bekleyen yedi geneti\u011fi de\u011fi\u015ftirilmi\u015f tar\u0131m \u00fcr\u00fcn\u00fcne yak\u0131n gelecekte onay vermeyi d\u00fc\u015f\u00fcnm\u00fcyor. 24.01.2013\u00a0\u00a0\u00a0http:\/\/www.euractiv.com.tr\/gida-ve-saglik\/ \u015eu anda Avrupa&#8217;da yeti\u015ftirilmesine izin&#46;&#46;&#46;<\/p>\n","protected":false},"author":1,"featured_media":0,"comment_status":"closed","ping_status":"closed","sticky":false,"template":"","format":"standard","meta":{"_jetpack_memberships_contains_paid_content":false,"footnotes":""},"categories":[62],"tags":[],"class_list":["post-3019","post","type-post","status-publish","format-standard","hentry","category-sagliktan-haberler"],"aioseo_notices":[],"jetpack_featured_media_url":"","jetpack_sharing_enabled":true,"jetpack-related-posts":[],"_links":{"self":[{"href":"http:\/\/www.ced.org.tr\/index.php?rest_route=\/wp\/v2\/posts\/3019","targetHints":{"allow":["GET"]}}],"collection":[{"href":"http:\/\/www.ced.org.tr\/index.php?rest_route=\/wp\/v2\/posts"}],"about":[{"href":"http:\/\/www.ced.org.tr\/index.php?rest_route=\/wp\/v2\/types\/post"}],"author":[{"embeddable":true,"href":"http:\/\/www.ced.org.tr\/index.php?rest_route=\/wp\/v2\/users\/1"}],"replies":[{"embeddable":true,"href":"http:\/\/www.ced.org.tr\/index.php?rest_route=%2Fwp%2Fv2%2Fcomments&post=3019"}],"version-history":[{"count":0,"href":"http:\/\/www.ced.org.tr\/index.php?rest_route=\/wp\/v2\/posts\/3019\/revisions"}],"wp:attachment":[{"href":"http:\/\/www.ced.org.tr\/index.php?rest_route=%2Fwp%2Fv2%2Fmedia&parent=3019"}],"wp:term":[{"taxonomy":"category","embeddable":true,"href":"http:\/\/www.ced.org.tr\/index.php?rest_route=%2Fwp%2Fv2%2Fcategories&post=3019"},{"taxonomy":"post_tag","embeddable":true,"href":"http:\/\/www.ced.org.tr\/index.php?rest_route=%2Fwp%2Fv2%2Ftags&post=3019"}],"curies":[{"name":"wp","href":"https:\/\/api.w.org\/{rel}","templated":true}]}}