{"id":3023,"date":"2013-02-07T13:05:12","date_gmt":"2013-02-07T11:05:12","guid":{"rendered":"http:\/\/www.ced.org.tr\/?p=3023"},"modified":"2013-02-07T13:05:12","modified_gmt":"2013-02-07T11:05:12","slug":"ab-arilari-kurtarmak-icin-harekete-gecti-bocek-ilaclarini-iki-yil-sureyle-yasaklayin","status":"publish","type":"post","link":"http:\/\/www.ced.org.tr\/?p=3023","title":{"rendered":"AB, ar\u0131lar\u0131 kurtarmak i\u00e7in harekete ge\u00e7ti: &#8216;B\u00f6cek ila\u00e7lar\u0131n\u0131 iki y\u0131l s\u00fcreyle yasaklay\u0131n&#8217;"},"content":{"rendered":"<p><span style=\"color: #222222; font-family: arial, sans-serif; font-size: 12.800000190734863px;\">01.02.2013<\/span><\/p>\n<p><span style=\"color: #222222; font-family: arial, sans-serif; font-size: 12.800000190734863px;\"> <\/span><span style=\"color: #222222; font-family: arial, sans-serif; font-size: 12.800000190734863px;\">Avrupa Komisyonu, ar\u0131 kolonilerinde ya\u015fanabilecek bir \u00e7\u00f6k\u00fc\u015f\u00fcn \u00f6n\u00fcne ge\u00e7mek i\u00e7in, \u00fcye \u00fclkelerden ar\u0131lara zarar verdi\u011fine y\u00f6nelik bulgular ortaya \u00e7\u0131kan \u00fc\u00e7 pestisitin kullan\u0131m\u0131na iki y\u0131l s\u00fcreyle yasak getirmesini istedi.<\/p>\n<p><\/span><\/p>\n<div style=\"color: #222222; font-family: arial, sans-serif; font-size: 12.800000190734863px;\">\n<div>\n<div><a href=\"http:\/\/www.euractiv.com.tr\/gida-ve-saglik\/article\/yazici-sayfasi\/article\/ab-arilari-kurtarmak-icin-harekete-gecti-bocek-ilaclarini-iki-yil-sureyle-yasaklayin-027019\" target=\"_blank\" style=\"color: #1155cc;\"><\/a><\/div>\n<div>AB, Avrupa&#8217;da azalan bal ar\u0131s\u0131 kolonileri i\u00e7in bir kurtarma plan\u0131 ba\u015flatt\u0131. Avrupa G\u0131da G\u00fcvenli\u011fi Otoritesi&#8217;nin (EFSA), polen ta\u015f\u0131yan b\u00f6ceklere &#8216;y\u00fcksek akut riskler&#8217; olu\u015fturdu\u011fu y\u00f6n\u00fcnde g\u00f6r\u00fc\u015f bildirdi\u011fi, yayg\u0131n \u015fekilde kullan\u0131lan \u00fc\u00e7 pestisitin 24 ay s\u00fcreyle yasaklanmas\u0131n\u0131 \u00f6nerdi.<\/div>\n<\/div>\n<div>\n<p>Avrupa Komisyonu&#8217;nun sa\u011fl\u0131ktan sorumlu \u00fcyesi Tonio Borg&#8217;un s\u00f6zc\u00fcs\u00fc Frederic Vincent, d\u00fczenledi\u011fi bas\u0131n toplant\u0131s\u0131nda &#8216;\u00dcye \u00fclkelerden \u00fc\u00e7 pestisitin tohumlar ve ar\u0131lar\u0131 \u00e7eken \u00fc\u00e7 \u00fcr\u00fcn, ay\u00e7i\u00e7e\u011fi, m\u0131s\u0131r, kanola ve pamuk \u00fczerinde kullanmamas\u0131n\u0131 istiyoruz&#8217; dedi.<\/p>\n<p>Yasak talebine konu olan maddeler klotianidin, imidakloprid ve tiyametoksam.<\/p>\n<p>Vincent, G\u0131da Zinciri ve Hayvan Sa\u011fl\u0131\u011f\u0131 Daimi Komitesi&#8217;nin konuyla ilgili karar\u0131n\u0131 25 \u015eubat&#8217;ta verece\u011fini s\u00f6yledi. Daha sonra konu AB d\u00fczeyinde yasal d\u00fczleme ta\u015f\u0131nabilecek. Ancak Almanya, \u0130ngiltere ve \u0130spanya gibi baz\u0131 \u00fclkelerden Komisyon&#8217;un planlar\u0131na y\u00f6nelik itirazlar oldu\u011fu belirtiliyor.<\/p>\n<p>Komisyon, yasa\u011f\u0131n Temmuz ay\u0131nda y\u00fcr\u00fcrl\u00fc\u011fe girmesini istiyor. Fransa, Almanya, Slovenya ve Hollanda&#8217;da pestisit kullan\u0131m\u0131na baz\u0131 k\u0131s\u0131tlamalar getirilmi\u015f durumda.<\/p>\n<p>\u00a0<\/p>\n<p><a href=\"http:\/\/www.euractiv.com.tr\/gida-ve-saglik\/article\/ab-arilari-kurtarmak-icin-harekete-gecti-bocek-ilaclarini-iki-yil-sureyle-yasaklayin-027019\" target=\"_blank\" style=\"color: #1155cc;\">http:\/\/www.euractiv.com.tr\/gida-ve-saglik\/article\/ab-arilari-kurtarmak-icin-harekete-gecti-bocek-ilaclarini-iki-yil-sureyle-yasaklayin-027019<\/a><\/p>\n<\/div>\n<\/div>\n<p>\u00a0<\/p>\n","protected":false},"excerpt":{"rendered":"<p>01.02.2013 Avrupa Komisyonu, ar\u0131 kolonilerinde ya\u015fanabilecek bir \u00e7\u00f6k\u00fc\u015f\u00fcn \u00f6n\u00fcne ge\u00e7mek i\u00e7in, \u00fcye \u00fclkelerden ar\u0131lara zarar verdi\u011fine y\u00f6nelik bulgular ortaya \u00e7\u0131kan&#46;&#46;&#46;<\/p>\n","protected":false},"author":1,"featured_media":0,"comment_status":"closed","ping_status":"closed","sticky":false,"template":"","format":"standard","meta":{"_jetpack_memberships_contains_paid_content":false,"footnotes":""},"categories":[62],"tags":[],"class_list":["post-3023","post","type-post","status-publish","format-standard","hentry","category-sagliktan-haberler"],"aioseo_notices":[],"jetpack_featured_media_url":"","jetpack_sharing_enabled":true,"jetpack-related-posts":[],"_links":{"self":[{"href":"http:\/\/www.ced.org.tr\/index.php?rest_route=\/wp\/v2\/posts\/3023","targetHints":{"allow":["GET"]}}],"collection":[{"href":"http:\/\/www.ced.org.tr\/index.php?rest_route=\/wp\/v2\/posts"}],"about":[{"href":"http:\/\/www.ced.org.tr\/index.php?rest_route=\/wp\/v2\/types\/post"}],"author":[{"embeddable":true,"href":"http:\/\/www.ced.org.tr\/index.php?rest_route=\/wp\/v2\/users\/1"}],"replies":[{"embeddable":true,"href":"http:\/\/www.ced.org.tr\/index.php?rest_route=%2Fwp%2Fv2%2Fcomments&post=3023"}],"version-history":[{"count":0,"href":"http:\/\/www.ced.org.tr\/index.php?rest_route=\/wp\/v2\/posts\/3023\/revisions"}],"wp:attachment":[{"href":"http:\/\/www.ced.org.tr\/index.php?rest_route=%2Fwp%2Fv2%2Fmedia&parent=3023"}],"wp:term":[{"taxonomy":"category","embeddable":true,"href":"http:\/\/www.ced.org.tr\/index.php?rest_route=%2Fwp%2Fv2%2Fcategories&post=3023"},{"taxonomy":"post_tag","embeddable":true,"href":"http:\/\/www.ced.org.tr\/index.php?rest_route=%2Fwp%2Fv2%2Ftags&post=3023"}],"curies":[{"name":"wp","href":"https:\/\/api.w.org\/{rel}","templated":true}]}}