{"id":3025,"date":"2013-02-08T14:09:53","date_gmt":"2013-02-08T12:09:53","guid":{"rendered":"http:\/\/www.ced.org.tr\/?p=3025"},"modified":"2013-02-08T14:09:53","modified_gmt":"2013-02-08T12:09:53","slug":"saglikta-katki-payi-cocuklari-yere-dusurdu","status":"publish","type":"post","link":"http:\/\/www.ced.org.tr\/?p=3025","title":{"rendered":"Sa\u011fl\u0131kta &#8216;katk\u0131 pay\u0131&#8217; \u00e7ocuklar\u0131 yere d\u00fc\u015f\u00fcrd\u00fc!"},"content":{"rendered":"<p><strong style=\"font-size: 10px;\">Ba\u015fkentteki Ankara E\u011fitim ve Ara\u015ft\u0131rma Hastanesi&#8217;nde katk\u0131 pay\u0131 \u00f6demek istemeyen ailelerin acil servise ba\u015fvurmas\u0131 nedeniyle ya\u015fanan yo\u011funluk skandal boyutlar\u0131na geldi.<\/strong><\/p>\n<h1 style=\"color: #222222; font-family: arial, sans-serif;\"><span style=\"font-weight: normal;\"><span style=\"font-size: 12.800000190734863px;\">08\/02\/2013<\/span><span style=\"font-size: 12.800000190734863px;\"> <\/span><span style=\"font-size: 12.800000190734863px;\"><a href=\"http:\/\/www.radikal.com.tr\/\" target=\"_blank\" style=\"color: #1155cc;\">Radikal<\/a> .<a href=\"http:\/\/com.tr\/\" target=\"_blank\" style=\"color: #1155cc;\">com.tr <\/p>\n<p><\/a><\/span><\/span><\/h1>\n<div style=\"color: #222222; font-family: arial, sans-serif; font-size: 12.800000190734863px;\">\n<div>\n<form action=\"http:\/\/www.radikal.com.tr\/Handler.aspx\" method=\"post\">\n<p>Ankara E\u011fitim ve Ara\u015ft\u0131rma Hastanesi \u00e7ocuk acil servisinde ayn\u0131 yatakta birden fazla \u00e7ocuk yat\u0131yor, onu da bulamayanlar i\u00e7in yerlere yataklar yap\u0131l\u0131yor.<br \/>Evrensel gazetesinden Hilal Ya\u011f\u0131z ve G\u00f6khan Uysal&#8217;\u0131n haberine g\u00f6re, hastanenin \u00e7ocuk acil b\u00f6l\u00fcm\u00fcnde 2, 3, hatta 5 \u00e7ocuk yataklarda birlikte yat\u0131r\u0131l\u0131yor. 5 g\u00fcnd\u00fcr acilde tutulan ve iyile\u015fmeyen bebekler var. Hen\u00fcz 1-2 ya\u015f\u0131ndaki bebekler, yerlere kurulan yataklarda tedavi g\u00f6r\u00fcyor.\u00a0<br \/>Refakat\u00e7i annelerden Demet Demirba\u015f ya\u015fad\u0131klar\u0131n\u0131 \u015f\u00f6yle anlat\u0131yor: \u201cBir hafta \u00f6nce \u00e7ocu\u011fumu bir t\u0131p fak\u00fcltesi hastanesine g\u00f6t\u00fcrd\u00fcm. Oras\u0131 tam bir rezillik, ne bir ilgi var ne bir hizmet. \u0130drar istiyorlar, 200 metre uzakl\u0131ktaki laboratuvara defalarca g\u00f6t\u00fcr\u00fcp getiriyorsun. \u0130lk kez \u00e7ocu\u011fumu bu hastaneye getirdim, doktorlar ilgileniyor, hem\u015fireler de, onlar hakk\u0131nda bir s\u0131k\u0131nt\u0131 yok fakat temizlik bak\u0131m\u0131ndan durum \u00e7ok fena. Bir yatakta \u00fc\u00e7 \u00e7ocuk yat\u0131yor, \u00e7ocuklar daha da hasta oluyor. Tam bir enfeksiyon ortam\u0131. Temizlik yapsalar da yetersiz. Devletin bu kadar duyars\u0131z kalaca\u011f\u0131n\u0131 hi\u00e7 d\u00fc\u015f\u00fcnm\u00fcyordum. Toplad\u0131klar\u0131 o kadar para, verdi\u011fimiz vergiler nereye gidiyor hi\u00e7 bilmiyoruz.\u201d\u00a0<\/p>\n<p><strong>&#8216;\u00c7OCU\u011eUMUN YATA\u011eININ ALTINDA B\u0130R \u00c7OCUK YATIYOR&#8217;<\/strong><\/p>\n<p>Anne Cansu Do\u011fan\u2019\u0131n anlatt\u0131klar\u0131 da farkl\u0131 de\u011fil: \u201cBen \u00e7ocu\u011fumu pazar g\u00fcn\u00fc getirdim, havale ge\u00e7irmi\u015f. \u0130lk ba\u015fta ilgilendiler \u015fimdi hastal\u0131\u011f\u0131n sebebini bulam\u0131yorlar. Belinden su almak istediler ben izin vermedim. \u2018Menenjit ge\u00e7irmi\u015f olabilir\u2019 diyorlar. Beyin b\u00f6l\u00fcm\u00fcne g\u00f6nderdiler, beyninde hi\u00e7bir sorun \u00e7\u0131kmad\u0131. Hala \u2018kan\u0131nda m\u0131 iltihap var, kula\u011f\u0131nda m\u0131 iltihap var\u2019 bulamad\u0131lar. Benim \u00e7ocu\u011fum yatakta tek yat\u0131yor ama alt\u0131m\u0131zda bir \u00e7ocuk, sa\u011f\u0131m\u0131zda solumuzda bir \u00e7ocuk. Dip dibe, yerler de pislik i\u00e7inde, \u00e7ocuklar\u0131 tedavi etmeye \u00e7al\u0131\u015f\u0131yorlar.\u201d\u00a0<br \/>Duruma ili\u015fkin g\u00f6r\u00fc\u015flerine ba\u015fvurulan hastane Y\u00f6neticisi Prof. Dr. Osman G\u00fcler\u2019in sekreterli\u011finden ise &#8216;hastanede oldu\u011fun fakat g\u00f6r\u00fc\u015fmeye uygun olmad\u0131\u011f\u0131&#8217; yan\u0131t\u0131 al\u0131nd\u0131.\u00a0<\/p>\n<p><strong>ATO: \u00c7OK TEHL\u0130KEL\u0130<\/strong><\/p>\n<p>Ankara Tabip Odas\u0131 (ATO) Ba\u015fkan\u0131 \u00d6zden \u015eener de acil servislerin yo\u011funlu\u011funun nedeninin vatanda\u015ftan al\u0131nan katk\u0131 paylar\u0131 oldu\u011funu s\u00f6yledi. Vatanda\u015f\u0131n \u00e7ocu\u011fun s\u00fct paras\u0131ndan kesip katk\u0131 pay\u0131na yat\u0131rmamak i\u00e7in acilleri se\u00e7ti\u011fini ifade eden \u015eener, \u201cBuralar \u00e7ocuk hastalar i\u00e7in ayr\u0131ca problem. \u00c7ocuklar her t\u00fcr enfeksiyona a\u00e7\u0131k. Onlar i\u00e7in buralar \u00e7ok tehlikeli\u201d dedi. Doktorlara, acillerde g\u00fcnde 100 hastaya bakma g\u00f6revi verildi\u011fine dikkat \u00e7eken \u015eener, bunlar aras\u0131nda \u00f6l\u00fcmc\u00fcl hastalar\u0131n da oldu\u011funu belirtti. \u015eener, bir doktorun en fazla 15 ya da 20 hastaya bakmas\u0131 gerekti\u011fini, bunun hem doktorlar hem de hastalar a\u00e7\u0131s\u0131ndan insani bir \u015fart oldu\u011funu s\u00f6yledi.\u00a0<\/p>\n<p><strong>SES: PARALARI OLMADI\u011eI \u0130\u00c7\u0130N TERC\u0130H ED\u0130YORLAR <\/strong><\/p>\n<p>SES Ankara \u015eube \u00d6rg\u00fctlenme Sekreteri Fatih Toks\u00f6z de, \u00e7ocuklar\u0131n acil serviste ya\u015fad\u0131\u011f\u0131 s\u0131k\u0131nt\u0131y\u0131, sa\u011fl\u0131k \u00e7al\u0131\u015fanlar\u0131n\u0131n da fazlas\u0131yla ya\u015fad\u0131\u011f\u0131n\u0131 s\u00f6yledi. Buradaki sa\u011fl\u0131k emek\u00e7ilerinin haftada 56 saatten fazla \u00e7al\u0131\u015ft\u0131klar\u0131n\u0131 belirten Toks\u00f6z, \u201cSa\u011fl\u0131kta \u015fimdiye kadar yap\u0131lan sadece, performans sistemi eklenmesi oldu. \u00c7ocuklar bu performansla iyile\u015femeden gidiyorlar. 5 g\u00fcnd\u00fcr acilde bulunan bir hasta \u00e7ocuk olabilir mi sizce? \u0130nsanlar acili paralar\u0131 olmad\u0131\u011f\u0131 i\u00e7in tercih ediyorlar ama yine para \u00f6demek zorunda kal\u0131yorlar ve iyile\u015femiyorlar. Yani acil servis de \u00e7\u00f6z\u00fcm olmuyor. Piyasa mant\u0131\u011f\u0131 ile hastane y\u00f6netilirse b\u00f6yle olur\u201d dedi.<\/p>\n<\/form>\n<\/div>\n<div>\n<p><span style=\"color: #ff0000;\"><strong>\u015eANLIURFA \u00c7OCUK HASTANES\u0130&#8217;NDE &#8216;EVDEN GELEN BE\u015e\u0130K&#8217; S\u0130STEM\u0130!<\/strong><\/span><\/p>\n<p>Cumhuriyet gazetesinin haberine g\u00f6re, \u015eanl\u0131urfa\u2019da 325 yatakl\u0131 \u00c7ocuk Hastanesi\u2019ne y\u00fczlerce hastan\u0131n ba\u015fvurmas\u0131 \u00fczerine yataklarda 2- 3 \u00e7ocuk yat\u0131r\u0131lmaya ba\u015fland\u0131. Refakat\u00e7ilerle birlikte odalarda ad\u0131m atman\u0131n zor oldu\u011fu hastanede hijyen sorunu ya\u015fan\u0131yor. Yatan hasta say\u0131s\u0131n\u0131n s\u00fcrekli artmas\u0131ndan dolay\u0131 baz\u0131 aileler bebeklerini evlerinden getirdikleri be\u015fikte uyutarak tedavi ettirmeye \u00e7al\u0131\u015f\u0131yor. \u00c7ocuklar\u0131n\u0131n yan\u0131nda kalan refakat\u00e7i anneleri ise geceleri sandalyede n\u00f6betle\u015fe uyuyor. Diyarbak\u0131r \u2019da ise 3 y\u0131l \u00f6nce hizmete giren E\u011fitim ve Ara\u015ft\u0131rma Hastanesi\u2019nde de sorunlar bitmiyor. TOK\u0130 taraf\u0131ndan yap\u0131lan binan\u0131n zemin ve bodrum katlar\u0131n\u0131 her ya\u011f\u0131\u015fta su bas\u0131yor. 21 asans\u00f6r\u00fcn b\u00fcy\u00fck b\u00f6l\u00fcm\u00fc aylard\u0131r servis d\u0131\u015f\u0131. Hastane y\u00f6netimi tespit davas\u0131 a\u00e7t\u0131, konu bakanl\u0131\u011fa iletildi. Ancak aylard\u0131r \u00e7\u00f6z\u00fcm bulunamad\u0131<\/p>\n<\/div>\n<\/div>\n<p>\u00a0<\/p>\n","protected":false},"excerpt":{"rendered":"<p>Ba\u015fkentteki Ankara E\u011fitim ve Ara\u015ft\u0131rma Hastanesi&#8217;nde katk\u0131 pay\u0131 \u00f6demek istemeyen ailelerin acil servise ba\u015fvurmas\u0131 nedeniyle ya\u015fanan yo\u011funluk skandal boyutlar\u0131na geldi.&#46;&#46;&#46;<\/p>\n","protected":false},"author":1,"featured_media":0,"comment_status":"closed","ping_status":"closed","sticky":false,"template":"","format":"standard","meta":{"_jetpack_memberships_contains_paid_content":false,"footnotes":""},"categories":[62],"tags":[],"class_list":["post-3025","post","type-post","status-publish","format-standard","hentry","category-sagliktan-haberler"],"aioseo_notices":[],"jetpack_featured_media_url":"","jetpack_sharing_enabled":true,"jetpack-related-posts":[],"_links":{"self":[{"href":"http:\/\/www.ced.org.tr\/index.php?rest_route=\/wp\/v2\/posts\/3025","targetHints":{"allow":["GET"]}}],"collection":[{"href":"http:\/\/www.ced.org.tr\/index.php?rest_route=\/wp\/v2\/posts"}],"about":[{"href":"http:\/\/www.ced.org.tr\/index.php?rest_route=\/wp\/v2\/types\/post"}],"author":[{"embeddable":true,"href":"http:\/\/www.ced.org.tr\/index.php?rest_route=\/wp\/v2\/users\/1"}],"replies":[{"embeddable":true,"href":"http:\/\/www.ced.org.tr\/index.php?rest_route=%2Fwp%2Fv2%2Fcomments&post=3025"}],"version-history":[{"count":0,"href":"http:\/\/www.ced.org.tr\/index.php?rest_route=\/wp\/v2\/posts\/3025\/revisions"}],"wp:attachment":[{"href":"http:\/\/www.ced.org.tr\/index.php?rest_route=%2Fwp%2Fv2%2Fmedia&parent=3025"}],"wp:term":[{"taxonomy":"category","embeddable":true,"href":"http:\/\/www.ced.org.tr\/index.php?rest_route=%2Fwp%2Fv2%2Fcategories&post=3025"},{"taxonomy":"post_tag","embeddable":true,"href":"http:\/\/www.ced.org.tr\/index.php?rest_route=%2Fwp%2Fv2%2Ftags&post=3025"}],"curies":[{"name":"wp","href":"https:\/\/api.w.org\/{rel}","templated":true}]}}