{"id":3026,"date":"2013-02-13T19:38:57","date_gmt":"2013-02-13T17:38:57","guid":{"rendered":"http:\/\/www.ced.org.tr\/?p=3026"},"modified":"2013-02-13T19:38:57","modified_gmt":"2013-02-13T17:38:57","slug":"yeni-saglik-bakani-mehmet-meuzzinoglunun-ilk-adimi-saglik-serbest-bolgesi-oluyor","status":"publish","type":"post","link":"http:\/\/www.ced.org.tr\/?p=3026","title":{"rendered":"Yeni Sa\u011fl\u0131k Bakan\u0131 Mehmet Me\u00fczzino\u011flu&#8217;nun ilk ad\u0131m\u0131 &#8216;Sa\u011fl\u0131k Serbest B\u00f6lgesi&#8217; oluyor"},"content":{"rendered":"<p><p>Yeni Sa\u011fl\u0131k Bakan\u0131 Mehmet M\u00fcezzino\u011flu\u2019nun ilk icraat\u0131 uzun s\u00fcredir beklenen \u2018Sa\u011fl\u0131k Serbest B\u00f6lgesi\u2019 oluyor.<\/p>\n<p>Haz\u0131rlanan y\u00f6netmelik tasla\u011f\u0131na g\u00f6re \u00f6zellikle uluslararas\u0131 hastalara y\u00f6nelik olacak bu b\u00f6lgeden T\u00fcrk vatanda\u015flar\u0131 en fazla y\u00fczde 15 oran\u0131nda yararlanabilecek, SGK ge\u00e7erli olmayacak ve doktorlar\u0131n yar\u0131dan fazlas\u0131 yabanc\u0131 olacak.<\/p>\n<p>H\u00fcrriyet 13.02.2013 Zeynep G\u00dcRCANLI\/ANKARA<\/p>\n<p>http:\/\/fotoanaliz.hurriyet.com.tr\/galeridetay.aspx?cid=65900&#038;rid=4369&#038;p=1&#038;hid=22583499<\/p>\n<p>SA\u011eLIK Bakan\u0131 Mehmet M\u00fcezzino\u011flu g\u00f6reve ba\u015flad\u0131ktan sonra, ilk somut ad\u0131m\u0131 uzun s\u00fcredir beklenen Sa\u011fl\u0131k Serbest B\u00f6lgesi konusunda atacak.<\/p>\n<p>Sa\u011fl\u0131k Bakanl\u0131\u011f\u0131\u2019n\u0131n haz\u0131rlad\u0131\u011f\u0131 Sa\u011fl\u0131k Serbest B\u00f6lgesi Y\u00f6netmelik tasla\u011f\u0131, T\u00fcrkiye\u2019de kurulacak Sa\u011fl\u0131k Serbest B\u00f6lgelerinin nas\u0131l i\u015fleyece\u011fini belirliyor.<\/p>\n<p>Buna g\u00f6re, Sa\u011fl\u0131k Serbest B\u00f6lgelerinin nereye kurulaca\u011f\u0131na Bakanlar Kurulu karar verecek.<\/p>\n<p>ULUSLARARASI HASTALARA \u00d6ZEL<\/p>\n<p>Taslakta b\u00f6lgenin tan\u0131m\u0131, \u015f\u00f6yle yap\u0131l\u0131yor: \u201cBakanlar Kurulu karar\u0131 ile ilan edilen ve yeri belirlenen, \u00f6zellikle uluslararas\u0131 hastalara y\u00f6nelik, te\u015fhis, tedavi, rehabilitasyon ama\u00e7l\u0131 her t\u00fcrl\u00fc sa\u011fl\u0131k hizmetlerinin sunulabilece\u011fi ve\/veya sa\u011fl\u0131k e\u011fitiminin, sa\u011fl\u0131k ara\u015ft\u0131rmalar\u0131n\u0131n yap\u0131laca\u011f\u0131 ve sa\u011fl\u0131kla ilgili teknokent ve AR-GE faaliyetlerinin yap\u0131labildi\u011fi yerdir.\u201d<\/p>\n<p>MEVCUTLAR DA G\u0130REB\u0130L\u0130R<\/p>\n<p>Tasla\u011fa g\u00f6re, b\u00f6lgenin kurucusu ya da i\u015fleticisi, yerli veya yabanc\u0131 bir \u015firket ya da kamu kurulu\u015fu da olabilecek. Mevcut hastaneler de \u201cserbest sa\u011fl\u0131k b\u00f6lgesi\u201d ilan edilebilecek.<\/p>\n<p>Y\u00f6netmelik tasla\u011f\u0131nda \u00f6ne \u00e7\u0131kan unsurlardan biri de halen T\u00fcrkiye\u2019nin herhangi bir yerinde kurulu durumdaki bir sa\u011fl\u0131k tesisinin de Bakanlar Kurulu karar\u0131yla \u201csa\u011fl\u0131k serbest b\u00f6lgesi\u201d ilan edilebilmesinin \u00f6n\u00fcn\u00fc a\u00e7mas\u0131. Taslakta bu konuda \u015fu ifade yer al\u0131yor<\/p>\n<p>\u201cSa\u011fl\u0131k Sa\u011fl\u0131k B\u00f6lgeleri yeni bir alanda kurulabilece\u011fi gibi, \u00f6nceden (Sa\u011fl\u0131k) Bakanl\u0131\u011f\u0131n planlama kapsam\u0131nda kurulmu\u015f \u00f6zel hastaneleri i\u00e7inde bulundurdu\u011fu b\u00f6lgelerde de, ilgili kanun ve mevzuat \u00e7er\u00e7evesinde kurulabilir. Ancak bu durumda mevcut hastane bu y\u00f6netmelik kapsam\u0131nda de\u011ferlendirilip, y\u00f6netmelikteki personel, yabanc\u0131 hekim, yabanc\u0131 hasta oranlar\u0131 ve benzeri t\u00fcm \u015fartlar\u0131 yerine getirmek zorundad\u0131r.<\/p>\n<p>Doktorlar\u0131n yar\u0131s\u0131 yabanc\u0131 olacak<\/p>\n<p>Taslakta \u00f6ne \u00e7\u0131kan d\u00fczenlemeler \u015f\u00f6yle:<\/p>\n<p>*Sa\u011fl\u0131k Serbest B\u00f6lgesinde kurulacak sa\u011fl\u0131k kurulu\u015flar\u0131ndan T\u00fcrk vatanda\u015flar\u0131 en fazla y\u00fczde 15 oran\u0131nda yararlanabilecek<\/p>\n<p>*Sa\u011fl\u0131k Serbest b\u00f6lgelerinde T\u00fcrk vatanda\u015flar\u0131n\u0131n tedavilerinde SGK ge\u00e7erli olmayacak<\/p>\n<p>Ancak SGK\u2019n\u0131n yurtd\u0131\u015f\u0131nda tedavisine olur verdi\u011fi hasta, Sa\u011fl\u0131k Serbest B\u00f6lgesinde tedavi g\u00f6r\u00fcrse, masraf SGK kapsam\u0131nda kar\u015f\u0131lanacak.<\/p>\n<p>Sa\u011fl\u0131k \u00e7al\u0131\u015fanlar\u0131n\u0131n en az y\u00fczde 50\u2019si yabanc\u0131 uyruklu olacak.<\/p>\n<p>T\u00fcrk\u00e7e bilme zorunlulu\u011fu bulunmayacak.<\/p>\n<p>Acil servis hizmeti, Sa\u011fl\u0131k Serbest B\u00f6lgesinde bulunan ve \u00e7al\u0131\u015fanlar d\u0131\u015f\u0131nda verilmeyecek<\/p>\n<p>Yurtd\u0131\u015f\u0131ndan her seferinde bir ay\u0131 ge\u00e7meyecek \u015fekilde kons\u00fcltan hekim getirilebilecek.<\/p>\n<p>Kons\u00fcltan hekim i\u00e7in ikamet ya da \u00e7al\u0131\u015fma izni aranmayacak.<\/p>\n<p>Kons\u00fcltan hekimin sadece bir kez kayda ge\u00e7irilmesi yeterli olacak.<\/p>\n<p>Daha sonraki geli\u015flerinde yeniden kaydolmas\u0131 gerekmeyecek.<\/p>\n<p>Sa\u011fl\u0131k Serbest b\u00f6lgesindeki sa\u011fl\u0131k kurulu\u015flar\u0131, uygulad\u0131\u011f\u0131 her t\u00fcrl\u00fc sa\u011fl\u0131k hizmetini kay\u0131t alt\u0131na almak zorunda olacak.<\/p>\n<p>*Sa\u011fl\u0131k Serbest b\u00f6lgesinde kadrolu \u00e7al\u0131\u015fan t\u00fcm hekimlere \u201cmali sorumluluk sigortas\u0131\u201d yapt\u0131r\u0131lacak<\/p>\n<div><\/div><\/p>\n","protected":false},"excerpt":{"rendered":"<p>Yeni Sa\u011fl\u0131k Bakan\u0131 Mehmet M\u00fcezzino\u011flu\u2019nun ilk icraat\u0131 uzun s\u00fcredir beklenen \u2018Sa\u011fl\u0131k Serbest B\u00f6lgesi\u2019 oluyor. Haz\u0131rlanan y\u00f6netmelik tasla\u011f\u0131na g\u00f6re \u00f6zellikle uluslararas\u0131&#46;&#46;&#46;<\/p>\n","protected":false},"author":1,"featured_media":0,"comment_status":"closed","ping_status":"closed","sticky":false,"template":"","format":"standard","meta":{"_jetpack_memberships_contains_paid_content":false,"footnotes":""},"categories":[62],"tags":[],"class_list":["post-3026","post","type-post","status-publish","format-standard","hentry","category-sagliktan-haberler"],"aioseo_notices":[],"jetpack_featured_media_url":"","jetpack_sharing_enabled":true,"jetpack-related-posts":[],"_links":{"self":[{"href":"http:\/\/www.ced.org.tr\/index.php?rest_route=\/wp\/v2\/posts\/3026","targetHints":{"allow":["GET"]}}],"collection":[{"href":"http:\/\/www.ced.org.tr\/index.php?rest_route=\/wp\/v2\/posts"}],"about":[{"href":"http:\/\/www.ced.org.tr\/index.php?rest_route=\/wp\/v2\/types\/post"}],"author":[{"embeddable":true,"href":"http:\/\/www.ced.org.tr\/index.php?rest_route=\/wp\/v2\/users\/1"}],"replies":[{"embeddable":true,"href":"http:\/\/www.ced.org.tr\/index.php?rest_route=%2Fwp%2Fv2%2Fcomments&post=3026"}],"version-history":[{"count":0,"href":"http:\/\/www.ced.org.tr\/index.php?rest_route=\/wp\/v2\/posts\/3026\/revisions"}],"wp:attachment":[{"href":"http:\/\/www.ced.org.tr\/index.php?rest_route=%2Fwp%2Fv2%2Fmedia&parent=3026"}],"wp:term":[{"taxonomy":"category","embeddable":true,"href":"http:\/\/www.ced.org.tr\/index.php?rest_route=%2Fwp%2Fv2%2Fcategories&post=3026"},{"taxonomy":"post_tag","embeddable":true,"href":"http:\/\/www.ced.org.tr\/index.php?rest_route=%2Fwp%2Fv2%2Ftags&post=3026"}],"curies":[{"name":"wp","href":"https:\/\/api.w.org\/{rel}","templated":true}]}}