{"id":3028,"date":"2013-02-14T19:16:12","date_gmt":"2013-02-14T17:16:12","guid":{"rendered":"http:\/\/www.ced.org.tr\/?p=3028"},"modified":"2013-02-14T19:16:12","modified_gmt":"2013-02-14T17:16:12","slug":"kotu-kolesterol-kocaman-bir-yalan-mi","status":"publish","type":"post","link":"http:\/\/www.ced.org.tr\/?p=3028","title":{"rendered":"K\u00f6t\u00fc kolesterol kocaman bir yalan m\u0131?"},"content":{"rendered":"<p>D\u00fcnyaca \u00fcnl\u00fc kolesterol uzman\u0131 Philippe Even, &#8220;k\u00f6t\u00fc kolesterol&#8221;\u00fcn ila\u00e7 end\u00fcstrisinin \u00fcretti\u011fi bir yalan oldu\u011funu iddia etti. \u0130la\u00e7 \u015firketlerinin son 15 y\u0131lda &#8220;kolesterol yalan&#8221;\u0131 ile 300 milyar dolar kazand\u0131\u011f\u0131 belirtildi.<\/p>\n<p>Radikal<\/p>\n<p>14.02.2013<\/p>\n<div style=\"color: #222222; font-family: arial, sans-serif; font-size: 12.666666984558105px;\">\n<p><a href=\"http:\/\/www.radikal.com.tr\/Radikal.aspx?aType=RadikalDetayV3&amp;ArticleID=1121357&amp;CategoryID=118\" target=\"_blank\" style=\"color: #1155cc;\">http:\/\/www.radikal.com.tr\/Radikal.aspx?aType=RadikalDetayV3&amp;ArticleID=1121357&amp;CategoryID=118<\/a><\/p>\n<\/div>\n<div style=\"color: #222222; font-family: arial, sans-serif; font-size: 12.666666984558105px;\">\n<form action=\"http:\/\/www.radikal.com.tr\/Handler.aspx\" method=\"post\"> Ntvmsnbc&#8217;den Kayhan Karaca&#8217;n\u0131n haberine gj\u00f6re &#8220;Kolesterol san\u0131ld\u0131\u011f\u0131 gibi \u00f6ld\u00fcr\u00fcc\u00fc de\u011fil, damarlar\u0131 t\u0131kam\u0131yor&#8221;, &#8220;K\u00f6t\u00fc kolesterol ila\u00e7 end\u00fcstrisinin \u00fcretti\u011fi bir yalan.&#8221; Bu ifadeler Fransa ve d\u00fcnyan\u0131n en \u00fcnl\u00fc kolesterol uzmanlar\u0131ndan biri olarak g\u00f6sterilen Profes\u00f6r Philippe Even&#8217;e ait.\u00a0<\/p>\n<p>Even&#8217;in, 21 \u015eubat&#8217;ta Fransa&#8217;da piyasaya \u00e7\u0131kacak &#8220;Kolesterol Hakk\u0131nda Ger\u00e7ek&#8221; adl\u0131 kitab\u0131 daha \u015fimdiden b\u00fcy\u00fck tart\u0131\u015fma ve \u015fa\u015fk\u0131nl\u0131k yaratm\u0131\u015f durumda. Zira Even, kitab\u0131nda, kolesterol\u00fcn kesinlikle san\u0131ld\u0131\u011f\u0131 gibi insan sa\u011fl\u0131\u011f\u0131 i\u00e7in zararl\u0131 olmad\u0131\u011f\u0131n\u0131, damarlar\u0131 t\u0131kamad\u0131\u011f\u0131n\u0131, kal\u0131tsal ve a\u015f\u0131r\u0131 olanlar\u0131 d\u0131\u015f\u0131ndakilerin \u00f6l\u00fcme yol a\u00e7mad\u0131\u011f\u0131n\u0131 tam tersine v\u00fcc\u00fct i\u00e7in kesinlikle gerekli oldu\u011funu savunuyor.\u00a0<\/p>\n<p><strong>&#8216;K\u00d6T\u00dc KOLESTEROL&#8217; KAVRAMI YOK <\/strong><\/p>\n<p>Frans\u0131z profes\u00f6r k\u00f6t\u00fc kolesterol diye bir kavram\u0131n olmad\u0131\u011f\u0131n\u0131 da s\u00f6yl\u00fcyor. Profes\u00f6r Even&#8217;e g\u00f6re, k\u00f6t\u00fc kolesterol ila\u00e7 end\u00fcstrisinin yaratt\u0131\u011f\u0131 bir yalandan ba\u015fka bir \u015fey de\u011fil.\u00a0<\/p>\n<p>Profes\u00f6r Even kolesterol d\u00fc\u015f\u00fcr\u00fcc\u00fc olarak kullan\u0131lan ve statin olarak tan\u0131nan haplar\u0131n da v\u00fcc\u00fct i\u00e7in ya\u015famsal \u00f6neme sahip olan kolesterol \u00fcretimini engelledi\u011fini ve bu nedenle y\u00fcksek dozda al\u0131nmas\u0131 halinde b\u00fcnye i\u00e7in olumsuz sonu\u00e7lara yol a\u00e7aca\u011f\u0131n\u0131 belirtiyor.\u00a0<\/p>\n<p><strong>&#8216;\u0130LA\u00c7 \u015e\u0130RKETLER\u0130 \u0130\u00c7\u0130N \u00c7ALI\u015eIYORLAR&#8217;\u00a0<br \/><\/strong><br \/>Dev ila\u00e7 firmalar\u0131 ve laboratuarlar\u0131 kolesterol konusunda yalan s\u00f6ylemekle su\u00e7layan Profes\u00f6r Even, kolesterol d\u00fc\u015f\u00fcr\u00fcc\u00fc ila\u00e7lar sayesinde ila\u00e7 end\u00fcstrisinin son 15 y\u0131lda 300 milyar dolar kazand\u0131\u011f\u0131n\u0131 s\u00f6yl\u00fcyor. Frans\u0131z uzman, kolesterol\u00fcn zararlar\u0131 \u00fczerine bilimsel makalelere imza atan bilim insanlar\u0131n\u0131n da &#8220;ila\u00e7 end\u00fcstrisi hesab\u0131na \u00e7al\u0131\u015ft\u0131klar\u0131n\u0131&#8221; iddia ediyor.\u00a0<\/p>\n<p><strong>&#8216;BU ADAM YA \u00c7ILGIN YA DA&#8230;&#8217; <\/strong><\/p>\n<p>Profes\u00f6r Even&#8217;in ifadelerini bu haftaki say\u0131s\u0131nda kapa\u011f\u0131na ta\u015f\u0131yan Frans\u0131z Le Nouvel Observateur dergisi, konu hakk\u0131nda &#8220;Bu adam ya bir \u00e7\u0131lg\u0131n ya da t\u00fcm ila\u00e7 tarihinin en b\u00fcy\u00fck te\u015fhis hatas\u0131yla kar\u015f\u0131 kar\u015f\u0131yay\u0131z&#8221; yorumunda bulundu. Ge\u00e7mi\u015fte Fransa&#8217;n\u0131n en \u00fcnl\u00fc t\u0131p fak\u00fcltesi olarak bilinen Necker&#8217;de y\u0131llar boyu dekanl\u0131k yapm\u0131\u015f olan Profes\u00f6r Even, \u015fu anda Necker T\u0131p Enstit\u00fcs\u00fc&#8217;n\u00fc y\u00f6netiyor.\u00a0<\/p>\n<p>&#8216;KOLESTEROL \u015e\u00dcPHEC\u0130LER\u0130&#8217;\u00a0<\/p>\n<p>Kolesterol\u00fcn sa\u011fl\u0131\u011fa zararl\u0131 olmad\u0131\u011f\u0131 tezi sadece Profes\u00f6r Even&#8217;e taraf\u0131ndan de\u011fil d\u00fcnya genelinde ila\u00e7 end\u00fcstrisinden ba\u011f\u0131ms\u0131z \u00e7al\u0131\u015fan \u00e7ok say\u0131da bilim insan\u0131 taraf\u0131ndan savunuluyor. Bu bilim insanlar\u0131 2002 y\u0131l\u0131nda &#8220;Kolesterol \u015e\u00fcphecileri&#8221; (Thincs) ad\u0131 alt\u0131nda d\u00fcnya genelinde bir \u015febeke olu\u015fturmu\u015ftu.\u00a0 (Ntvmsnbc)<\/p><\/form>\n<\/div>\n","protected":false},"excerpt":{"rendered":"<p>D\u00fcnyaca \u00fcnl\u00fc kolesterol uzman\u0131 Philippe Even, &#8220;k\u00f6t\u00fc kolesterol&#8221;\u00fcn ila\u00e7 end\u00fcstrisinin \u00fcretti\u011fi bir yalan oldu\u011funu iddia etti. \u0130la\u00e7 \u015firketlerinin son 15&#46;&#46;&#46;<\/p>\n","protected":false},"author":1,"featured_media":0,"comment_status":"closed","ping_status":"closed","sticky":false,"template":"","format":"standard","meta":{"_jetpack_memberships_contains_paid_content":false,"footnotes":""},"categories":[62],"tags":[],"class_list":["post-3028","post","type-post","status-publish","format-standard","hentry","category-sagliktan-haberler"],"aioseo_notices":[],"jetpack_featured_media_url":"","jetpack_sharing_enabled":true,"jetpack-related-posts":[],"_links":{"self":[{"href":"http:\/\/www.ced.org.tr\/index.php?rest_route=\/wp\/v2\/posts\/3028","targetHints":{"allow":["GET"]}}],"collection":[{"href":"http:\/\/www.ced.org.tr\/index.php?rest_route=\/wp\/v2\/posts"}],"about":[{"href":"http:\/\/www.ced.org.tr\/index.php?rest_route=\/wp\/v2\/types\/post"}],"author":[{"embeddable":true,"href":"http:\/\/www.ced.org.tr\/index.php?rest_route=\/wp\/v2\/users\/1"}],"replies":[{"embeddable":true,"href":"http:\/\/www.ced.org.tr\/index.php?rest_route=%2Fwp%2Fv2%2Fcomments&post=3028"}],"version-history":[{"count":0,"href":"http:\/\/www.ced.org.tr\/index.php?rest_route=\/wp\/v2\/posts\/3028\/revisions"}],"wp:attachment":[{"href":"http:\/\/www.ced.org.tr\/index.php?rest_route=%2Fwp%2Fv2%2Fmedia&parent=3028"}],"wp:term":[{"taxonomy":"category","embeddable":true,"href":"http:\/\/www.ced.org.tr\/index.php?rest_route=%2Fwp%2Fv2%2Fcategories&post=3028"},{"taxonomy":"post_tag","embeddable":true,"href":"http:\/\/www.ced.org.tr\/index.php?rest_route=%2Fwp%2Fv2%2Ftags&post=3028"}],"curies":[{"name":"wp","href":"https:\/\/api.w.org\/{rel}","templated":true}]}}