{"id":3030,"date":"2013-02-14T19:24:02","date_gmt":"2013-02-14T17:24:02","guid":{"rendered":"http:\/\/www.ced.org.tr\/?p=3030"},"modified":"2013-02-14T19:24:02","modified_gmt":"2013-02-14T17:24:02","slug":"avrupa-parlementosu-hormonlari-etkileyen-kimyasallara-daha-kati-duzenlemeler-istiyor","status":"publish","type":"post","link":"http:\/\/www.ced.org.tr\/?p=3030","title":{"rendered":"Avrupa Parlementosu, hormonlar\u0131 etkileyen kimyasallara daha kat\u0131 d\u00fczenlemeler istiyor"},"content":{"rendered":"<p><span style=\"color: #222222; font-family: arial, sans-serif; font-size: 12.666666984558105px;\">Avrupa Parlamentosu Kamu Sa\u011fl\u0131\u011f\u0131 Komisyonu&#8217;nda kabul edilen bir kararnamede, AB&#8217;nin, insanlar\u0131n hormonlar \u00fczerinde etkisi bulundu\u011fundan \u015f\u00fcphelenilen endokrin b\u00f6l\u00fcc\u00fclere maruz kalmas\u0131n\u0131 azaltmak i\u00e7in harekete ge\u00e7mesi isteniyor. Parlamento komisyonuna g\u00f6re mevcut d\u00fczenlemeler, en ge\u00e7 Haziran 2015&#8217;e kadar g\u00fcncelleme ya da yeni yasa teklifinde bulunma do\u011frultusunda incelemeye tabi tutulmal\u0131.<\/span><\/p>\n<p>euractiv.com.tr<\/p>\n<p>25.01.2013<\/p>\n<p><h2 style=\"color: #222222; font-family: arial, sans-serif;\"><span><a href=\"http:\/\/www.euractiv.com.tr\/gida-ve-saglik\/article\/ap-hormonlari-etkileyen-kimyasallara-daha-kati-duzenlemeler-istiyor-026949\" target=\"_blank\" style=\"color: #1155cc;\">http:\/\/www.euractiv.com.tr\/gida-ve-saglik\/article\/ap-hormonlari-etkileyen-kimyasallara-daha-kati-duzenlemeler-istiyor-026949<\/a><\/span><\/h2>\n<p><span><\/p>\n<p style=\"color: #222222; font-family: arial, sans-serif; font-size: 12.666666984558105px;\">Avrupa Parlamentosu Kamu Sa\u011fl\u0131\u011f\u0131 Komisyonu&#8217;nda kabul edilen bir kararnamede, AB&#8217;nin, insanlar\u0131n hormonlar \u00fczerinde etkisi bulundu\u011fundan \u015f\u00fcphelenilen endokrin b\u00f6l\u00fcc\u00fclere maruz kalmas\u0131n\u0131 azaltmak i\u00e7in harekete ge\u00e7mesi isteniyor. Parlamento komisyonuna g\u00f6re mevcut d\u00fczenlemeler, en ge\u00e7 Haziran 2015&#8217;e kadar g\u00fcncelleme ya da yeni yasa teklifinde bulunma do\u011frultusunda incelemeye tabi tutulmal\u0131.<\/p>\n<p style=\"color: #222222; font-family: arial, sans-serif; font-size: 12.666666984558105px;\">\u00a0<\/p>\n<p style=\"color: #222222; font-family: arial, sans-serif; font-size: 12.666666984558105px;\">Endokrin b\u00f6l\u00fcc\u00fcler ile yak\u0131n zamanda art\u0131\u015f g\u00f6steren, sperm kalitesinde d\u00fc\u015f\u00fc\u015f, k\u0131z \u00e7ocuklar\u0131n\u0131n ergenli\u011fe erken girmesi, baz\u0131 kanser t\u00fcrleri ve baz\u0131 di\u011fer d\u00fczensizlikler aras\u0131nda ba\u011flant\u0131lar kuruluyor.<\/p>\n<p style=\"color: #222222; font-family: arial, sans-serif; font-size: 12.666666984558105px;\">Potansiyel endokrin b\u00f6l\u00fcc\u00fcler aras\u0131nda steroid hormonlar\u0131, baz\u0131 pestisitler, dioksinler ve plastik katk\u0131 maddeleri bulunuyor.<\/p>\n<p style=\"color: #222222; font-family: arial, sans-serif; font-size: 12.666666984558105px;\">Sosyalistler ve Demokratlar grubundan \u0130sve\u00e7li AP \u00fcyesi ve raport\u00f6r Asa Westlund, &#8216;Parlamento&#8217;nun rapor tasla\u011f\u0131, endokrin b\u00f6l\u00fcc\u00fc kimyasallar konusuyla nas\u0131l ilgilenece\u011fimiz konusunda bir yol belirlemeyi hedefliyor. Politika a\u00e7\u0131s\u0131ndan bir ad\u0131m atman\u0131n vaktinin geldi\u011fini s\u00f6ylemeliyim&#8217; dedi.<\/p>\n<p style=\"color: #222222; font-family: arial, sans-serif; font-size: 12.666666984558105px;\">Avrupa Parlamentosu \u00fcyeleri, hormon bozukluklar\u0131n\u0131n son 20 y\u0131l i\u00e7inde artmas\u0131 sebebiyle, bu alanda ara\u015ft\u0131rmalara daha fazla yat\u0131r\u0131mda bulunulmas\u0131n\u0131 ve Komisyon&#8217;un, endokrin b\u00f6l\u00fcc\u00fclerle ilgili uluslararas\u0131 standartlarda tan\u0131m ve de\u011ferlendirme kriterleri sunmas\u0131n\u0131 istiyor.<\/p>\n<p style=\"color: #222222; font-family: arial, sans-serif; font-size: 12.666666984558105px;\">Baz\u0131 soru i\u015faretleri bulunsa da Parlamento komisyonu, ba\u015fta hamileler ve \u00e7ocuklar gibi savunmas\u0131z gruplar olmak \u00fczere insan sa\u011fl\u0131\u011f\u0131n\u0131 muhafaza etmek i\u00e7in koruyucu \u00f6nlemler al\u0131nmas\u0131n\u0131 istiyor.<\/p>\n<p style=\"color: #222222; font-family: arial, sans-serif; font-size: 12.666666984558105px;\">Westlund, &#8216;Her soruya yan\u0131t\u0131m\u0131z bulunmasa da, bu maddeleri koruyuculuk ilkesi \u00e7er\u00e7evesinde d\u00fczenleyecek kadar bilgimiz var&#8217; dedi.<\/p>\n<p style=\"color: #222222; font-family: arial, sans-serif; font-size: 12.666666984558105px;\">Parlamenterler ayn\u0131 zamanda endokrin b\u00f6l\u00fcc\u00fclerin, AB&#8217;nin kimyasallar\u0131 d\u00fczenleyen REACH sistemi \u00e7er\u00e7evesinde &#8216;\u00e7ok y\u00fcksek risk ta\u015f\u0131yan maddeler&#8217; s\u0131n\u0131f\u0131na dahil edilmesini istedi.<\/p>\n<p><\/span><\/p><\/p>\n","protected":false},"excerpt":{"rendered":"<p>Avrupa Parlamentosu Kamu Sa\u011fl\u0131\u011f\u0131 Komisyonu&#8217;nda kabul edilen bir kararnamede, AB&#8217;nin, insanlar\u0131n hormonlar \u00fczerinde etkisi bulundu\u011fundan \u015f\u00fcphelenilen endokrin b\u00f6l\u00fcc\u00fclere maruz kalmas\u0131n\u0131&#46;&#46;&#46;<\/p>\n","protected":false},"author":1,"featured_media":0,"comment_status":"closed","ping_status":"closed","sticky":false,"template":"","format":"standard","meta":{"_jetpack_memberships_contains_paid_content":false,"footnotes":""},"categories":[62],"tags":[],"class_list":["post-3030","post","type-post","status-publish","format-standard","hentry","category-sagliktan-haberler"],"aioseo_notices":[],"jetpack_featured_media_url":"","jetpack_sharing_enabled":true,"jetpack-related-posts":[],"_links":{"self":[{"href":"http:\/\/www.ced.org.tr\/index.php?rest_route=\/wp\/v2\/posts\/3030","targetHints":{"allow":["GET"]}}],"collection":[{"href":"http:\/\/www.ced.org.tr\/index.php?rest_route=\/wp\/v2\/posts"}],"about":[{"href":"http:\/\/www.ced.org.tr\/index.php?rest_route=\/wp\/v2\/types\/post"}],"author":[{"embeddable":true,"href":"http:\/\/www.ced.org.tr\/index.php?rest_route=\/wp\/v2\/users\/1"}],"replies":[{"embeddable":true,"href":"http:\/\/www.ced.org.tr\/index.php?rest_route=%2Fwp%2Fv2%2Fcomments&post=3030"}],"version-history":[{"count":0,"href":"http:\/\/www.ced.org.tr\/index.php?rest_route=\/wp\/v2\/posts\/3030\/revisions"}],"wp:attachment":[{"href":"http:\/\/www.ced.org.tr\/index.php?rest_route=%2Fwp%2Fv2%2Fmedia&parent=3030"}],"wp:term":[{"taxonomy":"category","embeddable":true,"href":"http:\/\/www.ced.org.tr\/index.php?rest_route=%2Fwp%2Fv2%2Fcategories&post=3030"},{"taxonomy":"post_tag","embeddable":true,"href":"http:\/\/www.ced.org.tr\/index.php?rest_route=%2Fwp%2Fv2%2Ftags&post=3030"}],"curies":[{"name":"wp","href":"https:\/\/api.w.org\/{rel}","templated":true}]}}