{"id":3032,"date":"2013-02-14T19:28:04","date_gmt":"2013-02-14T17:28:04","guid":{"rendered":"http:\/\/www.ced.org.tr\/?p=3032"},"modified":"2013-02-14T19:28:04","modified_gmt":"2013-02-14T17:28:04","slug":"ingilteredeki-at-eti-skandali-avrupayi-alarma-gecirdi","status":"publish","type":"post","link":"http:\/\/www.ced.org.tr\/?p=3032","title":{"rendered":"\u0130ngiltere&#8217;deki at eti skandal\u0131 Avrupa&#8217;y\u0131 alarma ge\u00e7irdi"},"content":{"rendered":"<p><span style=\"font-size: 12.666666984558105px; color: #222222; font-family: arial, sans-serif;\">\u0130sve\u00e7li dondurulmu\u015f g\u0131da firmas\u0131 Findus, \u00fcr\u00fcnlerinde y\u00fczde 100&#8217;e kadar at eti \u00e7\u0131kmas\u0131 \u00fczerine t\u00fcm \u00fcr\u00fcnlerini raflardan \u00e7ekti. \u0130ngiltere&#8217;de y\u00fcr\u00fct\u00fclen soru\u015fturmada olayla ilgili olarak birden fazla \u00fclkede &#8216;a\u011f\u0131r ihmal ya da su\u00e7 unsuru&#8217; bulunmas\u0131 \u00fczerine ise konu, Avrupa \u00e7apl\u0131 bir boyut kazand\u0131.<\/span><\/p>\n<p>euractiv.com.tr<br \/><span style=\"font-size: 10px;\">11.02.2013<\/p>\n<p><\/span><\/p>\n<p><a href=\"http:\/\/www.euractiv.com.tr\/gida-ve-saglik\/article\/ingilteredeki-at-eti-skandali-avrupayi-alarma-gecirdi-027086\">http:\/\/www.euractiv.com.tr\/gida-ve-saglik\/article\/ingilteredeki-at-eti-skandali-avrupayi-alarma-gecirdi-027086<\/a><\/p>\n<p><p style=\"color: #222222; font-family: arial, sans-serif; font-size: 12.666666984558105px;\">\u0130ngiliz G\u0131da Standartlar\u0131 Ajans\u0131 (FSA), Cumartesi g\u00fcn\u00fc at eti skandal\u0131yla ilgili bir toplant\u0131 d\u00fczenledi.<\/p>\n<p style=\"color: #222222; font-family: arial, sans-serif; font-size: 12.666666984558105px;\">\u0130ngiltere Tar\u0131m Bakan\u0131 Owen Paterson, toplant\u0131dan \u00f6nce yapt\u0131\u011f\u0131 a\u00e7\u0131klamada &#8216;Bu, halka kar\u015f\u0131 bir komplodur. Bunun, uluslararas\u0131 bir su\u00e7 komplosu oldu\u011fuyla ilgili hislerim kuvvetleniyor&#8217; dedi.<\/p>\n<p style=\"color: #222222; font-family: arial, sans-serif; font-size: 12.666666984558105px;\">Findus&#8217;un \u00fcretti\u011fi etli lazanyay\u0131 soru\u015fturan Frans\u0131z yetkililer, L\u00fcksemburg&#8217;daki fabrikan\u0131n tedarik\u00e7isinin Frans\u0131z Poujol firmas\u0131 oldu\u011funu, Poujol&#8217;un da eti K\u0131br\u0131sl\u0131 bir firma arac\u0131l\u0131\u011f\u0131yla Hollanda \u00fczerinden Romanya&#8217;daki bir mezbahadan ald\u0131\u011f\u0131n\u0131 s\u00f6yledi.<\/p>\n<p style=\"color: #222222; font-family: arial, sans-serif; font-size: 12.666666984558105px;\">Frans\u0131z dondurulmu\u015f g\u0131da \u00fcreticisi Comigel ise bas\u0131na yapt\u0131\u011f\u0131 a\u00e7\u0131klamada, etlerini bir ba\u015fka Frans\u0131z \u015firketi arac\u0131l\u0131\u011f\u0131yla Romanya&#8217;daki bir mezbahadan ald\u0131\u011f\u0131n\u0131 s\u00f6yledi.<\/p>\n<p style=\"color: #222222; font-family: arial, sans-serif; font-size: 12.666666984558105px;\">FSA, soru\u015fturmayla ilgili olarak polisle beraber \u00e7al\u0131\u015ft\u0131klar\u0131n\u0131 a\u00e7\u0131klad\u0131.<\/p>\n<p style=\"color: #222222; font-family: arial, sans-serif; font-size: 12.666666984558105px;\">Ajans, soru\u015fturmayla ilgili yapt\u0131\u011f\u0131 a\u00e7\u0131klamada, a\u011f\u0131r ihmal ya da su\u00e7 unsuru bulunabilece\u011fini, Frans\u0131z yetkililerle birlikte \u00e7al\u0131\u015ft\u0131klar\u0131n\u0131 s\u00f6yledi. AB polis te\u015fkilat\u0131 Europol&#8217;\u00fcn de konudan haberdar oldu\u011fu iletildi.<\/p>\n<p style=\"color: #222222; font-family: arial, sans-serif; font-size: 12.666666984558105px;\">Rumen yetkililer ise, olayda ad\u0131 ge\u00e7en iki mezbahan\u0131n akland\u0131\u011f\u0131n\u0131 \u00f6ne s\u00fcrd\u00fc. Romanya&#8217;n\u0131n g\u0131da g\u00fcvenli\u011fi kurumundan Constantin Savu, Agerpres&#8217;e yapt\u0131\u011f\u0131 a\u00e7\u0131klamada &#8216;Soru\u015fturma hen\u00fcz tamamlanmad\u0131, ancak \u00fclkeden her \u015feyin kurallara uygun ve resmi olarak \u00e7\u0131k\u0131\u015f yapt\u0131\u011f\u0131na inan\u0131yorum. Bu t\u00fcr hatalar\u0131n yap\u0131labilece\u011fine inanmak zor&#8217; dedi.<\/p>\n<p style=\"color: #222222; font-family: arial, sans-serif; font-size: 12.666666984558105px;\">Fransa&#8217;daki alt\u0131 b\u00fcy\u00fck perakende zinciri, hakk\u0131nda \u015f\u00fcphe bulunan t\u00fcm \u00fcr\u00fcnleri geri \u00e7a\u011f\u0131rd\u0131\u011f\u0131n\u0131 a\u00e7\u0131klad\u0131.<\/p>\n<p style=\"color: #222222; font-family: arial, sans-serif; font-size: 12.666666984558105px;\">FSA, g\u0131da sekt\u00f6r\u00fcne t\u00fcm et bazl\u0131 \u00fcr\u00fcnleri denetleme talimat\u0131 verdi.<\/p>\n<p style=\"color: #222222; font-family: arial, sans-serif; font-size: 12.666666984558105px;\">\u0130ngiltere Parlamentosu&#8217;nun G\u0131da ve \u00c7evre Komisyonu Ba\u015fkan\u0131 Anne McIntosh, 26 AB \u00fclkesinden t\u00fcm i\u015flenmi\u015f ve dondurulmu\u015f et \u00fcr\u00fcnlerinin ithalat\u0131na ge\u00e7ici bir yasak getirilmesini istedi.<\/p>\n<p style=\"color: #222222; font-family: arial, sans-serif; font-size: 12.666666984558105px;\">BBC&#8217;ye konu\u015fan McIntosh, &#8216;Avrupa Birli\u011fi&#8217;nde t\u00fcketicilerin g\u00fcveninin y\u0131k\u0131ld\u0131\u011f\u0131ndan kayg\u0131lan\u0131yorum. Bu bula\u015fman\u0131n kayna\u011f\u0131yla ilgili bir bulguya, ya da bu \u00fcr\u00fcnlerin insan t\u00fcketimi i\u00e7in haz\u0131rlan\u0131p haz\u0131rlanmad\u0131\u011f\u0131na dair bir bilgiye ula\u015famad\u0131k. Bu, g\u0131da zincirine hi\u00e7 bula\u015fmamas\u0131 gereken, b\u00fcy\u00fck bir doland\u0131r\u0131c\u0131l\u0131k&#8217; dedi.<\/p>\n<p style=\"color: #222222; font-family: arial, sans-serif; font-size: 12.666666984558105px;\">Findus&#8217;un \u0130skandinavya&#8217;daki \u00fcr\u00fcn m\u00fcd\u00fcr\u00fc Henrik Nyberg, \u0130sve\u00e7&#8217;te 20 bin dondurulmu\u015f lazanya \u00fcr\u00fcn\u00fcn\u00fcn geri \u00e7a\u011fr\u0131ld\u0131\u011f\u0131n\u0131 s\u00f6yledi.<\/p>\n<p style=\"color: #222222; font-family: arial, sans-serif; font-size: 12.666666984558105px;\">Associated Press&#8217;e konu\u015fan Nyberg, \u00fcr\u00fcnlerin g\u0131da g\u00fcvenli\u011fine dair bir risk ta\u015f\u0131mad\u0131\u011f\u0131n\u0131, yaln\u0131zca &#8216;yaln\u0131\u015f etiketlendi\u011fini&#8217; s\u00f6yledi.<\/p>\n<p style=\"color: #222222; font-family: arial, sans-serif; font-size: 12.666666984558105px;\">Guardian, perakende zincirleri Tesco ve Aldi&#8217;nin spagetti ve lazanyalar\u0131 raflardan \u00e7ekti\u011fini ve Findus&#8217;un tedarik\u00e7isi Comigel&#8217;in \u00fcretimi olan \u00fcr\u00fcnlerle ilgili kendi testlerini yapt\u0131\u011f\u0131n\u0131 yazd\u0131.<\/p>\n<p style=\"color: #222222; font-family: arial, sans-serif; font-size: 12.666666984558105px;\">FSA&#8217;in yapt\u0131\u011f\u0131 testlere g\u00f6re, Findus&#8217;un \u00fcretti\u011fi 18 lazanya \u00fcr\u00fcn\u00fcnden 11&#8217;inde, y\u00fczde 60 ile y\u00fczde 100 aras\u0131nda oranda at eti bulunuyor.<\/p>\n<p style=\"color: #222222; font-family: arial, sans-serif; font-size: 12.666666984558105px;\">FSA, &#8216;Bu son derece ciddi bir durum. Hamburger k\u00f6fteleri ve lazanyada y\u00fcksek miktarda at eti bulunmas\u0131, g\u0131da zincirinde a\u011f\u0131r ihmal ya da kas\u0131t bulundu\u011funu g\u00f6steriyor. Bu sebeple hem burada, hem de Avrupa&#8217;da polisi olaya dahil ettik&#8217; dedi.<\/p>\n<\/p>\n<p><span style=\"font-size: 12.666666984558105px; font-weight: normal;\"><br \/><\/span><\/p>\n<p>\u00a0<\/p>\n","protected":false},"excerpt":{"rendered":"<p>\u0130sve\u00e7li dondurulmu\u015f g\u0131da firmas\u0131 Findus, \u00fcr\u00fcnlerinde y\u00fczde 100&#8217;e kadar at eti \u00e7\u0131kmas\u0131 \u00fczerine t\u00fcm \u00fcr\u00fcnlerini raflardan \u00e7ekti. \u0130ngiltere&#8217;de y\u00fcr\u00fct\u00fclen soru\u015fturmada&#46;&#46;&#46;<\/p>\n","protected":false},"author":1,"featured_media":0,"comment_status":"closed","ping_status":"closed","sticky":false,"template":"","format":"standard","meta":{"_jetpack_memberships_contains_paid_content":false,"footnotes":""},"categories":[62],"tags":[],"class_list":["post-3032","post","type-post","status-publish","format-standard","hentry","category-sagliktan-haberler"],"aioseo_notices":[],"jetpack_featured_media_url":"","jetpack_sharing_enabled":true,"jetpack-related-posts":[],"_links":{"self":[{"href":"http:\/\/www.ced.org.tr\/index.php?rest_route=\/wp\/v2\/posts\/3032","targetHints":{"allow":["GET"]}}],"collection":[{"href":"http:\/\/www.ced.org.tr\/index.php?rest_route=\/wp\/v2\/posts"}],"about":[{"href":"http:\/\/www.ced.org.tr\/index.php?rest_route=\/wp\/v2\/types\/post"}],"author":[{"embeddable":true,"href":"http:\/\/www.ced.org.tr\/index.php?rest_route=\/wp\/v2\/users\/1"}],"replies":[{"embeddable":true,"href":"http:\/\/www.ced.org.tr\/index.php?rest_route=%2Fwp%2Fv2%2Fcomments&post=3032"}],"version-history":[{"count":0,"href":"http:\/\/www.ced.org.tr\/index.php?rest_route=\/wp\/v2\/posts\/3032\/revisions"}],"wp:attachment":[{"href":"http:\/\/www.ced.org.tr\/index.php?rest_route=%2Fwp%2Fv2%2Fmedia&parent=3032"}],"wp:term":[{"taxonomy":"category","embeddable":true,"href":"http:\/\/www.ced.org.tr\/index.php?rest_route=%2Fwp%2Fv2%2Fcategories&post=3032"},{"taxonomy":"post_tag","embeddable":true,"href":"http:\/\/www.ced.org.tr\/index.php?rest_route=%2Fwp%2Fv2%2Ftags&post=3032"}],"curies":[{"name":"wp","href":"https:\/\/api.w.org\/{rel}","templated":true}]}}