{"id":3034,"date":"2013-02-19T13:05:55","date_gmt":"2013-02-19T11:05:55","guid":{"rendered":"http:\/\/www.ced.org.tr\/?p=3034"},"modified":"2013-02-19T13:05:55","modified_gmt":"2013-02-19T11:05:55","slug":"nestle-at-eti-cikan-urunlerini-toplatiyor","status":"publish","type":"post","link":"http:\/\/www.ced.org.tr\/?p=3034","title":{"rendered":"Nestle, at eti \u00e7\u0131kan \u00fcr\u00fcnlerini toplat\u0131yor"},"content":{"rendered":"<p><strong style=\"color: #222222; font-family: arial, sans-serif; font-size: 12.800000190734863px;\">Avrupa &#8220;at eti skandal\u0131&#8221;n\u0131 tart\u0131\u015fmaya devam ederken, Nestle&#8217;nin i\u00e7eri\u011finde at eti tespit edilen baz\u0131 \u00fcr\u00fcnlerini sat\u0131\u015ftan \u00e7ekti\u011fi bildirildi.<\/strong><\/p>\n<div style=\"color: #222222; font-family: arial, sans-serif; font-size: 12.800000190734863px;\">\n<div>\n<p>19.02.2013 Radkal<\/p>\n<\/div>\n<div><strong> <\/p>\n<p><\/strong><\/p>\n<div>\n<div>\n<div><span style=\"width: 0px; min-height: 0px;\"> <\/span><\/div>\n<\/div>\n<div>ANKARA- AP&#8217;nin haberine g\u00f6re, Nestle haz\u0131r yemek kategorisindeki &#8220;Buitoni Beef Ravioli&#8221; ve &#8220;Beef Tortellini&#8221; \u00fcr\u00fcnlerinde at eti tespit edildi\u011fini belirterek, \u00fcr\u00fcnlerin \u0130talya ve \u0130spanya&#8217;da sat\u0131\u015ftan \u00e7ekti\u011fini bildirdi.<\/div>\n<p>\u00dcr\u00fcnlerde kullan\u0131lan etin Almanya &#8216;daki H.J. Schypke firmas\u0131 taraf\u0131ndan temin edildi\u011fini bildiren Nestle, Fransa&#8217;daki &#8220;catering&#8221; firmalar\u0131na satt\u0131\u011f\u0131 dondurulmu\u015f eti de sat\u0131\u015ftan \u00e7ekti\u011fini belirtti\u00a0<\/p>\n<p>\u0130ngiltere &#8216;de donmu\u015f g\u0131dalarda at eti tespit edilmesinin ard\u0131ndan skandal\u0131n, aralar\u0131nda Fransa, \u0130sve\u00e7 ve \u0130rlanda&#8217;n\u0131n da bulundu\u011fu di\u011fer Avrupa \u00fclkelerine de yay\u0131ld\u0131\u011f\u0131 tespit edilmi\u015fti. (aa)<\/p><\/div>\n<\/div>\n<p>\u00a0<\/p>\n<\/div>\n<p>\u00a0<\/p>\n","protected":false},"excerpt":{"rendered":"<p>Avrupa &#8220;at eti skandal\u0131&#8221;n\u0131 tart\u0131\u015fmaya devam ederken, Nestle&#8217;nin i\u00e7eri\u011finde at eti tespit edilen baz\u0131 \u00fcr\u00fcnlerini sat\u0131\u015ftan \u00e7ekti\u011fi bildirildi. 19.02.2013 Radkal&#46;&#46;&#46;<\/p>\n","protected":false},"author":1,"featured_media":0,"comment_status":"closed","ping_status":"closed","sticky":false,"template":"","format":"standard","meta":{"_jetpack_memberships_contains_paid_content":false,"footnotes":""},"categories":[62],"tags":[],"class_list":["post-3034","post","type-post","status-publish","format-standard","hentry","category-sagliktan-haberler"],"aioseo_notices":[],"jetpack_featured_media_url":"","jetpack_sharing_enabled":true,"jetpack-related-posts":[],"_links":{"self":[{"href":"http:\/\/www.ced.org.tr\/index.php?rest_route=\/wp\/v2\/posts\/3034","targetHints":{"allow":["GET"]}}],"collection":[{"href":"http:\/\/www.ced.org.tr\/index.php?rest_route=\/wp\/v2\/posts"}],"about":[{"href":"http:\/\/www.ced.org.tr\/index.php?rest_route=\/wp\/v2\/types\/post"}],"author":[{"embeddable":true,"href":"http:\/\/www.ced.org.tr\/index.php?rest_route=\/wp\/v2\/users\/1"}],"replies":[{"embeddable":true,"href":"http:\/\/www.ced.org.tr\/index.php?rest_route=%2Fwp%2Fv2%2Fcomments&post=3034"}],"version-history":[{"count":0,"href":"http:\/\/www.ced.org.tr\/index.php?rest_route=\/wp\/v2\/posts\/3034\/revisions"}],"wp:attachment":[{"href":"http:\/\/www.ced.org.tr\/index.php?rest_route=%2Fwp%2Fv2%2Fmedia&parent=3034"}],"wp:term":[{"taxonomy":"category","embeddable":true,"href":"http:\/\/www.ced.org.tr\/index.php?rest_route=%2Fwp%2Fv2%2Fcategories&post=3034"},{"taxonomy":"post_tag","embeddable":true,"href":"http:\/\/www.ced.org.tr\/index.php?rest_route=%2Fwp%2Fv2%2Ftags&post=3034"}],"curies":[{"name":"wp","href":"https:\/\/api.w.org\/{rel}","templated":true}]}}