{"id":3035,"date":"2013-02-21T13:40:21","date_gmt":"2013-02-21T11:40:21","guid":{"rendered":"http:\/\/www.ced.org.tr\/?p=3035"},"modified":"2013-02-21T13:40:21","modified_gmt":"2013-02-21T11:40:21","slug":"yeni-sars-virusu-ingilterede-ilk-olum","status":"publish","type":"post","link":"http:\/\/www.ced.org.tr\/?p=3035","title":{"rendered":"Yeni Sars vir\u00fcs\u00fc: \u0130ngiltere&#8217;de ilk \u00f6l\u00fcm"},"content":{"rendered":"<p>\u00a0<\/p>\n<div style=\"color: #222222; font-family: arial, sans-serif; font-size: 12.800000190734863px;\">\n<p>Hastal\u0131\u011f\u0131n neden oldu\u011fu enfeksiyon kendini zat\u00fcrre ve b\u00f6brek yetmezli\u011fi bi\u00e7iminde g\u00f6steriyor.<\/p>\n<\/div>\n<div style=\"color: #222222; font-family: arial, sans-serif; font-size: 12.800000190734863px;\">\n<div>19.02.2013<br \/>BBC <\/p>\n<\/div>\n<p><strong>\u0130ngiltere&#8217;de \u00f6l\u00fcmc\u00fcl Sars vir\u00fcs\u00fcne benzer bir vir\u00fcs\u00fcn yol a\u00e7t\u0131\u011f\u0131 &#8221;solunum yolu hastal\u0131\u011f\u0131&#8221; nedeniyle tedavi g\u00f6rmekte olan bir ki\u015fi hayat\u0131n\u0131 kaybetti<\/strong>.<\/p>\n<\/div>\n<div style=\"color: #222222; font-family: arial, sans-serif; font-size: 12.800000190734863px;\">\n<div>Hastan\u0131n Birmingham&#8217;daki Krali\u00e7e Elizabeth hastanesinde tedavi g\u00f6rmekte oldu\u011fu ve pazar g\u00fcn\u00fc ya\u015fam\u0131n\u0131 yitirdi\u011fi a\u00e7\u0131kland\u0131.<\/div>\n<p>D\u00fcnya genelinde \u015fu ana kadar 12 ki\u015finin hastal\u0131\u011fa yakaland\u0131\u011f\u0131 ve bunlardan alt\u0131s\u0131n\u0131n \u00f6ld\u00fc\u011f\u00fc bildirildi.<\/p>\n<p>Uzmanlar, vir\u00fcs\u00fcn n\u00fcfusun geneli i\u00e7in olu\u015fturdu\u011fu bir salg\u0131n riskinin \u00e7ok y\u00fcksek olmad\u0131\u011f\u0131n\u0131 s\u00f6ylerken, yine de vir\u00fcs\u00fcn insandan insana bula\u015ft\u0131\u011f\u0131na ili\u015fkin i\u015faretler al\u0131nd\u0131\u011f\u0131na da dikkat \u00e7ekiyor.<\/p>\n<p>Enfeksiyon vakalar\u0131 hayvanlarla temasla da ortaya \u00e7\u0131kabiliyor. Ancak vir\u00fcs\u00fcn insandan insana da bula\u015fabiliyor olmas\u0131, uzmanlara g\u00f6re, \u00e7ok daha ciddi bir tehlike olu\u015fturuyor.<\/p>\n<p>\u00d6te yandan yetkililer vir\u00fcs\u00fcn \u00fclke geneline yay\u0131lma ihtimalinin hen\u00fcz d\u00fc\u015f\u00fck oldu\u011funu belirtiyor.<\/p>\n<p>\u0130ngiltere&#8217;deki vakalarda ayn\u0131 aileden \u00fc\u00e7 ki\u015fide de vir\u00fcs tespit edildi, d\u00f6rd\u00fcnc\u00fc hasta ise tedavisine \u0130ngiltere&#8217;de tedavi edilebilmesi i\u00e7in Katar&#8217;dan \u00fclkeye getirildi.<\/p>\n<p>Vir\u00fcs\u00fcn aile fertlerinden birine Orta Do\u011fu ve Pakistan seyahati s\u0131ras\u0131nda bula\u015ft\u0131\u011f\u0131 ve sonra da aileye yay\u0131ld\u0131\u011f\u0131 san\u0131l\u0131yor.<\/p>\n<p>Hastal\u0131\u011f\u0131n neden oldu\u011fu enfeksiyon kendini zat\u00fcrre ve b\u00f6brek yetmezli\u011fi bi\u00e7iminde g\u00f6steriyor.<\/p>\n<p>Yeni vir\u00fcs\u00fcn esas kayna\u011f\u0131 ve nas\u0131l yay\u0131ld\u0131\u011f\u0131 bilinmiyor, ancak \u00f6ne \u00e7\u0131kan varsay\u0131m hayvanlardan kaynakland\u0131\u011f\u0131 y\u00f6n\u00fcnde.<\/p>\n<p>Yeni Sars tipi vir\u00fcs\u00fcn &#8221;yarasalardaki bir vir\u00fcsle&#8221; yak\u0131ndan ba\u011flant\u0131l\u0131 oldu\u011fu tespit edildi<\/p>\n<p><a href=\"http:\/\/www.bbc.co.uk\/turkce\/haberler\/2013\/02\/130219_new_sars_update.shtml\" target=\"_blank\" style=\"color: #1155cc;\">http:\/\/www.bbc.co.uk\/turkce\/haberler\/2013\/02\/130219_new_sars_update.shtml<\/a><\/p>\n<\/div>\n<p>\u00a0<\/p>\n","protected":false},"excerpt":{"rendered":"<p>\u00a0 Hastal\u0131\u011f\u0131n neden oldu\u011fu enfeksiyon kendini zat\u00fcrre ve b\u00f6brek yetmezli\u011fi bi\u00e7iminde g\u00f6steriyor. 19.02.2013BBC \u0130ngiltere&#8217;de \u00f6l\u00fcmc\u00fcl Sars vir\u00fcs\u00fcne benzer bir vir\u00fcs\u00fcn&#46;&#46;&#46;<\/p>\n","protected":false},"author":1,"featured_media":0,"comment_status":"closed","ping_status":"closed","sticky":false,"template":"","format":"standard","meta":{"_jetpack_memberships_contains_paid_content":false,"footnotes":""},"categories":[62],"tags":[],"class_list":["post-3035","post","type-post","status-publish","format-standard","hentry","category-sagliktan-haberler"],"aioseo_notices":[],"jetpack_featured_media_url":"","jetpack_sharing_enabled":true,"jetpack-related-posts":[],"_links":{"self":[{"href":"http:\/\/www.ced.org.tr\/index.php?rest_route=\/wp\/v2\/posts\/3035","targetHints":{"allow":["GET"]}}],"collection":[{"href":"http:\/\/www.ced.org.tr\/index.php?rest_route=\/wp\/v2\/posts"}],"about":[{"href":"http:\/\/www.ced.org.tr\/index.php?rest_route=\/wp\/v2\/types\/post"}],"author":[{"embeddable":true,"href":"http:\/\/www.ced.org.tr\/index.php?rest_route=\/wp\/v2\/users\/1"}],"replies":[{"embeddable":true,"href":"http:\/\/www.ced.org.tr\/index.php?rest_route=%2Fwp%2Fv2%2Fcomments&post=3035"}],"version-history":[{"count":0,"href":"http:\/\/www.ced.org.tr\/index.php?rest_route=\/wp\/v2\/posts\/3035\/revisions"}],"wp:attachment":[{"href":"http:\/\/www.ced.org.tr\/index.php?rest_route=%2Fwp%2Fv2%2Fmedia&parent=3035"}],"wp:term":[{"taxonomy":"category","embeddable":true,"href":"http:\/\/www.ced.org.tr\/index.php?rest_route=%2Fwp%2Fv2%2Fcategories&post=3035"},{"taxonomy":"post_tag","embeddable":true,"href":"http:\/\/www.ced.org.tr\/index.php?rest_route=%2Fwp%2Fv2%2Ftags&post=3035"}],"curies":[{"name":"wp","href":"https:\/\/api.w.org\/{rel}","templated":true}]}}