{"id":3038,"date":"2013-02-27T13:10:41","date_gmt":"2013-02-27T11:10:41","guid":{"rendered":"http:\/\/www.ced.org.tr\/?p=3038"},"modified":"2013-02-27T13:10:41","modified_gmt":"2013-02-27T11:10:41","slug":"at-eti-ikeaya-da-ulasti","status":"publish","type":"post","link":"http:\/\/www.ced.org.tr\/?p=3038","title":{"rendered":"&#8216;At eti&#8217; Ikea&#8217;ya da ula\u015ft\u0131"},"content":{"rendered":"<p><div style=\"color: #222222; font-family: arial, sans-serif; font-size: 12.800000190734863px;\">\u0130sve\u00e7li mobilya devi Ikea&#8217;n\u0131n \u00c7ek Cumhuriyeti&#8217;ndeki bir ma\u011fazas\u0131nda domuz ve dana eti i\u00e7erdi\u011fi belirtilen k\u00f6ftelerde at etine rastland\u0131\u011f\u0131 bildirildi.<\/div>\n<div style=\"color: #222222; font-family: arial, sans-serif; font-size: 12.800000190734863px;\"><\/div>\n<div style=\"color: #222222; font-family: arial, sans-serif; font-size: 12.800000190734863px;\">25.02.2013<\/div>\n<div style=\"color: #222222; font-family: arial, sans-serif; font-size: 12.800000190734863px;\">euractiv.com.tr<\/p>\n<\/div>\n<div style=\"color: #222222; font-family: arial, sans-serif; font-size: 12.800000190734863px;\"><a href=\"http:\/\/www.euractiv.com.tr\/gida-ve-saglik\/article\/at-eti-ikeaya-da-ulasti-027210\" target=\"_blank\" style=\"color: #1155cc;\">http:\/\/www.euractiv.com.tr\/gida-ve-saglik\/article\/at-eti-ikeaya-da-ulasti-027210<\/a><\/div>\n<div style=\"color: #222222; font-family: arial, sans-serif; font-size: 12.800000190734863px;\"><\/div>\n<div style=\"color: #222222; font-family: arial, sans-serif; font-size: 12.800000190734863px;\">AB tar\u0131m bakanlar\u0131, t\u00fcm Avrupa&#8217;y\u0131 saran &#8216;at eti&#8217; skandal\u0131n\u0131 g\u00f6r\u00fc\u015fmek i\u00e7in bir araya geliyor. \u00d6te yandan \u00c7ek Cumhuriyeti&#8217;ndeki bir Ikea ma\u011fazas\u0131nda sat\u0131lan &#8216;\u0130sve\u00e7 k\u00f6ftelerinde&#8217; at etine rastland\u0131\u011f\u0131 bildirildi.<\/div>\n<div style=\"color: #222222; font-family: arial, sans-serif; font-size: 12.800000190734863px;\">\n<p>\u0130sve\u00e7li mobilya devi Ikea&#8217;n\u0131n \u00c7ek Cumhuriyeti&#8217;ndeki bir ma\u011fazas\u0131nda domuz ve dana eti i\u00e7erdi\u011fi belirtilen k\u00f6ftelerde at etine rastland\u0131\u011f\u0131 bildirildi.<\/p>\n<p>Associated Press&#8217;e konu\u015fan yetkililer, 760 kilogram k\u00f6ftenin t\u00fcketicilere ula\u015fmas\u0131n\u0131n \u00f6n\u00fcne ge\u00e7tiklerini s\u00f6yledi.<\/p>\n<p>Ikea T\u00fcrkiye&#8217;den yap\u0131lan a\u00e7\u0131klamada, \u00c7ek Cumhuriyeti&#8217;nden gelen haberlerin T\u00fcrkiye ile hi\u00e7bir ilgisi bulunmad\u0131\u011f\u0131 belirtildi.<\/p>\n<p>\u00c7ek Devlet Veterinerlik \u0130daresi, Polonya&#8217;dan ithal edilen hamburger k\u00f6ftesinde de at etine rastland\u0131\u011f\u0131n\u0131 a\u00e7\u0131klad\u0131.<\/p>\n<p>Skandal ge\u00e7ti\u011fimiz ay \u00f6nce \u0130ngiltere ve \u0130rlanda&#8217;da ortaya \u00e7\u0131km\u0131\u015f, daha sonra pek \u00e7ok Avrupa \u00fclkesinde dana eti olarak etiketlenmi\u015f at eti sat\u0131ld\u0131\u011f\u0131 anla\u015f\u0131lm\u0131\u015ft\u0131.<\/p>\n<p>AB tar\u0131m bakanlar\u0131, \u00fclkelerinde sat\u0131\u015fa sunulan etlerde koordineli bir \u015fekilde DNA testi uygulamak \u00fczerinde anla\u015fmaya varm\u0131\u015ft\u0131.<\/p>\n<p>AB \u015fu ana kadar kamu sa\u011fl\u0131\u011f\u0131n\u0131n tehlikede bulundu\u011funa dair bir belirti olmad\u0131\u011f\u0131n\u0131, skandal\u0131n yaln\u0131zca &#8216;etiketleme&#8217; sorunu oldu\u011fu g\u00f6r\u00fc\u015f\u00fcnde. Ancak sat\u0131lan baz\u0131 at etlerinde, insan t\u00fcketimine uygun olmayan ila\u00e7 kal\u0131nt\u0131lar\u0131 bulunmas\u0131 da endi\u015felere yol a\u00e7\u0131yor<\/p>\n<\/div>\n","protected":false},"excerpt":{"rendered":"<p>\u0130sve\u00e7li mobilya devi Ikea&#8217;n\u0131n \u00c7ek Cumhuriyeti&#8217;ndeki bir ma\u011fazas\u0131nda domuz ve dana eti i\u00e7erdi\u011fi belirtilen k\u00f6ftelerde at etine rastland\u0131\u011f\u0131 bildirildi. 25.02.2013&#46;&#46;&#46;<\/p>\n","protected":false},"author":1,"featured_media":0,"comment_status":"closed","ping_status":"closed","sticky":false,"template":"","format":"standard","meta":{"_jetpack_memberships_contains_paid_content":false,"footnotes":""},"categories":[62],"tags":[],"class_list":["post-3038","post","type-post","status-publish","format-standard","hentry","category-sagliktan-haberler"],"aioseo_notices":[],"jetpack_featured_media_url":"","jetpack_sharing_enabled":true,"jetpack-related-posts":[],"_links":{"self":[{"href":"http:\/\/www.ced.org.tr\/index.php?rest_route=\/wp\/v2\/posts\/3038","targetHints":{"allow":["GET"]}}],"collection":[{"href":"http:\/\/www.ced.org.tr\/index.php?rest_route=\/wp\/v2\/posts"}],"about":[{"href":"http:\/\/www.ced.org.tr\/index.php?rest_route=\/wp\/v2\/types\/post"}],"author":[{"embeddable":true,"href":"http:\/\/www.ced.org.tr\/index.php?rest_route=\/wp\/v2\/users\/1"}],"replies":[{"embeddable":true,"href":"http:\/\/www.ced.org.tr\/index.php?rest_route=%2Fwp%2Fv2%2Fcomments&post=3038"}],"version-history":[{"count":0,"href":"http:\/\/www.ced.org.tr\/index.php?rest_route=\/wp\/v2\/posts\/3038\/revisions"}],"wp:attachment":[{"href":"http:\/\/www.ced.org.tr\/index.php?rest_route=%2Fwp%2Fv2%2Fmedia&parent=3038"}],"wp:term":[{"taxonomy":"category","embeddable":true,"href":"http:\/\/www.ced.org.tr\/index.php?rest_route=%2Fwp%2Fv2%2Fcategories&post=3038"},{"taxonomy":"post_tag","embeddable":true,"href":"http:\/\/www.ced.org.tr\/index.php?rest_route=%2Fwp%2Fv2%2Ftags&post=3038"}],"curies":[{"name":"wp","href":"https:\/\/api.w.org\/{rel}","templated":true}]}}