{"id":3040,"date":"2013-03-27T08:49:47","date_gmt":"2013-03-27T06:49:47","guid":{"rendered":"http:\/\/www.ced.org.tr\/?p=3040"},"modified":"2013-03-27T08:49:47","modified_gmt":"2013-03-27T06:49:47","slug":"sirnakta-asi-skandali","status":"publish","type":"post","link":"http:\/\/www.ced.org.tr\/?p=3040","title":{"rendered":"\u015e\u0131rnak&#8217;ta a\u015f\u0131 skandal\u0131"},"content":{"rendered":"<p><p><strong>Bayram KAPLAN\/\u0130D\u0130L(\u015e\u0131rnak), DHA<\/strong><\/p>\n<p><span style=\"font-size: 10px;\"><strong>\u015e\u0131rnak ve il\u00e7elerinde bula\u015f\u0131c\u0131 hastal\u0131klarla m\u00fccadele ve hastal\u0131klar\u0131n yay\u0131lmas\u0131n\u0131 \u00f6nlemek amac\u0131yla da\u011f\u0131t\u0131lan 5\u2019li karma a\u015f\u0131n\u0131n kullan\u0131m tarihinin ge\u00e7ti\u011fi ortaya \u00e7\u0131kt\u0131.<\/strong><\/p>\n<p><\/span><\/p>\n<p><span style=\"font-size: 10px;\">http:\/\/www.hurriyet.com.tr\/saglik\/22902775.asp<\/span><\/p>\n<p><span style=\"font-size: 10px;\"> <\/span><span style=\"font-size: 10px;\">Sa\u011fl\u0131k g\u00f6revlilerinin son anda fark edip, tutanakla iade etti\u011fi a\u015f\u0131lardan 9 ki\u015fiye uyguland\u0131\u011f\u0131 belirlendi.<\/span><\/p>\n<p><span style=\"font-size: 10px;\">\u015e\u0131rnak \u0130l Halk Sa\u011fl\u0131\u011f\u0131 Merkezi Bula\u015f\u0131c\u0131 Hastal\u0131klar \u015eube M\u00fcd\u00fcrl\u00fc\u011f\u00fc, kent merkezi ve il\u00e7elerdeki bir \u00e7ok sa\u011fl\u0131k merkezine 4 Mart g\u00fcn\u00fc bula\u015f\u0131c\u0131 hastal\u0131klarla m\u00fccadele etmek ve bula\u015f\u0131c\u0131 hastal\u0131klar\u0131n yay\u0131lmas\u0131n\u0131 engellemek amac\u0131yla 5\u2019li karma (difteri, tetanoz, asell\u00fcler bo\u011fmaca, \u0131naktive \u00e7ocuk fel\u00e7i, HIB) a\u015f\u0131s\u0131 da\u011f\u0131t\u0131ld\u0131. Da\u011f\u0131t\u0131lan a\u015f\u0131lar bir\u00e7ok merkezde \u00e7ocuklara uygulan\u0131rken Cizre 2 No\u2019lu Aile Sa\u011fl\u0131k Merkezi\u2019ndeki g\u00f6revliler, a\u015f\u0131lar\u0131n kullan\u0131m tarihinin ge\u00e7ti\u011fi fark etti. Bunun \u00fczerine merkezde a\u015f\u0131 uygulamas\u0131 durdurulurken, g\u00f6revliler a\u015f\u0131lar\u0131 iade edip tutanak tuttu. Tatanakta, \u015f\u00f6yle denildi:<\/span><\/p>\n<p><span style=\"font-size: 10px;\">&#8220;04.03.2013 tarihinde \u0130l Halk Sa\u011fl\u0131\u011f\u0131 M\u00fcd\u00fcrl\u00fc\u011f\u00fc Bula\u015f\u0131c\u0131 Hastal\u0131klar \u015eubesi taraf\u0131ndan Cizre Toplum Sa\u011fl\u0131\u011f\u0131 Merkezi\u2019ne 150 adet (y\u00fczelli) son kullanma tarihi ge\u00e7mi\u015f 5\u2019li karma a\u015f\u0131s\u0131 verilmi\u015ftir. 2 No\u2019lu Aile Sa\u011fl\u0131k Merkezi\u2019ne (ASM) 60 adet bu a\u015f\u0131lar teslim edilmi\u015f olup a\u015f\u0131lar\u0131n 05.03.2013 tarihinde son kullanma tarihinin ge\u00e7ti\u011fi fark edilip, 51 adedi geri toplanm\u0131\u015f 9 adet a\u015f\u0131 ASM personeli taraf\u0131ndan uygulanm\u0131\u015ft\u0131r. \u0130\u015f bu tutanak taraf\u0131m\u0131zdan tutanak alt\u0131na al\u0131nm\u0131\u015ft\u0131r.&#8221;<\/span><\/p>\n<p><span style=\"font-size: 10px;\">\u015e\u0131rnak \u0130l Sa\u011fl\u0131k M\u00fcd\u00fcr\u00fc Dr.Ahmet Bar\u0131\u015f, a\u015f\u0131lar\u0131n yenilenece\u011fini belirterek, &#8220;A\u015f\u0131lar\u0131n sa\u011fl\u0131k a\u00e7\u0131s\u0131ndan sak\u0131ncas\u0131 yoktur. A\u015f\u0131lar\u0131n yap\u0131ld\u0131\u011f\u0131 \u00e7ocuklar izlenmektedir. Endi\u015felenecek bir durum yoktur. Bir ay sonra tekrar 9 ki\u015fiye a\u015f\u0131 yap\u0131lacakt\u0131r.Yap\u0131lan a\u015f\u0131lar\u0131n tarihi ge\u00e7mesi zarar vermez&#8221; dedi.<\/span><\/p>\n<p><span style=\"font-size: 10px;\">\u015e\u0131rnak \u0130l Halk Sa\u011fl\u0131\u011f\u0131 M\u00fcd\u00fcr\u00fc Dr.Muhsin Hayyam El\u00e7i, konuyla ilgili idari soru\u015fturma ba\u015flatt\u0131klar\u0131n\u0131 s\u00f6yledi. El\u00e7i, &#8220;Sa\u011fl\u0131k Bakanl\u0131\u011f\u0131 ile temasa ge\u00e7erek konuyu aktard\u0131k. Yap\u0131lan a\u015f\u0131lar\u0131n tarihi ge\u00e7ti\u011fi i\u00e7in yarar\u0131 yoktur, fakat zarar vermemektedir. A\u015f\u0131 yap\u0131lan 9 ki\u015fi ile g\u00f6r\u00fc\u015f\u00fclm\u00fc\u015ft\u00fcr. Kalan ve tarihi ge\u00e7mi\u015f b\u00fct\u00fcn a\u015f\u0131lar toplanm\u0131\u015ft\u0131r. Bunlara 1 ay sonra tekrar do\u011fru a\u015f\u0131 uygulanacakt\u0131r&#8221; dedi.<\/span><\/p>\n<div><\/div><\/p>\n","protected":false},"excerpt":{"rendered":"<p>Bayram KAPLAN\/\u0130D\u0130L(\u015e\u0131rnak), DHA \u015e\u0131rnak ve il\u00e7elerinde bula\u015f\u0131c\u0131 hastal\u0131klarla m\u00fccadele ve hastal\u0131klar\u0131n yay\u0131lmas\u0131n\u0131 \u00f6nlemek amac\u0131yla da\u011f\u0131t\u0131lan 5\u2019li karma a\u015f\u0131n\u0131n kullan\u0131m tarihinin&#46;&#46;&#46;<\/p>\n","protected":false},"author":1,"featured_media":0,"comment_status":"closed","ping_status":"closed","sticky":false,"template":"","format":"standard","meta":{"_jetpack_memberships_contains_paid_content":false,"footnotes":""},"categories":[62],"tags":[],"class_list":["post-3040","post","type-post","status-publish","format-standard","hentry","category-sagliktan-haberler"],"aioseo_notices":[],"jetpack_featured_media_url":"","jetpack_sharing_enabled":true,"jetpack-related-posts":[],"_links":{"self":[{"href":"http:\/\/www.ced.org.tr\/index.php?rest_route=\/wp\/v2\/posts\/3040","targetHints":{"allow":["GET"]}}],"collection":[{"href":"http:\/\/www.ced.org.tr\/index.php?rest_route=\/wp\/v2\/posts"}],"about":[{"href":"http:\/\/www.ced.org.tr\/index.php?rest_route=\/wp\/v2\/types\/post"}],"author":[{"embeddable":true,"href":"http:\/\/www.ced.org.tr\/index.php?rest_route=\/wp\/v2\/users\/1"}],"replies":[{"embeddable":true,"href":"http:\/\/www.ced.org.tr\/index.php?rest_route=%2Fwp%2Fv2%2Fcomments&post=3040"}],"version-history":[{"count":0,"href":"http:\/\/www.ced.org.tr\/index.php?rest_route=\/wp\/v2\/posts\/3040\/revisions"}],"wp:attachment":[{"href":"http:\/\/www.ced.org.tr\/index.php?rest_route=%2Fwp%2Fv2%2Fmedia&parent=3040"}],"wp:term":[{"taxonomy":"category","embeddable":true,"href":"http:\/\/www.ced.org.tr\/index.php?rest_route=%2Fwp%2Fv2%2Fcategories&post=3040"},{"taxonomy":"post_tag","embeddable":true,"href":"http:\/\/www.ced.org.tr\/index.php?rest_route=%2Fwp%2Fv2%2Ftags&post=3040"}],"curies":[{"name":"wp","href":"https:\/\/api.w.org\/{rel}","templated":true}]}}