{"id":3043,"date":"2013-03-27T15:53:10","date_gmt":"2013-03-27T13:53:10","guid":{"rendered":"http:\/\/www.ced.org.tr\/?p=3043"},"modified":"2013-03-27T15:53:10","modified_gmt":"2013-03-27T13:53:10","slug":"saglik-harcamalari-zamlandi","status":"publish","type":"post","link":"http:\/\/www.ced.org.tr\/?p=3043","title":{"rendered":"Sa\u011fl\u0131k harcamalar\u0131 zamland\u0131"},"content":{"rendered":"<p><p><strong>T\u00fcrk Sa\u011fl\u0131k-Sen&#8217;in derledi\u011fi sa\u011fl\u0131k fiyatlar\u0131 piyasa ara\u015ft\u0131rmas\u0131na g\u00f6re, sekt\u00f6rde \u015eubat ay\u0131nda y\u00fczde 0,7 zam yap\u0131ld\u0131. Di\u015f tedavisi, ameliyat, tahlil, do\u011fum \u00fccretleri y\u00fckselirken, d\u00fc\u015fen sadece ila\u00e7 fiyatlar\u0131 oldu. \u0130la\u00e7 fiyatlar\u0131nda yakla\u015f\u0131k y\u00fczde 1&#8217;lik bir d\u00fc\u015f\u00fc\u015f ya\u015fand\u0131.<\/strong><\/p>\n<p><span style=\"font-size: 10px;\">25 Mart 2013 Pazartesi 13:40<\/p>\n<p><\/span><\/p>\n<p><span style=\"font-size: 10px;\">http:\/\/www.htvturkiye.com\/haberler\/saglik-harcamalari-zamlandi-h770.html<\/span><\/p>\n<p>\u00a0<\/p>\n<p><span style=\"font-size: 10px;\">T\u00dc\u0130K verilerine g\u00f6re derlenen ara\u015ft\u0131rmada; sa\u011fl\u0131k madde fiyatlar\u0131nda en dikkat eken art\u0131\u015flar y\u00fczde 2,4 ile normal do\u011fum \u00fccretlerinde oldu. Normal do\u011fumda 732, 99 TL olan \u00fccret 750,6 TL&#8217;ye y\u00fckseldi. <\/span><\/p>\n<p><span style=\"font-size: 10px;\">Di\u015f \u00e7ekme \u00fccreti de y\u00fczde 1,84 art\u0131\u015fla ikinci en fazla artan sa\u011fl\u0131k gideri oldu. Di\u015f \u00e7ekme \u00fccreti 2013 y\u0131l\u0131 Ocak ay\u0131nda 47,83 TL iken y\u00fczde 1,84 art\u0131\u015fla 2013 y\u0131l\u0131 \u015eubat ay\u0131nda 48,71 TL&#8217;ye y\u00fckseldi. <\/span><\/p>\n<p><span style=\"font-size: 10px;\">Di\u015f dolgu \u00fccreti de 2013 y\u0131l\u0131 Ocak ay\u0131nda 77,90 TL iken y\u00fczde 1,54 art\u0131\u015fla 2013 y\u0131l\u0131 \u015eubat ay\u0131nda 79,10 TL&#8217;ye \u00e7\u0131kt\u0131.<\/span><\/p><\/p>\n","protected":false},"excerpt":{"rendered":"<p>T\u00fcrk Sa\u011fl\u0131k-Sen&#8217;in derledi\u011fi sa\u011fl\u0131k fiyatlar\u0131 piyasa ara\u015ft\u0131rmas\u0131na g\u00f6re, sekt\u00f6rde \u015eubat ay\u0131nda y\u00fczde 0,7 zam yap\u0131ld\u0131. Di\u015f tedavisi, ameliyat, tahlil, do\u011fum&#46;&#46;&#46;<\/p>\n","protected":false},"author":1,"featured_media":0,"comment_status":"closed","ping_status":"closed","sticky":false,"template":"","format":"standard","meta":{"_jetpack_memberships_contains_paid_content":false,"footnotes":""},"categories":[62],"tags":[],"class_list":["post-3043","post","type-post","status-publish","format-standard","hentry","category-sagliktan-haberler"],"aioseo_notices":[],"jetpack_featured_media_url":"","jetpack_sharing_enabled":true,"jetpack-related-posts":[],"_links":{"self":[{"href":"http:\/\/www.ced.org.tr\/index.php?rest_route=\/wp\/v2\/posts\/3043","targetHints":{"allow":["GET"]}}],"collection":[{"href":"http:\/\/www.ced.org.tr\/index.php?rest_route=\/wp\/v2\/posts"}],"about":[{"href":"http:\/\/www.ced.org.tr\/index.php?rest_route=\/wp\/v2\/types\/post"}],"author":[{"embeddable":true,"href":"http:\/\/www.ced.org.tr\/index.php?rest_route=\/wp\/v2\/users\/1"}],"replies":[{"embeddable":true,"href":"http:\/\/www.ced.org.tr\/index.php?rest_route=%2Fwp%2Fv2%2Fcomments&post=3043"}],"version-history":[{"count":0,"href":"http:\/\/www.ced.org.tr\/index.php?rest_route=\/wp\/v2\/posts\/3043\/revisions"}],"wp:attachment":[{"href":"http:\/\/www.ced.org.tr\/index.php?rest_route=%2Fwp%2Fv2%2Fmedia&parent=3043"}],"wp:term":[{"taxonomy":"category","embeddable":true,"href":"http:\/\/www.ced.org.tr\/index.php?rest_route=%2Fwp%2Fv2%2Fcategories&post=3043"},{"taxonomy":"post_tag","embeddable":true,"href":"http:\/\/www.ced.org.tr\/index.php?rest_route=%2Fwp%2Fv2%2Ftags&post=3043"}],"curies":[{"name":"wp","href":"https:\/\/api.w.org\/{rel}","templated":true}]}}