{"id":3049,"date":"2013-04-13T13:30:57","date_gmt":"2013-04-13T10:30:57","guid":{"rendered":"http:\/\/www.ced.org.tr\/?p=3049"},"modified":"2013-04-13T13:30:57","modified_gmt":"2013-04-13T10:30:57","slug":"demir-lady-margaret-thatcher-oldu-mirasi-turkiyede-yasiyor","status":"publish","type":"post","link":"http:\/\/www.ced.org.tr\/?p=3049","title":{"rendered":"&#8216;Demir Lady&#8217; Margaret Thatcher \u00f6ld\u00fc. Miras\u0131 T\u00fcrkiye&#8217;de ya\u015f\u0131yor"},"content":{"rendered":"<p><img loading=\"lazy\" decoding=\"async\" src=\"images\/thatcher.jpg\" border=\"0\" width=\"200\" height=\"150\" style=\"float: left; margin: 10px;\" \/><span style=\"color: #222222; font-family: arial, sans-serif; font-size: 12.800000190734863px;\">Thatcher, Birle\u015fik Krall\u0131k&#8217;ta 1979-1990 aras\u0131nda iktidardayd\u0131.<\/span><span style=\"color: #222222; font-family: arial, sans-serif; font-size: 12.800000190734863px;\"> <\/span><\/p>\n<div id=\":u2\" class=\"ii gt m13dfe1821899c73d adP adO\" style=\"font-size: 12.800000190734863px; direction: ltr; margin: 5px 15px 0px 0px; padding-bottom: 5px; position: relative; z-index: 0; color: #222222; font-family: arial, sans-serif;\">\n<div id=\":5b\">\n<div style=\"color: #222222; font-family: arial, sans-serif; font-size: 12.800000190734863px;\">Ba\u015fbakanl\u0131k \u00f6ncesinde Muhafazak\u00e2r Parti&#8217;de \u00e7e\u015fitli g\u00f6revler ald\u0131. Sonra ba\u015fkan\u0131n\u0131 devirdi.<\/div>\n<div style=\"color: #222222; font-family: arial, sans-serif; font-size: 12.800000190734863px;\">Se\u00e7imleri \u00fc\u00e7 kez kazand\u0131. \u0130ktidarda en uzun d\u00f6nem kalan ba\u015fbakan oldu.\u00a0<br \/>\u00c7\u0131rakl\u0131k d\u00f6neminde dolayl\u0131 vergileri art\u0131rd\u0131.\u00a0<\/p>\n<\/div>\n<div style=\"color: #222222; font-family: arial, sans-serif; font-size: 12.800000190734863px;\">Kalfal\u0131k d\u00f6neminde \u00f6zelle\u015ftirme ve sendikas\u0131zla\u015ft\u0131rmaya h\u0131z verdi.<\/div>\n<div style=\"color: #222222; font-family: arial, sans-serif; font-size: 12.800000190734863px;\">Ustal\u0131k d\u00f6nemini, emek kar\u015f\u0131t\u0131 ve antidemokratik uygulamalar\u0131n\u0131 kal\u0131c\u0131la\u015ft\u0131racak bir &#8216;sistem&#8217; kurmaya adad\u0131.<\/div>\n<div style=\"color: #222222; font-family: arial, sans-serif; font-size: 12.800000190734863px;\"><\/div>\n<div style=\"color: #222222; font-family: arial, sans-serif; font-size: 12.800000190734863px;\">&#8216;Ustas\u0131&#8217; oldu\u011fu sisteme uygun bi\u00e7imde, &#8216;Cenazesini en ucuz fiyat\u0131 veren firman\u0131n kald\u0131rmas\u0131&#8217; i\u00e7in ironik bir imza kampanyas\u0131 ba\u015flat\u0131ld\u0131. &#8216;Liberal muhafazakar&#8217; bile\u015fkesinin kusursuz \u00f6rne\u011fi bu teklife 24 saat i\u00e7inde 30 bini a\u015fk\u0131n ki\u015fi imza att\u0131.<\/div>\n<div style=\"color: #222222; font-family: arial, sans-serif; font-size: 12.800000190734863px;\"><\/div>\n<div style=\"color: #222222; font-family: arial, sans-serif; font-size: 12.800000190734863px;\"><\/div>\n<div style=\"color: #222222; font-family: arial, sans-serif; font-size: 12.800000190734863px;\"><\/div>\n<div>\n<div style=\"font-size: 12.800000190734863px;\">\n<h2><span style=\"font-family: arial, sans-serif; color: #222222;\"><span style=\"font-size: 19.09090805053711px;\">Cad\u0131 \u00f6lmedi, T\u00fcrkiye&#8217;de ya\u015f\u0131yor<\/span><\/span><\/h2>\n<h2 style=\"color: #222222; font-family: arial, sans-serif; font-size: 12.800000190734863px;\"><strong style=\"font-size: 12.800000190734863px;\">G\u00dcL\u015eAH KARADA\u011e, Birg\u00fcn, 12 Nisan 2013<\/strong><\/h2>\n<\/div>\n<div style=\"font-size: 12.800000190734863px;\"><a href=\"http:\/\/www.birgun.net\/economic_index.php?news_code=1365754755&amp;year=2013&amp;month=04&amp;day=12\" target=\"_blank\" style=\"color: #1155cc;\">http:\/\/www.birgun.net\/economic_index.php?news_code=1365754755&amp;year=2013&amp;month=04&amp;day=12<\/a><\/div>\n<\/div>\n<\/div>\n<\/div>\n","protected":false},"excerpt":{"rendered":"<p>Thatcher, Birle\u015fik Krall\u0131k&#8217;ta 1979-1990 aras\u0131nda iktidardayd\u0131. Ba\u015fbakanl\u0131k \u00f6ncesinde Muhafazak\u00e2r Parti&#8217;de \u00e7e\u015fitli g\u00f6revler ald\u0131. Sonra ba\u015fkan\u0131n\u0131 devirdi. Se\u00e7imleri \u00fc\u00e7 kez kazand\u0131.&#46;&#46;&#46;<\/p>\n","protected":false},"author":1,"featured_media":0,"comment_status":"closed","ping_status":"closed","sticky":false,"template":"","format":"standard","meta":{"_jetpack_memberships_contains_paid_content":false,"footnotes":""},"categories":[62],"tags":[],"class_list":["post-3049","post","type-post","status-publish","format-standard","hentry","category-sagliktan-haberler"],"aioseo_notices":[],"jetpack_featured_media_url":"","jetpack_sharing_enabled":true,"jetpack-related-posts":[],"_links":{"self":[{"href":"http:\/\/www.ced.org.tr\/index.php?rest_route=\/wp\/v2\/posts\/3049","targetHints":{"allow":["GET"]}}],"collection":[{"href":"http:\/\/www.ced.org.tr\/index.php?rest_route=\/wp\/v2\/posts"}],"about":[{"href":"http:\/\/www.ced.org.tr\/index.php?rest_route=\/wp\/v2\/types\/post"}],"author":[{"embeddable":true,"href":"http:\/\/www.ced.org.tr\/index.php?rest_route=\/wp\/v2\/users\/1"}],"replies":[{"embeddable":true,"href":"http:\/\/www.ced.org.tr\/index.php?rest_route=%2Fwp%2Fv2%2Fcomments&post=3049"}],"version-history":[{"count":0,"href":"http:\/\/www.ced.org.tr\/index.php?rest_route=\/wp\/v2\/posts\/3049\/revisions"}],"wp:attachment":[{"href":"http:\/\/www.ced.org.tr\/index.php?rest_route=%2Fwp%2Fv2%2Fmedia&parent=3049"}],"wp:term":[{"taxonomy":"category","embeddable":true,"href":"http:\/\/www.ced.org.tr\/index.php?rest_route=%2Fwp%2Fv2%2Fcategories&post=3049"},{"taxonomy":"post_tag","embeddable":true,"href":"http:\/\/www.ced.org.tr\/index.php?rest_route=%2Fwp%2Fv2%2Ftags&post=3049"}],"curies":[{"name":"wp","href":"https:\/\/api.w.org\/{rel}","templated":true}]}}