{"id":3050,"date":"2013-04-15T18:32:12","date_gmt":"2013-04-15T15:32:12","guid":{"rendered":"http:\/\/www.ced.org.tr\/?p=3050"},"modified":"2013-04-15T18:32:12","modified_gmt":"2013-04-15T15:32:12","slug":"ben-ilac-dedikce-o-para-vermeye-calisti","status":"publish","type":"post","link":"http:\/\/www.ced.org.tr\/?p=3050","title":{"rendered":"&#8216;Ben ila\u00e7 dedik\u00e7e o para vermeye \u00e7al\u0131\u015ft\u0131&#8217;"},"content":{"rendered":"<p><span style=\"color: #222222; font-family: arial, sans-serif; font-size: 12.800000190734863px;\">Edirne&#8217;de d\u00fcn ila\u00e7lar\u0131n\u0131n temini i\u00e7in yard\u0131m istedi\u011fi \u00c7evre ve \u015eehircilik Bakan\u0131 Erdo\u011fan Bayraktar&#8217;\u0131n, cebine para koyup, &#8220;D\u00fc\u015f\u00fcrme&#8221; diye uyard\u0131\u011f\u0131 lenf kanseri hastas\u0131 Dilek \u00d6z\u00e7elik;<\/span><\/p>\n<div style=\"color: #222222; font-family: arial, sans-serif; font-size: 12.800000190734863px;\">&#8220;Devletin ba\u015f\u0131ndaki insanlar\u0131n g\u00f6revi t\u00fcm bireylerin ihtiya\u00e7lar\u0131na cevap vermesi oldu\u011funu san\u0131yorum. Sadece bu d\u00fc\u015f\u00fcnceyle kendisinin birka\u00e7 dakika beni dinlemesini istedim. Ben &#8216;\u0130la\u00e7&#8217; dedik\u00e7e, o &#8216;Para&#8217; dedi. Bakan&#8217;\u0131 g\u00f6rd\u00fc\u011f\u00fcmde kendi ila\u00e7lar\u0131m i\u00e7in gittim, sonra fark ettim ki bu sadece benim ila\u00e7lar\u0131m de\u011fil, bir\u00e7ok hastan\u0131n ila\u00e7lar\u0131. Ben kendim i\u00e7in de\u011fil, benim gibi olanlar i\u00e7in de yard\u0131m istiyorum. Sa\u011fl\u0131k konusunda, ila\u00e7 konusunda bence otursunlar bu konu hakk\u0131nda bir \u015fey yaps\u0131nlar. <\/p>\n<\/div>\n<h2 style=\"color: #222222; font-family: arial, sans-serif;\">&#8216;D\u00fcn g\u00f6rmek istedi\u011fim insanl\u0131kt\u0131&#8217;<\/h2>\n<p style=\"color: #222222; font-family: arial, sans-serif; font-size: 12.800000190734863px;\">15\u00a0N\u0130S\u00a02013<\/p>\n<div style=\"color: #222222; font-family: arial, sans-serif; font-size: 12.800000190734863px;\">Edirne&#8217;de d\u00fcn ila\u00e7lar\u0131n\u0131n temini i\u00e7in yard\u0131m istedi\u011fi \u00c7evre ve \u015eehircilik Bakan\u0131 Erdo\u011fan Bayraktar&#8217;\u0131n, cebine para koyup, &#8220;D\u00fc\u015f\u00fcrme&#8221; diye uyard\u0131\u011f\u0131 lenf kanseri hastas\u0131 Dilek \u00d6z\u00e7elik, Valili\u011fin talimat\u0131yla Edirne T\u0131p Fak\u00fcltesi Hastanesi&#8217;nde tedavi alt\u0131na al\u0131nd\u0131.<\/p>\n<p>Kendisine dilenci muamelesi yap\u0131lmas\u0131na olan k\u0131rg\u0131nl\u0131\u011f\u0131n\u0131n s\u00fcrd\u00fc\u011f\u00fcn\u00fc s\u00f6yleyen gen\u00e7 k\u0131z, &#8220;Bakan Bayraktar\u2019a minnet duymak istemiyorum. Sa\u011fl\u0131k Bakan\u0131 yard\u0131m ederse kabul\u00fcmd\u00fcr, Say\u0131n Bayraktar&#8217;\u0131n yard\u0131m\u0131n\u0131 istemiyorum. Benim tek derdim ila\u00e7. D\u00fcn g\u00f6rmek istedi\u011fim de insanl\u0131kt\u0131&#8221; dedi.<\/p>\n<p>\u00c7evre ve \u015eehircilik Bakan\u0131 Erdo\u011fan Bayraktar, d\u00fcn sabah Edirne Belediye Ba\u015fkan\u0131 CHP\u2019li Hamdi Sedef\u00e7i\u2019yi makam\u0131nda ziyaret ettikten sonra belediye binas\u0131ndan \u00e7\u0131karken yan\u0131na, kanser hastas\u0131 oldu\u011funu ve kemoterapi tedavisi g\u00f6rd\u00fc\u011f\u00fcn\u00fc s\u00f6yleyen 23 ya\u015f\u0131ndaki Dilek \u00d6z\u00e7elik yakla\u015ft\u0131.<\/p>\n<p>Bakan&#8217;\u0131n elini tutan \u00d6z\u00e7elik, eczanelerde bulamad\u0131\u011f\u0131 ila\u00e7lar\u0131n\u0131, yurt d\u0131\u015f\u0131ndan da getirtemedi\u011fini anlat\u0131p, bu konuda yard\u0131m istedi. Bakan Bayraktar da cebinden \u00e7\u0131kard\u0131\u011f\u0131 paray\u0131 gen\u00e7 k\u0131z\u0131n h\u0131rkas\u0131n\u0131n cebine koyarak, &#8220;Al i\u015fte bu paray\u0131. Ba\u015fka ne yapaca\u011f\u0131m? Onlar\u0131 sen kendin al. Paray\u0131 al, cebinden d\u00fc\u015f\u00fcrme&#8221; dedikten sonra yoluna devam etti. Bakan Bayraktar, 300 metre uzakl\u0131ktaki Selimiye Camii&#8217;ne giderek \u00f6\u011fle namaz\u0131n\u0131 k\u0131ld\u0131.<\/p>\n<p><strong>&#8216;\u0130NSANLIK KONUSUNDA B\u0130R KEZ DAHA HAYAL KIRIKLI\u011eINA U\u011eRADIM&#8217;<\/strong><br \/>Cebine para konulmas\u0131 nedeniyle \u00fcz\u00fclen \u00d6z\u00e7elik, bu kez Selimiye Camisi&#8217;ne geldi. Bakan&#8217;\u0131n namazda oldu\u011funu \u00f6\u011frenince cami bah\u00e7esinde onu bekledi. Bayraktar\u2019\u0131n camiden \u00e7\u0131kt\u0131\u011f\u0131n\u0131 g\u00f6ren \u00d6z\u00e7elik, &#8220;Bakan\u0131m bir \u015fey diyece\u011fim, kimseye bir zarar\u0131m yok&#8221; diye seslendi. Bu s\u0131rada koruma polisleri gen\u00e7 k\u0131z\u0131 tuttu ancak, Bayraktar&#8217;\u0131n talimat\u0131yla b\u0131rakt\u0131. Bakan&#8217;\u0131n yan\u0131na giden ve elini tutan Dilek \u00d6z\u00e7elik, cebine konulan paray\u0131 iade ettikten sonra a\u011flayarak, &#8220;Sadece yanl\u0131\u015f anla\u015f\u0131ld\u0131m. Ben dilenci de\u011filim. \u0130nsanl\u0131k konusunda bir kez daha hayal k\u0131r\u0131kl\u0131\u011f\u0131na u\u011frad\u0131m. G\u00f6r\u00fcyorum ki \u00e7aresizli\u011fi hi\u00e7 tatmam\u0131\u015fs\u0131n\u0131z hayat\u0131n\u0131zda&#8221; dedi.<\/p>\n<p>\u015ea\u015f\u0131ran Bakan Bayraktar, ko\u015farak uzakla\u015fmak isteyen k\u0131z\u0131 kolundan tutarak, &#8220;Yard\u0131m edeyim k\u0131z\u0131m, ne istiyorsun?&#8221; diye sordu. Ancak, a\u011flayan \u00d6z\u00e7elik ko\u015farak camii bah\u00e7esinden ayr\u0131ld\u0131.<\/p>\n<p><strong>VAL\u0130 DURUER MAKAMINDA A\u011eIRLADI<\/strong><br \/>Trakya \u00dcniversitesi E\u011fitim Fak\u00fcltesi \u0130ngilizce \u00d6\u011fretmenli\u011fi 3&#8217;\u00fcnc\u00fc s\u0131n\u0131f \u00f6\u011frencisi Dilek \u00d6z\u00e7elik&#8217;in, kameralara da yans\u0131yan ellerini y\u00fcz\u00fcne kapat\u0131p a\u011flayarak ko\u015fma g\u00f6r\u00fcnt\u00fcleri, kamuoyunda yank\u0131 uyand\u0131rd\u0131. Dilek \u00d6z\u00e7elik&#8217;in, \u00f6nce belirlenemeyen kimli\u011fi, d\u00fcn ge\u00e7 saatlerde tespit edildi.<\/p>\n<p>Edirne Valisi Hasan Duruer\u2019in giri\u015fimleriyle Kredi Yurtlar Kurumu\u2019na ba\u011fl\u0131 Selimiye \u00d6\u011frenci Yurdu\u2019nda kalan Dilek \u00d6z\u00e7elik\u2019e ula\u015f\u0131ld\u0131. \u00d6z\u00e7elik, bug\u00fcn sabah erken saatlerde Valili\u011fe ait bir otomobille yurttan al\u0131narak Valilik binas\u0131na getirildi. \u00d6z\u00e7elik, Edirne Valisi Hasan Duruer &#8216;e makam\u0131nda ya\u015fad\u0131\u011f\u0131 s\u0131k\u0131nt\u0131lar\u0131 anlatt\u0131.<\/p><\/div>\n<div style=\"color: #222222; font-family: arial, sans-serif; font-size: 13px; margin: 5px 3px 5px 10px;\">\n<p><strong>&#8216;SAYIN BAKAN&#8217;IN YANLI\u015e ANLA\u015eILDI\u011eI KANAAT\u0130NDEY\u0130M&#8217;<\/strong><br \/>Vali Duruer, Dilek\u2019in Bakan Bayraktar ile yanlar\u0131na acele bir \u015fekilde geldi\u011fini s\u00f6yleyerek, &#8220;D\u00fcnk\u00fc hadiseyi biliyorsunuz. Bakan ile birlikteydik ve acele bir \u015fekilde yan\u0131m\u0131za gelerek bir \u015feyler anlatt\u0131. Say\u0131n Bakan&#8217;\u0131n da yanl\u0131\u015f anlad\u0131\u011f\u0131 kanaatindeyim. Bana hadiseye \u00fcz\u00fcld\u00fc\u011f\u00fcn\u00fc kendileri s\u00f6yledi. Biz devlet olarak kimsesizlerin kimsesi, \u00e7aresizlerin \u00e7aresiyiz. Her konuda hastalara yard\u0131m ediyoruz. Bize ila\u00e7 konusundaki s\u0131k\u0131nt\u0131s\u0131n\u0131 iletti, biz de b\u00fct\u00fcn hastalar\u0131m\u0131z\u0131n yan\u0131nday\u0131z. D\u00fcn Bakan beyin yan\u0131nda kendisine s\u00f6yledim. \u0130lgilenece\u011fimiz s\u00f6ylemi\u015ftim. Ak\u015fam kendisiyle konu\u015ftuk ve bug\u00fcn geldi. Hastal\u0131\u011f\u0131n\u0131n tedavisi konusunda her t\u00fcrl\u00fc yard\u0131m edip, destek verece\u011fiz. Sa\u011fl\u0131k Bakan\u0131m\u0131z da yar\u0131n buraya gelecek ve sizin ve sizin gibilerin konusunu da anlataca\u011f\u0131m&#8221; dedi.<\/p>\n<p><strong>&#8216;BAKAN BAYRAKTAR&#8217;IN YARDIMINI \u0130STEM\u0130YORUM&#8217;<\/strong><br \/>Tekirda\u011f\u2019da oturan emekli Nevzat ve ev kad\u0131n\u0131 Zeynep \u00d6z\u00e7elik \u00e7iftininin 3 k\u0131z\u0131ndan biri olan Dilek \u00d6z\u00e7elik, Vali Duruer&#8217;le yapt\u0131\u011f\u0131 sohbette, Bakan Bayraktar\u2019a minnet duymak istemedi\u011fini s\u00f6yleyerek, \u015f\u00f6yle devam etti:<\/p>\n<p>&#8220;Benim de de\u011fer yarg\u0131lar\u0131m var. \u015eu hayatta en de\u011fer verdi\u011fim \u015feylerden biri de minnet duygusudur. Bakan\u0131m\u0131z\u0131n d\u00fcnk\u00fc yapm\u0131\u015f oldu\u011fu davran\u0131\u015f\u0131n hatas\u0131n\u0131n bilincine varm\u0131\u015f olsa ki \u00fcz\u00fcnt\u00fcs\u00fcn\u00fc dile getirmi\u015f. Siz yar\u0131n Sa\u011fl\u0131k Bakan\u0131 gelecek ona da s\u00f6yleyece\u011finizi s\u00f6ylediniz. Sa\u011fl\u0131k Bakan\u0131 yard\u0131m ederse kabul\u00fcmd\u00fcr, Say\u0131n Bayraktar beyin yard\u0131m\u0131n\u0131 istemiyorum. Belki &#8216;Abartma, sa\u00e7malama&#8217; denilebilir. Ama insan\u0131m ve ben \u00f6m\u00fcr boyu, o insan\u0131 belki hani yanl\u0131\u015f anlad\u0131m belki de anlad\u0131\u011f\u0131m do\u011frudur, ama kendilerine kar\u015f\u0131 ald\u0131\u011f\u0131m her nefeste minnet duygusu i\u00e7erisine girmek istemiyorum ve girmeyece\u011fim. S\u00f6z konusu \u00f6l\u00fcm de olsa ben kendimi o duruma sokmayaca\u011f\u0131m. Sa\u011fl\u0131k Bakan\u0131&#8217;n\u0131n gelece\u011fini \u00f6\u011frendim. Kendisi duymu\u015ftur, bilemiyorum. Benim tek derdim ila\u00e7. D\u00fcn g\u00f6rmek istedi\u011fim de insanl\u0131kt\u0131.&#8221;<\/p>\n<p><strong>\u00dc\u00c7 HAFTA \u00d6NCE \u00d6\u011eREND\u0130<br \/><\/strong>Ailesinin Tekirda\u011f\u2019da ya\u015fad\u0131\u011f\u0131n\u0131 ve Edirne\u2019de e\u011fitimine devam etti\u011fini anlatan Dilek \u00d6z\u00e7elik, hastal\u0131\u011f\u0131na \u00fc\u00e7 hafta \u00f6nce te\u015fhis konuldu\u011funu anlatarak, &#8220;Ben bu hastal\u0131\u011f\u0131m\u0131 \u00f6\u011frendikten sonra ailecek \u00fcz\u00fclemedik bile. Bize b\u00f6yle bir ger\u00e7ekten bahsettiler. Ba\u015fta inanmak istemedim, ama s\u00fcre\u00e7 b\u00f6yle i\u015fliyordu. Her ba\u015fvurdu\u011fum yerde &#8216;\u0130la\u00e7 yok&#8217; denildi. &#8216;\u0130la\u00e7 var&#8217; denilen yerlerde de b\u00fcy\u00fck bir hayal k\u0131r\u0131kl\u0131\u011f\u0131na u\u011frad\u0131m. Lenf kanseriyim ve te\u015fhisi \u00f6\u011frendikten sonra baz\u0131 ila\u00e7lar\u0131n devlet taraf\u0131ndan kar\u015f\u0131lanmad\u0131\u011f\u0131n\u0131 \u00f6\u011frendim. \u0130thal ila\u00e7lar oldu\u011fu i\u00e7in bulamad\u0131k. Doktorum &#8216;Zor bir s\u00fcre\u00e7 Allah yard\u0131mc\u0131n olsun&#8217; dedi&#8221; diye konu\u015ftu.<br \/><strong><br \/>&#8216;B\u0130R \u0130NSAN SA\u011eLIK \u0130\u00c7\u0130N YARDIM \u0130ST\u0130YORSA AC\u0130L\u0130YET\u0130 VARDIR&#8217;<\/strong><br \/>Tedavisini yapan doktorlar\u0131n, kendisine rehberlik etmesi i\u00e7in ayn\u0131 s\u00fcreci ya\u015fayan bir hastayla tan\u0131\u015ft\u0131rd\u0131\u011f\u0131n\u0131 s\u00f6yleyen Dilek \u00d6z\u00e7elik, &#8220;Hasta olan di\u011fer ki\u015fi, ila\u00e7lar\u0131n\u0131 yurt d\u0131\u015f\u0131ndan getirtebiliyor. Ben hayat\u0131mda ilk defa, ya\u015fad\u0131\u011f\u0131m ilin d\u0131\u015f\u0131na \u00e7\u0131kt\u0131m, oras\u0131 da okulum i\u00e7in Edirne oldu. Benim zaman kayb\u0131 l\u00fcks\u00fcm yok. Ne yapaca\u011f\u0131m\u0131 bilemedim. Yatt\u0131\u011f\u0131m\u0131z yeri bilmiyoruz ailecek. Evde miyiz, g\u00f6kte mi, belli de\u011fil. \u0130lgili makamlarla g\u00f6r\u00fc\u015fme talebimiz oldu. Ancak hep &#8216;randevu&#8217; denildi. Bir insan sa\u011fl\u0131k i\u00e7in yard\u0131m istiyorsa aciliyeti vard\u0131r. Randevular\u0131n \u00f6n\u00fcne ge\u00e7ilmesi gerekiyor. D\u00fcn tesad\u00fcfen oradan ge\u00e7iyordum ve Bakan beyden haberdar de\u011fildim&#8221; dedi.<br \/><strong><br \/>&#8216;BEN \u0130LA\u00c7 DED\u0130K\u00c7E O PARA VERMEYE \u00c7ALI\u015eTI&#8217;<\/strong><\/p>\n<p>\u00c7evre ve \u015eehircilik Bakan\u0131 Erdo\u011fan Bayraktar\u2019\u0131 \u00e7ar\u015f\u0131da gezerken \u015fans eseri g\u00f6rd\u00fc\u011f\u00fcn\u00fc s\u00f6yleyen \u00d6z\u00e7elik, s\u00f6zlerini \u015f\u00f6yle s\u00fcrd\u00fcrd\u00fc:<\/p>\n<p>&#8220;Devletin ba\u015f\u0131ndaki insanlar\u0131n g\u00f6revi t\u00fcm bireylerin ihtiya\u00e7lar\u0131na cevap vermesi oldu\u011funu san\u0131yorum. Sadece bu d\u00fc\u015f\u00fcnceyle kendisinin birka\u00e7 dakika beni dinlemesini istedim. Ben &#8216;\u0130la\u00e7&#8217; dedik\u00e7e, o &#8216;Para&#8217; dedi. Bakan&#8217;\u0131 g\u00f6rd\u00fc\u011f\u00fcmde kendi ila\u00e7lar\u0131m i\u00e7in gittim, sonra fark ettim ki bu sadece benim ila\u00e7lar\u0131m de\u011fil, bir\u00e7ok hastan\u0131n ila\u00e7lar\u0131. Ben kendim i\u00e7in de\u011fil, benim gibi olanlar i\u00e7in de yard\u0131m istiyorum. Sa\u011fl\u0131k konusunda, ila\u00e7 konusunda bence otursunlar bu konu hakk\u0131nda bir \u015fey yaps\u0131nlar. Somut bir \u015fey g\u00f6rmeden &#8216;Tamam&#8217; diyemiyorum. Mutlu muyum ben? Evet mevkii ve makam sahibi de\u011filim ama insan\u0131m.&#8221;<\/p>\n<p>Edirne Valisi Hasan Duruer\u2019e hastanede randevu ve tahliller konusunda \u00e7ok s\u0131ra bekledi\u011fini de aktaran Dilek \u00d6z\u00e7elik, ziyaretin ard\u0131ndan annesi Zeynep \u00d6z\u00e7elik ile birlikte Valilik taraf\u0131ndan tahsis edilen araca bindi. Ard\u0131ndan anne -k\u0131z, Trakya \u00dcniversitesi Edirne T\u0131p Fak\u00fcltesi Hastanesi\u2019ne g\u00f6t\u00fcr\u00fcld\u00fc. Dilek \u00d6z\u00e7elik, Trakya \u00dcniversitesi Edirne T\u0131p Fak\u00fcltesi Hastanesi\u2019nin Hemetoloji Servisi\u2019ne yat\u0131r\u0131ld\u0131 ve tedavisine ba\u015fland\u0131.<\/p>\n<p><strong>BAKAN BAYRAKTAR&#8217;A SADAKA TEPK\u0130S\u0130<\/strong><br \/>Sa\u011fl\u0131k\u00e7\u0131lar, \u00c7evre ve \u015eehircilik Bakan\u0131 Bayraktar&#8217;\u0131n kanser tedavisi g\u00f6ren ve kendisinden ila\u00e7lar\u0131n\u0131n temininde yard\u0131m isteyen \u00fcniversite \u00f6\u011frencisi kad\u0131n\u0131n cebine para koymas\u0131na tepki g\u00f6sterdi.<\/p>\n<p>Sa\u011fl\u0131k\u00e7\u0131lar, \u00c7evre ve \u015eehircilik Bakan\u0131 Erdo\u011fan Bayraktar&#8217;\u0131n kanser tedavisi g\u00f6ren ve kendisinden ila\u00e7lar\u0131n\u0131n temininde yard\u0131m isteyen \u00fcniversite \u00f6\u011frencisi kad\u0131n\u0131n cebine para koymas\u0131na tepki g\u00f6stererek, olay\u0131n AKP&#8217;nin &#8220;sadaka k\u00fclt\u00fcr\u00fc&#8221; anlay\u0131\u015f\u0131n\u0131n bir yans\u0131mas\u0131 oldu\u011funu belirtti.<\/p>\n<p>T\u00fcrk Tabipleri Birli\u011fi (TTB) Genel Sekreteri Dr. Bayaz\u0131t \u0130lhan, ANKA&#8217;ya yapt\u0131\u011f\u0131 de\u011ferlendirmede, &#8220;talihsiz&#8221; olarak niteledi\u011fi olay\u0131n, &#8220;sa\u011fl\u0131\u011f\u0131, sosyal g\u00fcvenceyi hak olmaktan \u00e7\u0131kar\u0131p sadaka k\u00fclt\u00fcr\u00fcne d\u00f6n\u00fc\u015ft\u00fcren bir anlay\u0131\u015f\u0131n yans\u0131mas\u0131&#8221; oldu\u011funu s\u00f6yledi. Tablonun, sa\u011fl\u0131\u011fa, sosyal g\u00fcvenceye nas\u0131l bak\u0131ld\u0131\u011f\u0131n\u0131n g\u00f6stergesi oldu\u011funu belirten \u0130lhan, &#8220;Sa\u011fl\u0131k bir haksa, zaten kanser hastalar\u0131n\u0131n tedavilerine zorlanmadan ula\u015fabilmeleri gerekiyor. Son y\u0131llardaki sa\u011fl\u0131k politikalar\u0131n\u0131n sonucu olarak, kanser hastalar\u0131 ila\u00e7lar\u0131na ula\u015fam\u0131yor, hastalar\u0131m\u0131z ma\u011fdur hale geliyor&#8221; dedi.<\/p>\n<p><strong>&#8220;H\u00dcK\u00dcMET, HER \u015eEYE SADAKA K\u00dcLT\u00dcR\u00dcYLE BAKIYOR&#8221;<\/strong><br \/>Sa\u011fl\u0131k ve Sosyal Hizmet Emek\u00e7ileri Sendikas\u0131 (SES) Genel Ba\u015fkan\u0131 \u00c7etin Erdolu, olay\u0131n, temelde Sa\u011fl\u0131kta D\u00f6n\u00fc\u015f\u00fcm Program\u0131&#8217;n\u0131n (SDP), sa\u011fl\u0131k hizmeti almaya getirdi\u011fi mali y\u00fckle ilgili oldu\u011funu vurgulayarak, \u015f\u00f6yle konu\u015ftu:<\/p>\n<p>&#8220;SDP ile sa\u011fl\u0131k, al\u0131n\u0131p sat\u0131lan bir mal gibi ticarile\u015ftirilmi\u015ftir. \u0130nsanlara sa\u011fl\u0131k hizmetine eri\u015febilmek i\u00e7in bir\u00e7ok kalemde para \u00f6deme, Genel Sa\u011fl\u0131k Sigortas\u0131 (GSS) \u00f6deme zorunlulu\u011fu getirildi. Sa\u011fl\u0131k hizmetinin finansman\u0131 SGK&#8217;ya devredildi. SGK&#8217;ya, ila\u00e7lar\u0131n kapsam i\u00e7inde olup olmayaca\u011f\u0131n\u0131, hastal\u0131k tedavilerinin kapsam i\u00e7ine al\u0131n\u0131p al\u0131nmayaca\u011f\u0131n\u0131 d\u00fczenleme yetkisi verildi. SGK da, baz\u0131 ila\u00e7lar\u0131n kapsam d\u0131\u015f\u0131na \u00e7\u0131kar\u0131lmas\u0131 \u015feklinde bir d\u00fczenleme getirdi\u011fi i\u00e7in kanser ila\u00e7lar\u0131, ila\u00e7 politikalar\u0131 do\u011frultusunda birtak\u0131m ila\u00e7lar\u0131n ithalinde problemler ya\u015fanmaktad\u0131r. Kanser tedavisi g\u00f6renlerin ila\u00e7lar\u0131n\u0131 temin konusunda T\u00fcrk Eczac\u0131lar\u0131 Birli\u011fi (TEB) \u00e7aba harc\u0131yor olsa da, bu herkesin ilaca ula\u015fmas\u0131n\u0131 sa\u011flam\u0131yor. H\u00fck\u00fcmetin bir \u00fcyesinin olaya sadaka k\u00fclt\u00fcr\u00fc \u00e7er\u00e7evesinden bakmas\u0131, H\u00fck\u00fcmetin t\u00fcm sosyal olaylara bak\u0131\u015f a\u00e7\u0131s\u0131ndan farkl\u0131 de\u011fildir. H\u00fck\u00fcmet, her \u015feye sadaka k\u00fclt\u00fcr\u00fcyle bak\u0131yor ve bunu da sosyal devlet diye adland\u0131r\u0131yor.&#8221;<\/p>\n<p><strong>&#8220;SOSYAL DEVLET\u0130N ANLAMI HAR\u00c7LIK VE K\u00d6M\u00dcRE \u0130ND\u0130RGEND\u0130&#8221;<\/strong><br \/>T\u00fcrk Sa\u011fl\u0131k-Sen Genel Ba\u015fkan\u0131 \u00d6nder Kahveci de T\u00fcrkiye&#8217;de sosyal devletin anlam\u0131n\u0131n, &#8220;har\u00e7l\u0131k, makarna ve k\u00f6m\u00fcre&#8221; indirgendi\u011fini dile getirerek, \u015funlar\u0131 ifade etti:<\/p>\n<p>&#8220;Devletten yard\u0131m denilince bunlar akla gelir oldu. Oysaki insan\u0131m\u0131z sosyal devletten kendisine ila\u00e7 bulamad\u0131\u011f\u0131, tedavi olamad\u0131\u011f\u0131 zaman yard\u0131m etmesini istiyor. \u00dcniversite \u00f6\u011frencisi k\u0131z\u0131m\u0131z\u0131n da Edirne&#8217;deki feryad\u0131 s\u0131ras\u0131nda ya\u015fanan olaylarda t\u00fcm bunlar\u0131n bir kez daha ortaya \u00e7\u0131kt\u0131\u011f\u0131 bir olay olmu\u015ftur. Devleti y\u00f6netenlerden biri de bu modaya uymu\u015f ve yard\u0131m diyene har\u00e7l\u0131k vermeyi en b\u00fcy\u00fck yard\u0131m zannetmi\u015ftir. Bu tav\u0131r yak\u0131\u015fmam\u0131\u015ft\u0131r. Fakat ne yaz\u0131k ki, T\u00fcrkiye&#8217;de sosyal devlet bu anlay\u0131\u015ftan kurtar\u0131lmad\u0131\u011f\u0131 s\u00fcrece daha nice b\u00f6yle vakalar\u0131 ya\u015famaya devam ederiz.&#8221;<\/p>\n<p><strong>(anka-h\u00fcrriyet)<\/strong><\/p>\n<\/div>\n<p>\u00a0<\/p>\n","protected":false},"excerpt":{"rendered":"<p>Edirne&#8217;de d\u00fcn ila\u00e7lar\u0131n\u0131n temini i\u00e7in yard\u0131m istedi\u011fi \u00c7evre ve \u015eehircilik Bakan\u0131 Erdo\u011fan Bayraktar&#8217;\u0131n, cebine para koyup, &#8220;D\u00fc\u015f\u00fcrme&#8221; diye uyard\u0131\u011f\u0131 lenf&#46;&#46;&#46;<\/p>\n","protected":false},"author":1,"featured_media":0,"comment_status":"closed","ping_status":"closed","sticky":false,"template":"","format":"standard","meta":{"_jetpack_memberships_contains_paid_content":false,"footnotes":""},"categories":[62],"tags":[],"class_list":["post-3050","post","type-post","status-publish","format-standard","hentry","category-sagliktan-haberler"],"aioseo_notices":[],"jetpack_featured_media_url":"","jetpack_sharing_enabled":true,"jetpack-related-posts":[],"_links":{"self":[{"href":"http:\/\/www.ced.org.tr\/index.php?rest_route=\/wp\/v2\/posts\/3050","targetHints":{"allow":["GET"]}}],"collection":[{"href":"http:\/\/www.ced.org.tr\/index.php?rest_route=\/wp\/v2\/posts"}],"about":[{"href":"http:\/\/www.ced.org.tr\/index.php?rest_route=\/wp\/v2\/types\/post"}],"author":[{"embeddable":true,"href":"http:\/\/www.ced.org.tr\/index.php?rest_route=\/wp\/v2\/users\/1"}],"replies":[{"embeddable":true,"href":"http:\/\/www.ced.org.tr\/index.php?rest_route=%2Fwp%2Fv2%2Fcomments&post=3050"}],"version-history":[{"count":0,"href":"http:\/\/www.ced.org.tr\/index.php?rest_route=\/wp\/v2\/posts\/3050\/revisions"}],"wp:attachment":[{"href":"http:\/\/www.ced.org.tr\/index.php?rest_route=%2Fwp%2Fv2%2Fmedia&parent=3050"}],"wp:term":[{"taxonomy":"category","embeddable":true,"href":"http:\/\/www.ced.org.tr\/index.php?rest_route=%2Fwp%2Fv2%2Fcategories&post=3050"},{"taxonomy":"post_tag","embeddable":true,"href":"http:\/\/www.ced.org.tr\/index.php?rest_route=%2Fwp%2Fv2%2Ftags&post=3050"}],"curies":[{"name":"wp","href":"https:\/\/api.w.org\/{rel}","templated":true}]}}